{"id":389974,"date":"2025-09-14T10:02:17","date_gmt":"2025-09-14T10:02:17","guid":{"rendered":"https:\/\/www.europesays.com\/fr\/389974\/"},"modified":"2025-09-14T10:02:17","modified_gmt":"2025-09-14T10:02:17","slug":"mondial-de-volley-les-red-dragons-entament-leur-tournoi-par-un-succes-crucial-contre-lukraine","status":"publish","type":"post","link":"https:\/\/www.europesays.com\/fr\/389974\/","title":{"rendered":"Mondial de Volley : les Red Dragons entament leur tournoi par un succ\u00e8s crucial contre l&rsquo;Ukraine"},"content":{"rendered":"<p><strong>Sam Deroo<\/strong>, qui \u00e9tait bien pr\u00e9sent d\u00e8s le coup d&rsquo;envoi malgr\u00e9 quelques doutes quant \u00e0 sa forme, avait qualifi\u00e9 ce duel contre la 14e nation mondiale de \u00ab\u00a0match cl\u00e9\u00a0\u00bb.<\/p>\n<p>Les Dragons (FIVB 17) ont \u00e9t\u00e9 \u00e0 la hauteur du d\u00e9fi. Ils prennent une s\u00e9rieuse option sur la qualification, puisqu&rsquo;une victoire suppl\u00e9mentaire dans la phase de poules devrait en pratique valider une place en huiti\u00e8mes de finale.\u00a0<\/p>\n<p>L&rsquo;Italie, tenante du titre et 2e au classement FIVB, semble en effet intouchable, tandis que l&rsquo;Alg\u00e9rie (FIVB 88) est le Petit Poucet de la poule F.<\/p>\n<p>Lors de cette premi\u00e8re \u00e9dition \u00e0 32 \u00e9quipes, les deux premiers de chaque groupe passent en huiti\u00e8mes de finale o\u00f9 le groupe de la Belgique croisera avec le C, compos\u00e9 de la France (double championne olympique en titre), de l&rsquo;Argentine, de la Finlande et de la Cor\u00e9e du Sud.<\/p>\n<p>L&rsquo;affrontement avec la Squadra Azzurrra suivra mardi \u00e0 15h30. Tout devrait ensuite se jouer contre l&rsquo;Alg\u00e9rie, jeudi \u00e0 8h00.\u00a0<\/p>\n<p>Les Red Dragons esp\u00e8rent \u00ab\u00a0\u00e9galer la belle performance\u00a0\u00bb des Yellow Tigers, qui ont atteint les huiti\u00e8mes de finale et termin\u00e9 11es du Mondial f\u00e9minin, conclu dimanche pass\u00e9. Non qualifi\u00e9s pour la pr\u00e9c\u00e9dente \u00e9dition, en 2022, les Belges retrouvent le Mondial apr\u00e8s une absence de sept ans et une 10e place lors de l&rsquo;\u00e9dition 2018. La 8e place en 1970 reste le meilleur r\u00e9sultat belge.<\/p>\n","protected":false},"excerpt":{"rendered":"Sam Deroo, qui \u00e9tait bien pr\u00e9sent d\u00e8s le coup d&rsquo;envoi malgr\u00e9 quelques doutes quant \u00e0 sa forme, avait&hellip;\n","protected":false},"author":2,"featured_media":389975,"comment_status":"","ping_status":"","sticky":false,"template":"","format":"standard","meta":{"footnotes":""},"categories":[1590],"tags":[11,1777,674,12,220],"class_list":{"0":"post-389974","1":"post","2":"type-post","3":"status-publish","4":"format-standard","5":"has-post-thumbnail","7":"category-ukraine","8":"tag-actualites","9":"tag-eu","10":"tag-europe","11":"tag-news","12":"tag-ukraine"},"share_on_mastodon":{"url":"https:\/\/pubeurope.com\/@fr\/115202080433625863","error":""},"_links":{"self":[{"href":"https:\/\/www.europesays.com\/fr\/wp-json\/wp\/v2\/posts\/389974","targetHints":{"allow":["GET"]}}],"collection":[{"href":"https:\/\/www.europesays.com\/fr\/wp-json\/wp\/v2\/posts"}],"about":[{"href":"https:\/\/www.europesays.com\/fr\/wp-json\/wp\/v2\/types\/post"}],"author":[{"embeddable":true,"href":"https:\/\/www.europesays.com\/fr\/wp-json\/wp\/v2\/users\/2"}],"replies":[{"embeddable":true,"href":"https:\/\/www.europesays.com\/fr\/wp-json\/wp\/v2\/comments?post=389974"}],"version-history":[{"count":0,"href":"https:\/\/www.europesays.com\/fr\/wp-json\/wp\/v2\/posts\/389974\/revisions"}],"wp:featuredmedia":[{"embeddable":true,"href":"https:\/\/www.europesays.com\/fr\/wp-json\/wp\/v2\/media\/389975"}],"wp:attachment":[{"href":"https:\/\/www.europesays.com\/fr\/wp-json\/wp\/v2\/media?parent=389974"}],"wp:term":[{"taxonomy":"category","embeddable":true,"href":"https:\/\/www.europesays.com\/fr\/wp-json\/wp\/v2\/categories?post=389974"},{"taxonomy":"post_tag","embeddable":true,"href":"https:\/\/www.europesays.com\/fr\/wp-json\/wp\/v2\/tags?post=389974"}],"curies":[{"name":"wp","href":"https:\/\/api.w.org\/{rel}","templated":true}]}}