{"id":389978,"date":"2025-09-14T10:04:16","date_gmt":"2025-09-14T10:04:16","guid":{"rendered":"https:\/\/www.europesays.com\/fr\/389978\/"},"modified":"2025-09-14T10:04:16","modified_gmt":"2025-09-14T10:04:16","slug":"au-royaume-uni-lextreme-droite-reussit-une-mobilisation-historique-mediapart","status":"publish","type":"post","link":"https:\/\/www.europesays.com\/fr\/389978\/","title":{"rendered":"Au Royaume-Uni, l\u2019extr\u00eame droite r\u00e9ussit une mobilisation historique &#8211; Mediapart"},"content":{"rendered":"<ol>\n<li><a href=\"https:\/\/news.google.com\/rss\/articles\/CBMivgFBVV95cUxOdTRrZEl6NkNZWC1xREtncG5xM0VuVXFfOGNBYm1ZVlBTOUJIbHRNdVlheWtTTlhxMVFQcnhEaTlES3hrQnVILURuejA0MVB6U041UFIwQ2c3d2F5LUNmcTVjVWRhRm55UlJzNy1XV0lCSTVxbU5PbVB2RVdrNklIdmZNNzl5YkllSEl5SWRXWGtoajlxazNua1RtWjFwTTQ1dkNiWlF2bUN0Z1g0MXozOEN6SGdjZDUtdHMzdmhR?oc=5\" target=\"_blank\" rel=\"nofollow noopener\">Au Royaume-Uni, l\u2019extr\u00eame droite r\u00e9ussit une mobilisation historique<\/a>&nbsp;&nbsp;Mediapart<\/li>\n<li><a href=\"https:\/\/news.google.com\/rss\/articles\/CBMioAJBVV95cUxNWDNYdTBzQjJkTjZabGR6QkxCTUFndjF6NS1QX09UekRSNGdFajlONVY2WDU2WkFnWEdRcm1tSkNTeTRFekhYYS1yT3NKdmM3S1VhNVI4MTNoM0MxRlM4ZmpQSENIY1M5YW5aTnJabW5Rd2RoXzBVSnJYemljbC1ic2NIS1dYUEZ5cXJsdURPb1hDdUtkanF5d0F5VDVXQkNvaGRqMjY4V1lXek9PZVdTV21CRWRaRU9XaTVKbEZwWmlWbXVPeTRtUnRuWWxLSUo4b2JaUjVBREhnaHpHOTV4QWZVX1NRVGc1Y05YQ2NZX09oNVNsMlZoYnY5Y2c0U1F5QS1NZmxOWl9UaUZpd2tiNnQteTdzTkRwdlJodTN2djA?oc=5\" target=\"_blank\" rel=\"nofollow noopener\">A Londres, dans la manif d\u2019extr\u00eame droite : \u00abSi le gouvernement n\u2019\u00e9coute pas ce mouvement, on ne r\u00e9pondra plus de rien<\/a>&nbsp;&nbsp;Lib\u00e9ration<\/li>\n<li><a href=\"https:\/\/news.google.com\/rss\/articles\/CBMijwJBVV95cUxQZGRqOEY0UUV6V2s4STkybmZHVDQzX0lwbUNJX2pjdEt5MDV0aHJBXzFGckYwLXZLY3dVejB3c3dIcVRsUEFsZVJqWm4wcEN1QXQ5eGZoLThRUWdQUkt3NjVvbzhQUWRNS2lMRWxMcUlpX2QtYlV3c0t1VDhadXphN2poVDVyZGEtWGszR2RtalV0UnpRZVJwMnY0aU9aM2NkZDhOWnpoRUpxRWxtZjhwRDR6dVFqU2UwRVNOYl8tZ2pPZkQxWFo0VkxGVWJHeEJlNXE5UUdTWTZDZzh3Q2JhUktnWVE0QS12V0Q0UTFjc3k3OWo1VG5WRmpiOFA0Z2JHa1NVWXpnSWswb0Q4Vkxv?oc=5\" target=\"_blank\" rel=\"nofollow noopener\">Manifestation anti-immigration \u00e0 Londres: qui est Tommy Robinson, la figure d&rsquo;extr\u00eame droite \u00e0 l&rsquo;origine du rassemblement ?<\/a>&nbsp;&nbsp;BFMTV<\/li>\n<li><a href=\"https:\/\/news.google.com\/rss\/articles\/CBMiggJBVV95cUxObzl3N2lwS01UYkRJXzlKZ3o5Ry1tTDVPZ0hQMmFJQXk0SGV0a0hDVE9VdkJrbENYOHVKWUNyS3d5ZGlrdl9VX3N4SHVRTUk0V0tzaFNiZm5hUDNHTnFaNm9yYWtQdTh5YWlBN0V1YktfZnQ5b3hYM1YyRlEtcnZaaVhUU1FmVjRjbnE0NUJaRFJzZXhkU0M5OVI3aGI0WkpjTWZQRFd5d2czbmp1LVVrNXZETF9meVowQUxjb042RU1VUjZWRzFYSHBLWFM4ZmdwaURGcWVDeHE0NDNfeWV2RFM1VktDMUtGSnpWY0tYMHdBSURWclVTV1BVdWlkb1Y1ZkE?oc=5\" target=\"_blank\" rel=\"nofollow noopener\">\u00c0 Londres, la d\u00e9monstration de force de l\u2019extr\u00eame droite britannique s\u2019ach\u00e8ve sur des \u00ab violences inacceptables \u00bb<\/a>&nbsp;&nbsp;Le HuffPost<\/li>\n<li><a href=\"https:\/\/news.google.com\/rss\/articles\/CBMi6AFBVV95cUxOLUdYWGlMUC1OWnBNSXJwaWJXdzhFazdEcDZIeG5LU0xGUXpkZEgwQmF4OTB1Y0RncGNHVHJ0cmZVdHE1bHgzd1l6SGNaUnFkdjd0N1Vkd3JPdWFEQzJFYUo5M0RFd0dYOWFMVDZWdGk3V29POXNFMkpqZUdobE1NNDY0YzExbGxQQlUzMW9HcWJGdTM5Zm5FRF9sRkZzTV9UWTFTOE5nb3M0ZUxKV2VwQUNTcWhjbzVSa1lHcHJGMFVaLW4yajZrVnJDRDVRUzdmbF9FakNkUUNmNzdCaV9ITHd6ZlVKYXJs?oc=5\" target=\"_blank\" rel=\"nofollow noopener\">Manifestation g\u00e9ante de l\u2019extr\u00eame droite \u00e0 Londres : \u00c9ric Zemmour et Elon Musk s\u2019invitent au meeting<\/a>&nbsp;&nbsp;Le Point<\/li>\n<\/ol>\n","protected":false},"excerpt":{"rendered":"Au Royaume-Uni, l\u2019extr\u00eame droite r\u00e9ussit une mobilisation historique&nbsp;&nbsp;Mediapart A Londres, dans la manif d\u2019extr\u00eame droite : \u00abSi le&hellip;\n","protected":false},"author":2,"featured_media":389979,"comment_status":"","ping_status":"","sticky":false,"template":"","format":"standard","meta":{"footnotes":""},"categories":[1588],"tags":[11,1777,674,1076,12,473,1853,1851,1850,1852],"class_list":{"0":"post-389978","1":"post","2":"type-post","3":"status-publish","4":"format-standard","5":"has-post-thumbnail","7":"category-royaume-uni","8":"tag-actualites","9":"tag-eu","10":"tag-europe","11":"tag-extreme-droite","12":"tag-news","13":"tag-royaume-uni","14":"tag-royaume-uni-de-grande-bretagne-et-dirlande-du-nord","15":"tag-uk","16":"tag-united-kingdom","17":"tag-united-kingdom-of-great-britain-and-northern-ireland"},"share_on_mastodon":{"url":"https:\/\/pubeurope.com\/@fr\/115202088254208447","error":""},"_links":{"self":[{"href":"https:\/\/www.europesays.com\/fr\/wp-json\/wp\/v2\/posts\/389978","targetHints":{"allow":["GET"]}}],"collection":[{"href":"https:\/\/www.europesays.com\/fr\/wp-json\/wp\/v2\/posts"}],"about":[{"href":"https:\/\/www.europesays.com\/fr\/wp-json\/wp\/v2\/types\/post"}],"author":[{"embeddable":true,"href":"https:\/\/www.europesays.com\/fr\/wp-json\/wp\/v2\/users\/2"}],"replies":[{"embeddable":true,"href":"https:\/\/www.europesays.com\/fr\/wp-json\/wp\/v2\/comments?post=389978"}],"version-history":[{"count":0,"href":"https:\/\/www.europesays.com\/fr\/wp-json\/wp\/v2\/posts\/389978\/revisions"}],"wp:featuredmedia":[{"embeddable":true,"href":"https:\/\/www.europesays.com\/fr\/wp-json\/wp\/v2\/media\/389979"}],"wp:attachment":[{"href":"https:\/\/www.europesays.com\/fr\/wp-json\/wp\/v2\/media?parent=389978"}],"wp:term":[{"taxonomy":"category","embeddable":true,"href":"https:\/\/www.europesays.com\/fr\/wp-json\/wp\/v2\/categories?post=389978"},{"taxonomy":"post_tag","embeddable":true,"href":"https:\/\/www.europesays.com\/fr\/wp-json\/wp\/v2\/tags?post=389978"}],"curies":[{"name":"wp","href":"https:\/\/api.w.org\/{rel}","templated":true}]}}