{"id":389980,"date":"2025-09-14T10:05:26","date_gmt":"2025-09-14T10:05:26","guid":{"rendered":"https:\/\/www.europesays.com\/fr\/389980\/"},"modified":"2025-09-14T10:05:26","modified_gmt":"2025-09-14T10:05:26","slug":"lallemagne-sen-sort-face-a-la-finlande-et-se-hisse-en-finale","status":"publish","type":"post","link":"https:\/\/www.europesays.com\/fr\/389980\/","title":{"rendered":"l\u2019Allemagne s\u2019en sort face \u00e0 la Finlande et se hisse en finale"},"content":{"rendered":"<p>Les champions du monde allemands ont dispos\u00e9 de la Finlande ce vendredi, \u00e0 Riga, lors de la premi\u00e8re demi-finale de l\u2019Euro.<\/p>\n<p class=\"fig-paragraph\">L\u2019Allemagne au rendez-vous de la finale. Dans un Euro fait de nombreuses surprises, comme la sortie de piste pr\u00e9matur\u00e9e de\u00a0<a href=\"http:\/\/www.lefigaro.fr\/sports\/basket\/eurobasket-desillusion-pour-les-bleus-elimines-en-8es-de-finale-par-la-georgie-20250907\" data-fig-type=\"NewsFlash\" data-gtm-custom-categorie=\"navigation\" data-gtm-custom-action=\"crossclick\" data-gtm-custom-label=\"Contextuel\" data-gtm-event=\"customEventSPE\" data-fig-domain=\"LEFIGARO\" target=\"_blank\" rel=\"noopener\">la France (contre la G\u00e9orgie)<\/a>\u00a0et surtout de\u00a0<a href=\"http:\/\/www.lefigaro.fr\/sports\/basket\/eurobasket-la-finlande-s-offre-les-grands-favoris-serbes-des-les-huitiemes-de-finale-20250906\" data-fig-type=\"NewsFlash\" data-gtm-custom-categorie=\"navigation\" data-gtm-custom-action=\"crossclick\" data-gtm-custom-label=\"Contextuel\" data-gtm-event=\"customEventSPE\" data-fig-domain=\"LEFIGARO\" target=\"_blank\" rel=\"noopener\">la Serbie (\u00e9limin\u00e9e par la Finlande)<\/a>\u00a0en huiti\u00e8mes de finale, les champions du monde allemands ont tenu leur rang et \u00e9cart\u00e9 la Finlande (98-86) ce vendredi, lors de la premi\u00e8re demi-finale, \u00e0 Riga (Lettonie). Ils affronteront la Gr\u00e8ce de Giannis Antetokounmpo ou la Turquie d\u2019Alperen \u015eeng\u00fcn dimanche, pour le gain du titre continental. Ce sera la premi\u00e8re finale d\u2019un championnat d\u2019Europe depuis 2005 pour l\u2019Allemagne, en qu\u00eate de son deuxi\u00e8me titre europ\u00e9en, le premier depuis 1993. Les Finlandais, eux, disputaient leur premi\u00e8re demie dans un tournoi majeur. Ils auront \u00e0 c\u0153ur de d\u00e9crocher leur premi\u00e8re m\u00e9daille (en bronze) dimanche.<\/p>\n<p class=\"fig-paragraph\">Schr\u00f6der (26 pts, 12 pds), Franz Magner (22 pts) et leurs co\u00e9quipiers ont pris les r\u00eanes dans le premier quart-temps et ne les ont plus l\u00e2ch\u00e9es par la suite. Ils menaient 61-47 \u00e0 la pause et ont compt\u00e9 jusqu\u2019\u00e0 19 longtemps d\u2019avance dans cette partie. Moins adroits qu\u2019\u00e0 l\u2019accoutum\u00e9e \u00e0 longue distance (31%), Lauri Markkanen (16 pts, 8 rbs) et ses camarades sont revenus \u00e0 -6 dans le troisi\u00e8me quart-temps (77-71, puis 79-73), jamais plus pr\u00e8s. Et il n\u2019y avait plus l\u2019ombre d\u2019un doute dans les derni\u00e8res minutes de la partie (98-81, puis 98-86 score final). Rappelons que ces deux \u00e9quipes avaient d\u00e9j\u00e0 crois\u00e9 le fer \u00e0 l\u2019occasion du premier tour, \u00e0 Tampere, en Finlande, avec un carton de l\u2019Allemagne (91-61). Cette fois, il y a eu match. Mais l\u2019issue \u00e9tait la m\u00eame&#8230; 21 points d\u2019Olivier Nkamhoua, meilleur scoreur finlandais ce vendredi.<\/p>\n","protected":false},"excerpt":{"rendered":"Les champions du monde allemands ont dispos\u00e9 de la Finlande ce vendredi, \u00e0 Riga, lors de la premi\u00e8re&hellip;\n","protected":false},"author":2,"featured_media":389981,"comment_status":"","ping_status":"","sticky":false,"template":"","format":"standard","meta":{"footnotes":""},"categories":[1587],"tags":[11,672,1804,1805,1803,1777,34720,674,1801,12,1802],"class_list":{"0":"post-389980","1":"post","2":"type-post","3":"status-publish","4":"format-standard","5":"has-post-thumbnail","7":"category-allemagne","8":"tag-actualites","9":"tag-allemagne","10":"tag-bundesrepublik-deutschland","11":"tag-de","12":"tag-deutschland","13":"tag-eu","14":"tag-eurobasket","15":"tag-europe","16":"tag-germany","17":"tag-news","18":"tag-republique-federale-dallemagne"},"share_on_mastodon":{"url":"https:\/\/pubeurope.com\/@fr\/115202092137586151","error":""},"_links":{"self":[{"href":"https:\/\/www.europesays.com\/fr\/wp-json\/wp\/v2\/posts\/389980","targetHints":{"allow":["GET"]}}],"collection":[{"href":"https:\/\/www.europesays.com\/fr\/wp-json\/wp\/v2\/posts"}],"about":[{"href":"https:\/\/www.europesays.com\/fr\/wp-json\/wp\/v2\/types\/post"}],"author":[{"embeddable":true,"href":"https:\/\/www.europesays.com\/fr\/wp-json\/wp\/v2\/users\/2"}],"replies":[{"embeddable":true,"href":"https:\/\/www.europesays.com\/fr\/wp-json\/wp\/v2\/comments?post=389980"}],"version-history":[{"count":0,"href":"https:\/\/www.europesays.com\/fr\/wp-json\/wp\/v2\/posts\/389980\/revisions"}],"wp:featuredmedia":[{"embeddable":true,"href":"https:\/\/www.europesays.com\/fr\/wp-json\/wp\/v2\/media\/389981"}],"wp:attachment":[{"href":"https:\/\/www.europesays.com\/fr\/wp-json\/wp\/v2\/media?parent=389980"}],"wp:term":[{"taxonomy":"category","embeddable":true,"href":"https:\/\/www.europesays.com\/fr\/wp-json\/wp\/v2\/categories?post=389980"},{"taxonomy":"post_tag","embeddable":true,"href":"https:\/\/www.europesays.com\/fr\/wp-json\/wp\/v2\/tags?post=389980"}],"curies":[{"name":"wp","href":"https:\/\/api.w.org\/{rel}","templated":true}]}}