{"id":389984,"date":"2025-09-14T10:07:10","date_gmt":"2025-09-14T10:07:10","guid":{"rendered":"https:\/\/www.europesays.com\/fr\/389984\/"},"modified":"2025-09-14T10:07:10","modified_gmt":"2025-09-14T10:07:10","slug":"actualite-tsitsipas-revit-en-coupe-davis-jai-vraiment-eu-limpression-de-realiser-un-reve-denfant","status":"publish","type":"post","link":"https:\/\/www.europesays.com\/fr\/389984\/","title":{"rendered":"Actualit\u00e9 > Tsitsipas revit en Coupe Davis : \u00ab\u00a0J&rsquo;ai vraiment eu l&rsquo;impression de r\u00e9aliser un r\u00eave d&rsquo;enfant\u00a0\u00bb"},"content":{"rendered":"<p>La Gr\u00e8ce affronte le Br\u00e9sil dans le c\u00e9l\u00e8bre stade qui avait accueilli les jeux olym\u00adpiques. Comme l\u2019a expliqu\u00e9 Stefanos cette enceinte est mythique d\u2019au\u00adtant que le public a r\u00e9pondu pr\u00e9sent. Du coup, le Grec qui l\u2019a emport\u00e9 tr\u00e8s faci\u00adle\u00adment face \u00e0 Seyboth Wild (6\u22122, 6\u20131) a v\u00e9cu un moment unique dans sa carri\u00e8re comme il l\u2019a expliqu\u00e9 \u00e0 <strong><a href=\"https:\/\/www.tennis24.gr\/tsitsipas-san-to-oaka-den-echei-stigmes-pou-den-tha-ksechaso-pote\/\" data-wpel-link=\"external\" target=\"_blank\" rel=\"nofollow external noopener\">Tennis24.<\/a><\/strong><\/p>\n<p><strong>\u00ab\u202fIl n\u2019y a rien de compa\u00adrable \u00e0 l\u2019OAKA, c\u2019\u00e9tait un r\u00eave. Depuis tout petit, je r\u00eavais de jouer devant autant de monde. Pour moi, ce fut un moment magique, que j\u2019ai plei\u00adne\u00adment appr\u00e9ci\u00e9. Je me suis senti fier d\u2019\u00eatre Grec et cela m\u2019a rempli d\u2019\u00e9nergie. Lors de la tourn\u00e9e, je n\u2019ai pas l\u2019oc\u00adca\u00adsion de me rappro\u00adcher autant du public grec. C\u2019est tr\u00e8s diff\u00e9\u00adrent quand les gens vous soutiennent dans le stade \u00e0 leur mani\u00e8re, avec notre culture. C\u2019est un moment que je n\u2019ou\u00adblierai jamais\u202f\u00bb<\/strong><\/p>\n<p class=\"post-published-date\" style=\"color: silver; font-size: 75%; text-align: left;\">Publi\u00e9 le dimanche 14 septembre 2025 \u00e0 11:48<\/p>\n","protected":false},"excerpt":{"rendered":"La Gr\u00e8ce affronte le Br\u00e9sil dans le c\u00e9l\u00e8bre stade qui avait accueilli les jeux olym\u00adpiques. Comme l\u2019a expliqu\u00e9&hellip;\n","protected":false},"author":2,"featured_media":389985,"comment_status":"","ping_status":"","sticky":false,"template":"","format":"standard","meta":{"footnotes":""},"categories":[1586],"tags":[11,1777,674,1779,1011,27,12,25,5443,1778,364],"class_list":{"0":"post-389984","1":"post","2":"type-post","3":"status-publish","4":"format-standard","5":"has-post-thumbnail","7":"category-europe","8":"tag-actualites","9":"tag-eu","10":"tag-europe","11":"tag-european-union","12":"tag-fr","13":"tag-france","14":"tag-news","15":"tag-republique-francaise","16":"tag-tsitsipas","17":"tag-ue","18":"tag-union-europeenne"},"share_on_mastodon":{"url":"https:\/\/pubeurope.com\/@fr\/115202100053431818","error":""},"_links":{"self":[{"href":"https:\/\/www.europesays.com\/fr\/wp-json\/wp\/v2\/posts\/389984","targetHints":{"allow":["GET"]}}],"collection":[{"href":"https:\/\/www.europesays.com\/fr\/wp-json\/wp\/v2\/posts"}],"about":[{"href":"https:\/\/www.europesays.com\/fr\/wp-json\/wp\/v2\/types\/post"}],"author":[{"embeddable":true,"href":"https:\/\/www.europesays.com\/fr\/wp-json\/wp\/v2\/users\/2"}],"replies":[{"embeddable":true,"href":"https:\/\/www.europesays.com\/fr\/wp-json\/wp\/v2\/comments?post=389984"}],"version-history":[{"count":0,"href":"https:\/\/www.europesays.com\/fr\/wp-json\/wp\/v2\/posts\/389984\/revisions"}],"wp:featuredmedia":[{"embeddable":true,"href":"https:\/\/www.europesays.com\/fr\/wp-json\/wp\/v2\/media\/389985"}],"wp:attachment":[{"href":"https:\/\/www.europesays.com\/fr\/wp-json\/wp\/v2\/media?parent=389984"}],"wp:term":[{"taxonomy":"category","embeddable":true,"href":"https:\/\/www.europesays.com\/fr\/wp-json\/wp\/v2\/categories?post=389984"},{"taxonomy":"post_tag","embeddable":true,"href":"https:\/\/www.europesays.com\/fr\/wp-json\/wp\/v2\/tags?post=389984"}],"curies":[{"name":"wp","href":"https:\/\/api.w.org\/{rel}","templated":true}]}}