{"id":390007,"date":"2025-09-14T10:20:16","date_gmt":"2025-09-14T10:20:16","guid":{"rendered":"https:\/\/www.europesays.com\/fr\/390007\/"},"modified":"2025-09-14T10:20:16","modified_gmt":"2025-09-14T10:20:16","slug":"le-milliardaire-de-gauche-matthieu-pigasse-sur-france-2-entre-soi-de-bon-aloi","status":"publish","type":"post","link":"https:\/\/www.europesays.com\/fr\/390007\/","title":{"rendered":"Le milliardaire de gauche Matthieu Pigasse sur France 2 : entre-soi de bon aloi"},"content":{"rendered":"<p>Et \u00e7a continue sur France T\u00e9l\u00e9visions. R\u00e9guli\u00e8rement mis en cause pour son militantisme et <a href=\"https:\/\/www.bvoltaire.fr\/c-a-vous-tous-les-francais-payent-mais-la-droite-ny-est-pas-representee\/\" target=\"_blank\" rel=\"noopener\">son manque criant de pluralisme<\/a>, l\u2019audiovisuel public vient d\u2019\u00eatre pris une nouvelle fois la main dans le sac. La s\u00e9quence litigieuse s\u2019est d\u00e9roul\u00e9e jeudi 11 septembre, dans l\u2019\u00e9mission L\u2019\u00c9v\u00e9nement sur France 2, pr\u00e9sent\u00e9e par Caroline Roux. Cette derni\u00e8re y recevait notamment le milliardaire Matthieu Pigasse, en sa qualit\u00e9 de chef d\u2019entreprise. Un invit\u00e9 <a href=\"https:\/\/www.bvoltaire.fr\/medias-matthieu-pigasse-un-patron-de-presse-dont-lingerence-passe-creme\/comment-page-1\/\" target=\"_blank\" rel=\"noopener\">tr\u00e8s engag\u00e9 politiquement<\/a> que la journaliste a pr\u00e9sent\u00e9 \u00e0 ses t\u00e9l\u00e9spectateurs d\u2019une mani\u00e8re pour le moins partielle, pour ne pas dire partiale : \u00ab Vous \u00eates pr\u00e9sident du groupe de m\u00e9dias Combat. Vous \u00eates aussi banquier d&rsquo;affaires et \u00e0 ce titre vous avez conseill\u00e9 certains gouvernements pendant la crise financi\u00e8re, a-t-elle r\u00e9sum\u00e9, tr\u00e8s affable. Vous \u00eates assez rare \u00e0 la t\u00e9l\u00e9, vous prenez rarement la parole. Je vous remercie d\u2019\u00eatre l\u00e0 ! \u00bb<\/p>\n<p>Entre deux amabilit\u00e9s, la pr\u00e9sentatrice aurait peut-\u00eatre pu rappeler que M. Pigasse est un militant de gauche, <a href=\"https:\/\/www.lefigaro.fr\/flash-eco\/le-banquier-d-affaires-matthieu-pigasse-appelle-a-voter-nouveau-front-populaire-20240620\" target=\"_blank\" rel=\"noopener\">soutien d\u00e9clar\u00e9 du NFP en 2024<\/a>, qui a annonc\u00e9 en janvier 2025 vouloir mettre tous les m\u00e9dias qu\u2019il \u00ab contr\u00f4le \u00bb dans <a href=\"https:\/\/x.com\/LaurenceTrochu\/status\/1878778931412632047\" target=\"_blank\" rel=\"noopener\">\u00ab le combat contre la droite radicale \u00bb<\/a>. Il en va sans doute ainsi des \u00e9missions produites par sa soci\u00e9t\u00e9 Mediawan, parmi lesquelles figurent C \u00e0 vous, ou C dans l\u2019air, pr\u00e9sent\u00e9e par une certaine\u2026 Caroline Roux !<\/p>\n<blockquote class=\"twitter-tweet\" data-media-max-width=\"560\">\n<p dir=\"ltr\" lang=\"fr\">Pourquoi Caroline Roux a cach\u00e9 aux t\u00e9l\u00e9spectateurs que Mathieu Pigasse est 1 des principaux actionnaires de Mediawan ?<\/p>\n<p>Mediawan re\u00e7oit tous les ans 100M\u20ac du service public pour produire notamment \u00ab\u00a0C dans l\u2019Air\u00a0\u00bb pr\u00e9sent\u00e9 par\u2026 Caroline Roux <a href=\"https:\/\/t.co\/3K05Wl3Osa\">pic.twitter.com\/3K05Wl3Osa<\/a><\/p>\n<p>\u2014 Destination T\u00e9l\u00e9 (@DestinationTele) <a href=\"https:\/\/twitter.com\/DestinationTele\/status\/1966253626336358878?ref_src=twsrc%5Etfw\" target=\"_blank\" rel=\"noopener\">September 11, 2025<\/a><\/p>\n<\/blockquote>\n<p>Cette situation invraisemblable, dont l\u2019audiovisuel fran\u00e7ais a le secret, a \u00e9t\u00e9 vivement critiqu\u00e9e sur les r\u00e9seaux sociaux. \u00ab Le producteur s&rsquo;invite et bien s\u00fbr sa \u00ab\u00a0journaliste\u00a0\u00bb n&rsquo;en souffle mot \u00bb, s\u2019est insurg\u00e9 <a href=\"https:\/\/x.com\/Alea_\/status\/1966443990493888730\" target=\"_blank\" rel=\"noopener\">un internaute sur X<\/a>. \u00ab Elle interviewe son patron, quoi \u00bb, a r\u00e9sum\u00e9 un autre, tandis qu\u2019un troisi\u00e8me a d\u00e9nonc\u00e9 un possible <a href=\"https:\/\/x.com\/mch1309\/status\/1966425369545982402\" target=\"_blank\" rel=\"noopener\">\u00ab conflit d\u2019int\u00e9r\u00eat \u00bb<\/a>.<\/p>\n<p>Un militant tr\u00e8s volubile<\/p>\n<p>En plus de cette omission, Caroline Roux a port\u00e9 un jugement pour le moins discutable. Non, la parole de Matthieu Pigasse n\u2019est pas \u00ab rare \u00bb dans les m\u00e9dias. L\u2019homme s\u2019exprime tr\u00e8s r\u00e9guli\u00e8rement, via des tribunes ou des communiqu\u00e9s de presse, sans parler de son compte X. Au mois d\u2019ao\u00fbt dernier, il a ainsi pris la parole pour d\u00e9fendre la pr\u00e9sence \u00e0 son festival Rock en Seine d\u2019un groupe de musique <a href=\"https:\/\/www.francebleu.fr\/infos\/societe\/le-crif-demande-la-deprogrammation-du-groupe-kneecap-programme-a-rock-en-seine-accuse-de-soutien-au-hezbollah-9359218\" target=\"_blank\" rel=\"noopener\">accus\u00e9 de soutenir des terroristes islamistes<\/a>. Excusez du peu. Ces derniers jours encore, le milliardaire a sign\u00e9 <a href=\"https:\/\/x.com\/MPigasse\/status\/1961314987110199454\" target=\"_blank\" rel=\"noopener\">une tribune dans L\u2019Humanit\u00e9<\/a> et multipli\u00e9 les tweets hostiles \u00e0 <a href=\"https:\/\/x.com\/MPigasse\/status\/1966826423466787219\" target=\"_blank\" rel=\"noopener\">Bruno Retailleau<\/a> ou \u00e0 la politique d\u2019<a href=\"https:\/\/x.com\/MPigasse\/status\/1962398809683615802\" target=\"_blank\" rel=\"noopener\">\u00ab aust\u00e9rit\u00e9 \u00bb<\/a> qu\u2019aurait men\u00e9e le gouvernement Bayrou. Dans la famille des milliardaires, on peut trouver plus discrets.<\/p>\n<blockquote class=\"twitter-tweet\">\n<p dir=\"ltr\" lang=\"fr\">Monsieur <a href=\"https:\/\/twitter.com\/MPigasse?ref_src=twsrc%5Etfw\" target=\"_blank\" rel=\"noopener\">@MPigasse<\/a>,<\/p>\n<p>Hier, vous \u00eates all\u00e9 sur France 2 pour affirmer votre vision politique.<\/p>\n<p>Cette cha\u00eene a omis de pr\u00e9ciser que vous poss\u00e9diez des journaux, et produisiez m\u00eame des \u00e9missions pour le service public, qui est donc votre client.<\/p>\n<p>Puisque vous intervenez d\u00e9sormais\u2026 <a href=\"https:\/\/t.co\/X9yUfKmWEq\">pic.twitter.com\/X9yUfKmWEq<\/a><\/p>\n<p>\u2014 Marion Mar\u00e9chal (@MarionMarechal) <a href=\"https:\/\/twitter.com\/MarionMarechal\/status\/1966558246317031780?ref_src=twsrc%5Etfw\" target=\"_blank\" rel=\"noopener\">September 12, 2025<\/a><\/p>\n<\/blockquote>\n<p>Le quinquag\u00e9naire est d\u2019ailleurs tellement investi dans le d\u00e9bat public que Marion Mar\u00e9chal vient de lui proposer un d\u00e9bat t\u00e9l\u00e9vis\u00e9. \u00ab Nous pourrons discuter de toutes les contre-v\u00e9rit\u00e9s que vous jetez au visage des Fran\u00e7ais qui r\u00e9clament simplement d\u2019\u00eatre prot\u00e9g\u00e9s \u00bb, a-t-elle post\u00e9 sur X. Intr\u00e9pide, l\u2019eurod\u00e9put\u00e9e a m\u00eame accept\u00e9 que cet \u00e9change ait lieu dans C \u00e0 vous et soit anim\u00e9 par Patrick Cohen !<\/p>\n<p>Un service public en roue libre<\/p>\n<p>En attendant cet hypoth\u00e9tique d\u00e9bat, un militantisme d\u00e9brid\u00e9 continue de s\u00e9vir sur les antennes du service public. Pour mesurer le biais gauchisant de ce dernier, il suffit d\u2019observer le traitement m\u00e9diatique dont b\u00e9n\u00e9ficie Matthieu Pigasse et le comparer \u00e0 celui r\u00e9serv\u00e9 \u00e0 d\u2019autres entrepreneurs milliardaires. Prenez Vincent Bollor\u00e9, par exemple. France 3 et Franceinfo ne manquent jamais de pr\u00e9ciser qu\u2019il s\u2019agit d\u2019un <a href=\"https:\/\/france3-regions.franceinfo.fr\/paris-ile-de-france\/paris\/le-journal-le-pariseien-va-t-il-etre-rachete-par-le-groupe-bollore-une-catastrophe-pour-les-salaries-3215534.html\" target=\"_blank\" rel=\"noopener\">\u00ab conservateur \u00bb<\/a>. France 24 va encore plus loin : \u00e0 ses yeux, le Breton \u00ab tire les ficelles en coulisses \u00bb et met <a href=\"https:\/\/www.france24.com\/fr\/france\/20240702-comment-bollor%C3%A9-et-son-empire-m%C3%A9diatique-ont-port%C3%A9-l-extr%C3%AAme-droite-aux-portes-du-pouvoir\" target=\"_blank\" rel=\"noopener\">\u00ab son vaste empire m\u00e9diatique au service de l&rsquo;extr\u00eame droite \u00bb<\/a>. Pigasse a d\u00e9clar\u00e9 faire de m\u00eame pour le compte de la gauche, mais ce tirage de ficelles-ci ne m\u00e9rite pas d\u2019\u00eatre mentionn\u00e9, apparemment.<\/p>\n<p>M\u00eame topo pour Pierre-\u00c9douard St\u00e9rin, \u00e9tiquet\u00e9 <a href=\"https:\/\/www.franceinfo.fr\/politique\/front-national\/plan-pericles-ce-que-l-on-sait-du-projet-du-milliardaire-catholique-pierre-edouard-sterin-pour-promouvoir-des-valeurs-conservatrices-et-faire-gagner-la-droite-aux-elections_6677268.html\" target=\"_blank\" rel=\"noopener\">\u00ab fervent catholique et exil\u00e9 fiscal libertarien \u00bb<\/a> aux valeurs \u00ab politiques et religieuses conservatrices \u00bb, selon Franceinfo. Pour Public S\u00e9nat, il s\u2019agit lui aussi d\u2019un <a href=\"https:\/\/www.youtube.com\/watch?v=dmSufDDtPyU\" target=\"_blank\" rel=\"noopener\">\u00ab milliardaire au service de l&rsquo;extr\u00eame-droite \u00bb<\/a>. La m\u00eame cha\u00eene se montre en revanche bien mieux dispos\u00e9e envers M. Pigasse qu\u2019elle qualifiait en 2022 de \u00ab banquier rockeur \u00bb et dont elle soulignait le <a href=\"https:\/\/www.publicsenat.fr\/actualites\/non-classe\/cession-des-parts-du-monde-je-n-ai-pas-touche-de-plus-value-assure-matthieu\" target=\"_blank\" rel=\"noopener\">\u00ab philanthropisme \u00bb<\/a>\u2026<\/p>\n<p>\u00a0<\/p>\n<blockquote class=\"twitter-tweet\" data-media-max-width=\"560\">\n<p dir=\"ltr\" lang=\"fr\">ENQU\u00caTE <a href=\"https:\/\/twitter.com\/hashtag\/JT20h?src=hash&amp;ref_src=twsrc%5Etfw\" target=\"_blank\" rel=\"noopener\">#JT20h<\/a> : qui est vraiment Pierre-Edouard St\u00e9rin et d&rsquo;o\u00f9 lui vient sa fortune ?<\/p>\n<p>Milliardaire assez m\u00e9connu mais tr\u00e8s influent \u00e0 droite, son projet \u00ab\u00a0P\u00e9ricl\u00e8s\u00a0\u00bb vise \u00e0 s&rsquo;opposer au wokisme ou \u00e0 l&rsquo;islamisme et \u00e0 faire gagner le RN aux municipales. <a href=\"https:\/\/t.co\/BvPxpHL4rC\">pic.twitter.com\/BvPxpHL4rC<\/a><\/p>\n<p>\u2014 Le20h-France T\u00e9l\u00e9visions (@le20hfrancetele) <a href=\"https:\/\/twitter.com\/le20hfrancetele\/status\/1924910498199289916?ref_src=twsrc%5Etfw\" target=\"_blank\" rel=\"noopener\">May 20, 2025<\/a><\/p>\n<\/blockquote>\n<p>Jusqu\u2019\u00e0 quand devra-t-on financer une telle propagande \u00e0 peine d\u00e9guis\u00e9e ? \u00c0 quel moment l\u2019Arcom se d\u00e9cidera-t-elle enfin \u00e0 s\u00e9vir ? Mais, apparemment, les sanctions semblent r\u00e9serv\u00e9es \u00e0 certaines cha\u00eenes priv\u00e9es. \u00c0 d\u00e9faut de renverser la table et mettre en place un audiovisuel public r\u00e9ellement pluraliste, il ne restera bient\u00f4t plus qu\u2019une seule solution : la privatisation.<\/p>\n<p>                    <a href=\"#\" rel=\"nofollow\" onclick=\"window.print(); pfTrackEvent('Le milliardaire de gauche Matthieu Pigasse sur France 2 : entre-soi de bon aloi'); return false;\" title=\"Printer Friendly, PDF &amp; Email\"><br \/>\n                    <img decoding=\"async\" src=\"https:\/\/www.europesays.com\/fr\/wp-content\/uploads\/2025\/04\/printfriendly-icon-sm.png\" alt=\"Print Friendly, PDF &amp; Email\" class=\"pf-button-img\" style=\"width: 17px;height: 17px;\"\/>Imprimer, enregistrer en PDF cet article<br \/>\n                    <\/a><br \/>\n                <script async src=\"https:\/\/platform.twitter.com\/widgets.js\" charset=\"utf-8\"><\/script><\/p>\n","protected":false},"excerpt":{"rendered":"Et \u00e7a continue sur France T\u00e9l\u00e9visions. R\u00e9guli\u00e8rement mis en cause pour son militantisme et son manque criant de&hellip;\n","protected":false},"author":2,"featured_media":390008,"comment_status":"","ping_status":"","sticky":false,"template":"","format":"standard","meta":{"footnotes":""},"categories":[1359],"tags":[58,59,1011,27,52231,973],"class_list":{"0":"post-390007","1":"post","2":"type-post","3":"status-publish","4":"format-standard","5":"has-post-thumbnail","7":"category-people","8":"tag-divertissement","9":"tag-entertainment","10":"tag-fr","11":"tag-france","12":"tag-matthieu-pigasse","13":"tag-people"},"share_on_mastodon":{"url":"https:\/\/pubeurope.com\/@fr\/115202151653060554","error":""},"_links":{"self":[{"href":"https:\/\/www.europesays.com\/fr\/wp-json\/wp\/v2\/posts\/390007","targetHints":{"allow":["GET"]}}],"collection":[{"href":"https:\/\/www.europesays.com\/fr\/wp-json\/wp\/v2\/posts"}],"about":[{"href":"https:\/\/www.europesays.com\/fr\/wp-json\/wp\/v2\/types\/post"}],"author":[{"embeddable":true,"href":"https:\/\/www.europesays.com\/fr\/wp-json\/wp\/v2\/users\/2"}],"replies":[{"embeddable":true,"href":"https:\/\/www.europesays.com\/fr\/wp-json\/wp\/v2\/comments?post=390007"}],"version-history":[{"count":0,"href":"https:\/\/www.europesays.com\/fr\/wp-json\/wp\/v2\/posts\/390007\/revisions"}],"wp:featuredmedia":[{"embeddable":true,"href":"https:\/\/www.europesays.com\/fr\/wp-json\/wp\/v2\/media\/390008"}],"wp:attachment":[{"href":"https:\/\/www.europesays.com\/fr\/wp-json\/wp\/v2\/media?parent=390007"}],"wp:term":[{"taxonomy":"category","embeddable":true,"href":"https:\/\/www.europesays.com\/fr\/wp-json\/wp\/v2\/categories?post=390007"},{"taxonomy":"post_tag","embeddable":true,"href":"https:\/\/www.europesays.com\/fr\/wp-json\/wp\/v2\/tags?post=390007"}],"curies":[{"name":"wp","href":"https:\/\/api.w.org\/{rel}","templated":true}]}}