{"id":390068,"date":"2025-09-14T10:57:09","date_gmt":"2025-09-14T10:57:09","guid":{"rendered":"https:\/\/www.europesays.com\/fr\/390068\/"},"modified":"2025-09-14T10:57:09","modified_gmt":"2025-09-14T10:57:09","slug":"un-incendie-se-declare-sur-des-voies-pres-de-bordeaux-le-trafic-des-trains-paralyse","status":"publish","type":"post","link":"https:\/\/www.europesays.com\/fr\/390068\/","title":{"rendered":"un incendie se d\u00e9clare sur des voies pr\u00e8s de Bordeaux, le trafic des trains paralys\u00e9"},"content":{"rendered":"<p>            Par<br \/>\n        <strong><br \/>\n            <a href=\"https:\/\/actu.fr\/auteur\/redaction-bordeaux\" title=\"Consulter tous les articles de R\u00e9daction Bordeaux\" target=\"_blank\" rel=\"noopener\">R\u00e9daction Bordeaux<\/a><br \/>\n        <\/strong><\/p>\n<p>        Publi\u00e9 le<\/p>\n<p>            14 sept. 2025 \u00e0 12h21        <\/p>\n<p>Ce dimanche 14 septembre 2025, vers 8h30, <strong>un incendie<\/strong> s\u2019est d\u00e9clar\u00e9 aux abords des voies de la gare de triage de Bordeaux-Hourcade, <a href=\"https:\/\/actu.fr\/nouvelle-aquitaine\/villenave-d-ornon_33550\" target=\"_blank\" rel=\"noopener\">\u00e0 Villenave-d\u2019Ornon.<\/a><\/p>\n<p class=\" wall-content\">La circulation des trains a \u00e9t\u00e9 coup\u00e9e entre Bordeaux <a href=\"https:\/\/actu.fr\/nouvelle-aquitaine\/langon_33227\" target=\"_blank\" rel=\"noopener\">et Langon,<\/a> elle est ensuite perturb\u00e9e entre jusqu\u2019\u00e0 Agen. La <a href=\"https:\/\/actu.fr\/tag\/sncf\" target=\"_blank\" rel=\"noopener\">SNCF<\/a> estime la <strong>fin de la perturbation<\/strong> vers 16h.<\/p>\n<p>Plusieurs heures de retard<\/p>\n<p class=\" wall-content\">Ce dimanche midi, plusieurs trains ont \u00e9t\u00e9 annul\u00e9s, des Intercit\u00e9s entre Marseille et Bordeaux ont pour terminus Toulouse et un TGV entre Toulouse et Paris affiche <strong>5 heures de retard.\u00a0<\/strong><\/p>\n<p class=\" wall-content\">\u00ab\u00a0Nous invitons les clients \u00e0 v\u00e9rifier les conditions de circulation de leur train sur SNCF Connect, le site TER ou leur application de mobilit\u00e9 avant de se rendre en gare ou \u00e0 <strong>reporter leur voyage<\/strong> s\u2019ils le peuvent\u00a0\u00bb, pr\u00e9cise la SNCF sur le <a href=\"https:\/\/www.ter.sncf.com\/nouvelle-aquitaine\" target=\"_blank\" rel=\"noopener\">site de TER Nouvelle-Aquitiane.<\/a><\/p>\n<p class=\" wall-content\">Personnalisez votre actualit\u00e9 en ajoutant vos villes et m\u00e9dias en favori avec <a href=\"https:\/\/moncompte.actu.fr\" title=\"D\u00e9couvez Mon Actu\" rel=\"nofollow noopener\" data-trk=\"{&quot;cta&quot;:{&quot;action&quot;:&quot;https:\\\/\\\/moncompte.actu.fr&quot;,&quot;category&quot;:&quot;mon compte&quot;,&quot;from&quot;:&quot;article footer&quot;,&quot;name&quot;:&quot;Mon actu&quot;,&quot;type&quot;:&quot;cta&quot;}}\" target=\"_blank\">Mon Actu<\/a>.<\/p>\n","protected":false},"excerpt":{"rendered":"Par R\u00e9daction Bordeaux Publi\u00e9 le 14 sept. 2025 \u00e0 12h21 Ce dimanche 14 septembre 2025, vers 8h30, un&hellip;\n","protected":false},"author":2,"featured_media":390069,"comment_status":"","ping_status":"","sticky":false,"template":"","format":"standard","meta":{"footnotes":""},"categories":[2817],"tags":[1111,11,1997,1777,674,118,1011,27,1310,12,2219,25,2215],"class_list":{"0":"post-390068","1":"post","2":"type-post","3":"status-publish","4":"format-standard","5":"has-post-thumbnail","7":"category-bordeaux","8":"tag-actu","9":"tag-actualites","10":"tag-bordeaux","11":"tag-eu","12":"tag-europe","13":"tag-faits-divers","14":"tag-fr","15":"tag-france","16":"tag-incendie","17":"tag-news","18":"tag-nouvelle-aquitaine","19":"tag-republique-francaise","20":"tag-sncf"},"share_on_mastodon":{"url":"https:\/\/pubeurope.com\/@fr\/115202296585411819","error":""},"_links":{"self":[{"href":"https:\/\/www.europesays.com\/fr\/wp-json\/wp\/v2\/posts\/390068","targetHints":{"allow":["GET"]}}],"collection":[{"href":"https:\/\/www.europesays.com\/fr\/wp-json\/wp\/v2\/posts"}],"about":[{"href":"https:\/\/www.europesays.com\/fr\/wp-json\/wp\/v2\/types\/post"}],"author":[{"embeddable":true,"href":"https:\/\/www.europesays.com\/fr\/wp-json\/wp\/v2\/users\/2"}],"replies":[{"embeddable":true,"href":"https:\/\/www.europesays.com\/fr\/wp-json\/wp\/v2\/comments?post=390068"}],"version-history":[{"count":0,"href":"https:\/\/www.europesays.com\/fr\/wp-json\/wp\/v2\/posts\/390068\/revisions"}],"wp:featuredmedia":[{"embeddable":true,"href":"https:\/\/www.europesays.com\/fr\/wp-json\/wp\/v2\/media\/390069"}],"wp:attachment":[{"href":"https:\/\/www.europesays.com\/fr\/wp-json\/wp\/v2\/media?parent=390068"}],"wp:term":[{"taxonomy":"category","embeddable":true,"href":"https:\/\/www.europesays.com\/fr\/wp-json\/wp\/v2\/categories?post=390068"},{"taxonomy":"post_tag","embeddable":true,"href":"https:\/\/www.europesays.com\/fr\/wp-json\/wp\/v2\/tags?post=390068"}],"curies":[{"name":"wp","href":"https:\/\/api.w.org\/{rel}","templated":true}]}}