{"id":390121,"date":"2025-09-14T11:29:11","date_gmt":"2025-09-14T11:29:11","guid":{"rendered":"https:\/\/www.europesays.com\/fr\/390121\/"},"modified":"2025-09-14T11:29:11","modified_gmt":"2025-09-14T11:29:11","slug":"vietti-simpose-devant-baltus","status":"publish","type":"post","link":"https:\/\/www.europesays.com\/fr\/390121\/","title":{"rendered":"Vietti s&rsquo;impose devant Baltus"},"content":{"rendered":"<p>&#13;<\/p>\n<p><strong>Celestino Vietti s\u2019est impos\u00e9 sur ses terres devant Barry Baltus, auteur d\u2019une remont\u00e9e ph\u00e9nom\u00e9nale.\u00a0<\/strong><\/p>\n<p>En t\u00eate au premier virage, Celestino Vietti n\u2019a plus l\u00e2ch\u00e9 les commandes de la course jusqu\u2019au passage sous le drapeau \u00e0 damier pour devenir le 10e vainqueur diff\u00e9rent de l\u2019ann\u00e9e.\u00a0<\/p>\n<p>Malgr\u00e9 ses efforts, Dani Holgado, longtemps deuxi\u00e8me, n\u2019a rien pu faire pour r\u00e9sister \u00e0 la remont\u00e9e de Barry Baltus. Parti de la quatri\u00e8me position sur la grille, le Belge a perdu deux positions apr\u00e8s le d\u00e9part pour se retrouver derri\u00e8re Senna Agius.\u00a0<\/p>\n<p>Une fois d\u00e9fait de l\u2019Australien, Baltus a imprim\u00e9 son rythme et a doubl\u00e9 un \u00e0 un ses adversaires pour terminer \u00e0 la deuxi\u00e8me place \u00e0 sept dixi\u00e8mes seulement du vainqueur\u00a0: \u00ab\u2009Je suis super content de retrouver le Parc Ferm\u00e9 (&#8230;), a-t-il d\u00e9clar\u00e9 \u00e0 l\u2019arriv\u00e9e. C\u2019est le Grand Prix \u00e0 domicile de l\u2019\u00e9quipe et elle le m\u00e9rite ce podium. J\u2019ai perdu du temps au d\u00e9but de la course en me battant avec les autres, mais j\u2019ai pu remonter. Je suis content de prendre ces 20 points avant les \u00e9preuves outre-mer. Je voudrais d\u00e9dicacer ce podium \u00e0 quelqu\u2019un&#8230; c\u2019est l\u2019anniversaire de mon p\u00e8re dans 10 jours. Celui-l\u00e0 est pour toi papa, on se voit au Japon\u2009!\u2009\u00bb<\/p>\n<p>Holgado vient donc compl\u00e9ter le podium juste devant Diogo Moreira et Agius. Manuel Gonzalez h\u00e9rite lui de la sixi\u00e8me position.\u00a0<\/p>\n<p><strong>Classement <\/strong><\/p>\n<p><img decoding=\"async\" src=\"https:\/\/www.europesays.com\/fr\/wp-content\/uploads\/2025\/09\/Capture-d---e--cran-2025-09-14-a---13.04.32.png\" class=\"kg-image\" alt=\"\" loading=\"lazy\" width=\"792\" height=\"1468\"  \/>&#13;<br \/>\n           &#13;<br \/>\n&#13;<br \/>\n    &#13;<br \/>\n    &#13;<\/p>\n","protected":false},"excerpt":{"rendered":"&#13; Celestino Vietti s\u2019est impos\u00e9 sur ses terres devant Barry Baltus, auteur d\u2019une remont\u00e9e ph\u00e9nom\u00e9nale.\u00a0 En t\u00eate au&hellip;\n","protected":false},"author":2,"featured_media":390122,"comment_status":"","ping_status":"","sticky":false,"template":"","format":"standard","meta":{"footnotes":""},"categories":[1413],"tags":[1011,27,1457,1456,60],"class_list":{"0":"post-390121","1":"post","2":"type-post","3":"status-publish","4":"format-standard","5":"has-post-thumbnail","7":"category-moto","8":"tag-fr","9":"tag-france","10":"tag-moto","11":"tag-motocycle","12":"tag-sports"},"share_on_mastodon":{"url":"https:\/\/pubeurope.com\/@fr\/115202422680270934","error":""},"_links":{"self":[{"href":"https:\/\/www.europesays.com\/fr\/wp-json\/wp\/v2\/posts\/390121","targetHints":{"allow":["GET"]}}],"collection":[{"href":"https:\/\/www.europesays.com\/fr\/wp-json\/wp\/v2\/posts"}],"about":[{"href":"https:\/\/www.europesays.com\/fr\/wp-json\/wp\/v2\/types\/post"}],"author":[{"embeddable":true,"href":"https:\/\/www.europesays.com\/fr\/wp-json\/wp\/v2\/users\/2"}],"replies":[{"embeddable":true,"href":"https:\/\/www.europesays.com\/fr\/wp-json\/wp\/v2\/comments?post=390121"}],"version-history":[{"count":0,"href":"https:\/\/www.europesays.com\/fr\/wp-json\/wp\/v2\/posts\/390121\/revisions"}],"wp:featuredmedia":[{"embeddable":true,"href":"https:\/\/www.europesays.com\/fr\/wp-json\/wp\/v2\/media\/390122"}],"wp:attachment":[{"href":"https:\/\/www.europesays.com\/fr\/wp-json\/wp\/v2\/media?parent=390121"}],"wp:term":[{"taxonomy":"category","embeddable":true,"href":"https:\/\/www.europesays.com\/fr\/wp-json\/wp\/v2\/categories?post=390121"},{"taxonomy":"post_tag","embeddable":true,"href":"https:\/\/www.europesays.com\/fr\/wp-json\/wp\/v2\/tags?post=390121"}],"curies":[{"name":"wp","href":"https:\/\/api.w.org\/{rel}","templated":true}]}}