{"id":390154,"date":"2025-09-14T11:46:16","date_gmt":"2025-09-14T11:46:16","guid":{"rendered":"https:\/\/www.europesays.com\/fr\/390154\/"},"modified":"2025-09-14T11:46:16","modified_gmt":"2025-09-14T11:46:16","slug":"les-aides-versees-aux-entreprises-cest-un-hold-up-liberation","status":"publish","type":"post","link":"https:\/\/www.europesays.com\/fr\/390154\/","title":{"rendered":"\u00abLes aides vers\u00e9es aux entreprises, c\u2019est un hold-up\u00bb \u2013 Lib\u00e9ration"},"content":{"rendered":"<p class=\"sc-cPiKLX AiZTS text-element\">Dans leur livre enqu\u00eate paru le 11 septembre aux \u00e9ditions Allary, deux jours apr\u00e8s la <a href=\"https:\/\/www.liberation.fr\/politique\/en-direct-chute-du-gouvernement-francois-bayrou-attendu-a-lelysee-ce-mardi-matin-pour-remettre-sa-demission-20250909_5FM6EINBSBAVNCCULKSBHIVLDU\/\" target=\"_blank\" rel=\"noopener\" title=\"https:\/\/www.liberation.fr\/politique\/en-direct-chute-du-gouvernement-francois-bayrou-attendu-a-lelysee-ce-mardi-matin-pour-remettre-sa-demission-20250909_5FM6EINBSBAVNCCULKSBHIVLDU\/\">chute du gouvernement Bayrou<\/a>, Caroline Michel-Aguirre et Matthieu Aron, journalistes au Nouvel Obs, comptabilisent 270 milliards d\u2019<a href=\"https:\/\/www.liberation.fr\/economie\/aides-aux-entreprises-une-mine-deconomies-inexploitee-20231120_CJTUIRWVRZCU5O3C3ZVNNPAVNM\/\" target=\"_blank\" rel=\"noopener\" title=\"https:\/\/www.liberation.fr\/economie\/aides-aux-entreprises-une-mine-deconomies-inexploitee-20231120_CJTUIRWVRZCU5O3C3ZVNNPAVNM\/\">aide aux entreprises<\/a> vers\u00e9es chaque ann\u00e9e. C\u2019est 60 milliards de plus que les estimations de la <a href=\"https:\/\/www.senat.fr\/rap\/r24-808-1\/r24-808-1-syn.pdf\" target=\"_blank\" rel=\"noreferrer noopener\" title=\"https:\/\/www.senat.fr\/rap\/r24-808-1\/r24-808-1-syn.pdf\">commission d\u2019enqu\u00eate du S\u00e9nat<\/a> rendue publique en juillet. Les auteurs de l\u2019enqu\u00eate d\u00e9cryptent pour Lib\u00e9ration le financement de ces aides difficiles \u00e0 compiler et la cons\u00e9quence de leur emballement sur la <a href=\"https:\/\/www.liberation.fr\/economie\/44-milliards-deuros-deffort-pour-reduire-la-dette-bayrou-p &lt;div style=\" clear:=\"\" both=\"\" target=\"_blank\" rel=\"noopener\"><\/p>\n","protected":false},"excerpt":{"rendered":"Dans leur livre enqu\u00eate paru le 11 septembre aux \u00e9ditions Allary, deux jours apr\u00e8s la chute du gouvernement&hellip;\n","protected":false},"author":2,"featured_media":390155,"comment_status":"","ping_status":"","sticky":false,"template":"","format":"standard","meta":{"footnotes":""},"categories":[2],"tags":[11,7993,1073,1011,27,342,12],"class_list":{"0":"post-390154","1":"post","2":"type-post","3":"status-publish","4":"format-standard","5":"has-post-thumbnail","7":"category-actualites","8":"tag-actualites","9":"tag-dette-publique","10":"tag-emmanuel-macron","11":"tag-fr","12":"tag-france","13":"tag-impots","14":"tag-news"},"share_on_mastodon":{"url":"https:\/\/pubeurope.com\/@fr\/115202489428477566","error":""},"_links":{"self":[{"href":"https:\/\/www.europesays.com\/fr\/wp-json\/wp\/v2\/posts\/390154","targetHints":{"allow":["GET"]}}],"collection":[{"href":"https:\/\/www.europesays.com\/fr\/wp-json\/wp\/v2\/posts"}],"about":[{"href":"https:\/\/www.europesays.com\/fr\/wp-json\/wp\/v2\/types\/post"}],"author":[{"embeddable":true,"href":"https:\/\/www.europesays.com\/fr\/wp-json\/wp\/v2\/users\/2"}],"replies":[{"embeddable":true,"href":"https:\/\/www.europesays.com\/fr\/wp-json\/wp\/v2\/comments?post=390154"}],"version-history":[{"count":0,"href":"https:\/\/www.europesays.com\/fr\/wp-json\/wp\/v2\/posts\/390154\/revisions"}],"wp:featuredmedia":[{"embeddable":true,"href":"https:\/\/www.europesays.com\/fr\/wp-json\/wp\/v2\/media\/390155"}],"wp:attachment":[{"href":"https:\/\/www.europesays.com\/fr\/wp-json\/wp\/v2\/media?parent=390154"}],"wp:term":[{"taxonomy":"category","embeddable":true,"href":"https:\/\/www.europesays.com\/fr\/wp-json\/wp\/v2\/categories?post=390154"},{"taxonomy":"post_tag","embeddable":true,"href":"https:\/\/www.europesays.com\/fr\/wp-json\/wp\/v2\/tags?post=390154"}],"curies":[{"name":"wp","href":"https:\/\/api.w.org\/{rel}","templated":true}]}}