{"id":390172,"date":"2025-09-14T11:58:14","date_gmt":"2025-09-14T11:58:14","guid":{"rendered":"https:\/\/www.europesays.com\/fr\/390172\/"},"modified":"2025-09-14T11:58:14","modified_gmt":"2025-09-14T11:58:14","slug":"apres-le-clash-lheureux-ruffin-ladjoint-margot-belair-verts-jette-leponge","status":"publish","type":"post","link":"https:\/\/www.europesays.com\/fr\/390172\/","title":{"rendered":"APR\u00c8S LE CLASH LHEUREUX\/RUFFIN, L&rsquo;ADJOINT MARGOT BELAIR (Verts) JETTE L&rsquo;\u00c9PONGE"},"content":{"rendered":"<p>Posted On 14 septembre 2025 <\/p>\n<p style=\"text-align: justify;\">La poutre continue de travailler chez les Rouges\/Verts sortants, o\u00f9 nous ne sommes pas au bout des rebondissements. Apr\u00e8s le clash public entre Lucille Lheureux et Laurence Ruffin, la troisi\u00e8me cheffe de file des Verts pour les municipales, Margot Belair, jette l&rsquo;\u00e9ponge.<\/p>\n<p>BELAIR N&rsquo;EST PLUS CANDIDATE<\/p>\n<p style=\"text-align: justify;\"><a href=\"https:\/\/grenoble-le-changement.fr\/2025\/09\/12\/les-informes-du-soir-44\/\" target=\"_blank\" rel=\"noopener\">L&rsquo;information avait \u00e9t\u00e9 r\u00e9v\u00e9l\u00e9e par nos soins<\/a>, avant que l&rsquo;actuelle adjointe \u00e0 l&rsquo;urbanisme n&rsquo;accorde un entretien \u00e0 Eve Moulinier (<a target=\"_blank\" href=\"https:\/\/c.ledauphine.com\/elections\/2025\/09\/12\/isere-grenoble-municipales-l-ecologiste-margot-belair-jette-l-eponge?at_content=link&amp;at_term=LeDauphineLibereGrenoble&amp;at_campaign=Facebook&amp;at_medium=Social&amp;at_source=nonli\" rel=\"noopener\">Dauphin\u00e9 Lib\u00e9r\u00e9<\/a>). Elle y confirme sa d\u00e9cision de se retirer du processus de d\u00e9signation qui doit aboutir \u00e0 la d\u00e9signation d&rsquo;une t\u00eate de liste Verts\/PCF pour les \u00e9lections le 21 septembre prochain. Pas tellement une surprise tant la bataille s&rsquo;est finalement cristallis\u00e9e entre la chouchoute de Piolle Laurence Ruffin, et l&rsquo;adjointe depuis 2014 Lucille Lheureux.<\/p>\n<p><a href=\"https:\/\/grenoble-le-changement.fr\/wp-content\/uploads\/2025\/08\/Capture-de\u0301cran-2025-07-18-a\u0300-12.06.04-1.webp\" target=\"_blank\" rel=\"noopener\"><img loading=\"lazy\" decoding=\"async\" class=\" wp-image-83941 jetpack-lazy-image\" src=\"https:\/\/grenoble-le-changement.fr\/wp-content\/uploads\/2025\/08\/Capture-de\u0301cran-2025-07-18-a\u0300-12.06.04-1-300x195.webp\" alt=\"\" width=\"545\" height=\"354\" data-lazy-src=\"https:\/\/www.europesays.com\/fr\/wp-content\/uploads\/2025\/09\/Capture-de\u0301cran-2025-07-18-a\u0300-12.06.04-1-300x195.webp\" \/><\/a>En juillet, le quatuor de chefs de file posait ensemble tout sourire pour <a target=\"_blank\" href=\"https:\/\/www.placegrenet.fr\/\" rel=\"noopener\">Place Gre&rsquo;net<\/a> &#8230;<br \/>\nUN \u00ab\u00a0TRAVAIL SUR LE FOND\u00a0\u00bb.. POUR NE SORTIR QU&rsquo;UN RECYCLAGE DE PROMESSES<\/p>\n<p style=\"text-align: justify;\">\u00c0 Eve Moulinier, Margot Belair assure qu&rsquo;avant d&rsquo;abandonne elle a \u00ab\u00a0vraiment envisag\u00e9 d\u2019\u00eatre candidate \u00e0 la t\u00eate de liste pour \u00eatre maire de Grenoble\u00a0\u00bb. Elle ajoute : \u00ab\u00a0j\u2019ai d\u2019ailleurs travaill\u00e9 sur le fond, rencontr\u00e9 des maires d\u2019autres communes\u00a0\u00bb. Quel dommage : on aurait aim\u00e9 voir le r\u00e9sultat de ce travail de fond, car jusqu&rsquo;ici la seule proposition de l&rsquo;ex candidate a consist\u00e9 \u00e0 <a href=\"https:\/\/grenoble-le-changement.fr\/2025\/09\/12\/les-verts-recyclent-leurs-promesses-non-tenues-a-lapproche-des-municipales\/\" target=\"_blank\" rel=\"noopener\">ressortir des cartons la vieille promesse de gratuit\u00e9 des transports le week-end<\/a> d\u00e9j\u00e0 annonc\u00e9e en 2020 et non tenue.\u00a0<\/p>\n<p>LHEUREUX OU RUFFIN ? BELAIR NE CHOISIT PAS<\/p>\n<p style=\"text-align: justify;\">Mais Margot Belair entend bien rester \u00e9lue apr\u00e8s les \u00e9lections en mars. On ne sort pas si facilement de la vie d&rsquo;apparatchik, elle qui milite chez les Verts depuis tr\u00e8s jeune, a \u00e9t\u00e9 \u00e9lue adjointe sans exp\u00e9rience sur des <a href=\"https:\/\/grenoble-le-changement.fr\/2025\/03\/29\/lurbanisme-et-la-sante-la-municipalite-garantit-2040\/\" target=\"_blank\" rel=\"noopener\">sujets aussi techniques que l&rsquo;urbanisme<\/a> d\u00e8s la vingtaine, et m\u00eame dans sa vie personnelle est en concubinage avec un \u00e9lu vert au d\u00e9partement, <a href=\"https:\/\/grenoble-le-changement.fr\/2025\/03\/13\/j-cucarollo-verts-lfi-perd-son-proces-contre-glc\/\" target=\"_blank\" rel=\"noopener\">J\u00e9r\u00f4me Cucarollo<\/a>. Aussi elle ne choisit pas entre Lucille Lheureux et Laurence Ruffin et vante les m\u00eames qualit\u00e9s aux deux, pour m\u00e9nager la future candidate quelle qu&rsquo;elle soit.<\/p>\n<p>LE FAIT DE PR\u00c9SENTER UNE FEMME VAUT PROGRAMME&#8230;<\/p>\n<p style=\"text-align: justify;\">Parce que \u00e7a ne mange pas de pain et permet d&rsquo;en rajouter toujours sans choisir, elle ajoute qu&rsquo;elle souhaite \u00ab\u00a0porter \u00e0 la t\u00eate de Grenoble la premi\u00e8re femme maire\u00a0\u00bb. On imagine que c&rsquo;est une autre illustration de son \u00ab\u00a0travail de fond\u00a0\u00bb : le sexe de la candidate comme qualit\u00e9 et comme proposition. Au diable les comp\u00e9tences, la connaissance de la ville, les propositions pour r\u00e9pondre aux <a href=\"https:\/\/grenoble-le-changement.fr\/2025\/09\/05\/agression-du-boulanger-la-municipalite-a-nouveau-responsable\/\" target=\"_blank\" rel=\"noopener\">enjeux de la vie quotidienne<\/a> des Grenoblois. Les Verts ne savent parler que d&rsquo;eux-m\u00eames.<\/p>\n<p><a href=\"https:\/\/grenoble-le-changement.fr\/wp-content\/uploads\/2025\/09\/piolle-ruffin.jpg\" rel=\"lightbox[84653] noopener\" target=\"_blank\"><img loading=\"lazy\" decoding=\"async\" class=\" wp-image-84661 jetpack-lazy-image\" src=\"https:\/\/grenoble-le-changement.fr\/wp-content\/uploads\/2025\/09\/piolle-ruffin-189x300.jpg\" alt=\"\" width=\"385\" height=\"611\" data-lazy-src=\"https:\/\/www.europesays.com\/fr\/wp-content\/uploads\/2025\/09\/piolle-ruffin-189x300.jpg\" \/><\/a>Eric Piolle et Laurence Ruffin d\u00e9filant ensemble, hilares, pour la manifestation du 10 septembre&#8230;<br \/>\n&#8230; APR\u00c8S LES PRATIQUES PATRIARCALES ET SEXISTES DE PIOLLE\u00a0<\/p>\n<p style=\"text-align: justify;\">Alors que Margot Belair parle aussi de \u00ab\u00a0lutter avec force contre le patriarcat qui est particuli\u00e8rement tenace en politique\u00a0\u00bb, Eve Moulinier ne s&rsquo;y trompe pas et \u00e9voque le cas de Lucille Lheureux, sa coll\u00e8gue cheffe de file Verte qui a pris la parole publiquement pour d\u00e9noncer les pratiques \u00ab\u00a0patriarcales, sexistes\u00a0\u00bb d&rsquo;Eric Piolle qui a vers\u00e9 dans la \u00ab\u00a0pression\u00a0\u00bb et \u00ab\u00a0l&rsquo;intimidation\u00a0\u00bb \u00e0 son encontre parce qu&rsquo;<a href=\"https:\/\/grenoble-le-changement.fr\/2025\/09\/06\/la-candidature-de-laurence-ruffin-empechee-par-lucille-lheureux-et-les-verts\/\" target=\"_blank\" rel=\"noopener\">il fait tout pour que Laurence Ruffin soit d\u00e9sign\u00e9e candidate<\/a>.\u00a0<\/p>\n<p>MARGOT BELAIR D\u00c9NONCE LES PRESSIONS DE PIOLLE<\/p>\n<p style=\"text-align: justify;\">Belair nie avoir subi des pressions de son c\u00f4t\u00e9 et ne veut probablement pas tout dire, obnubil\u00e9e par l&rsquo;id\u00e9e de conserver une place aux prochains \u00e9lections municipales, mais elle met tout de m\u00eame une balle \u00e0 Piolle en l\u00e2chant : \u00ab\u00a0moi, je crois Lucille. Et je d\u00e9nonce les pressions qu\u2019elle a subies\u00a0\u00bb.<\/p>\n<p><a href=\"https:\/\/grenoble-le-changement.fr\/wp-content\/uploads\/2025\/09\/lheureux-manif-10sept.jpg\" rel=\"lightbox[84653] noopener\" target=\"_blank\"><img loading=\"lazy\" decoding=\"async\" class=\" wp-image-84660 jetpack-lazy-image\" src=\"https:\/\/grenoble-le-changement.fr\/wp-content\/uploads\/2025\/09\/lheureux-manif-10sept-300x287.jpg\" alt=\"\" width=\"517\" height=\"495\" data-lazy-src=\"https:\/\/www.europesays.com\/fr\/wp-content\/uploads\/2025\/09\/lheureux-manif-10sept-300x287.jpg\" \/><\/a>Toujours le 10 septembre, Lucille Lheureux d\u00e9file elle toute seule, mise au ban du syst\u00e8me Piolle<\/p>\n<p style=\"text-align: justify;\">Comment ne pas la croire vu le pedigree du personnage avec les femmes : seule femme directrice de SEM vir\u00e9e par ses soins, \u00ab\u00a0violence \u00e9loquente\u00a0\u00bb de licenciements au sein de son cabinet notamment vis-\u00e0-vis d&rsquo;une femme enceinte, <a href=\"https:\/\/grenoble-le-changement.fr\/2025\/03\/16\/les-verts-ne-veulent-plus-deric-piolle\/\" target=\"_blank\" rel=\"noopener\">propos aux relents sexistes rapport\u00e9s<\/a> \u00e0 l&rsquo;encontre de la patronne des Verts Marine Tondelier..<\/p>\n<p>LES COMMUNISTES L\u00c2CHENT LHEUREUX&#8230;<\/p>\n<p style=\"text-align: justify;\">Eve Moulinier r\u00e9v\u00e8le au passage l&rsquo;existence d&rsquo;un mail du Parti Communiste, envoy\u00e9 \u00e0 ses adh\u00e9rents, pour expliquer que la section grenobloise penche en faveur de Laurence Ruffin. Pas franchement une surprise : l&rsquo;ADES et le PCF roulent <a href=\"https:\/\/grenoble-le-changement.fr\/2024\/11\/23\/laurence-ruffin-verts-lfi-petits-mensonges-et-gros-sabots\/\" target=\"_blank\" rel=\"noopener\">depuis plusieurs mois pour Ruffin<\/a>. D\u00e9j\u00e0 avant sa d\u00e9signation comme candidate \u00e0 la candidature, les deux groupuscules avaient lanc\u00e9 l&rsquo;organisation de r\u00e9unions pour pr\u00e9parer le terrain \u00e0 la candidate de Piolle en la mettant en avant.<\/p>\n<p>&#8230; ET L\u00c2CHENT LEUR CAMARADE LHEUREUX<\/p>\n<p style=\"text-align: justify;\">Mais ce mail confirme aussi que Nicolas B\u00e9ron-Perez, officiellement <a href=\"https:\/\/grenoble-le-changement.fr\/2025\/07\/19\/la-liste-piolle-ruffin-cest-comme-si-on-avait-deja-gagne-%ef%bf%bc\/\" target=\"_blank\" rel=\"noopener\">d\u00e9sign\u00e9 chef de file pour les municipales aux c\u00f4t\u00e9s des 3 vertes<\/a> (plus que 2 d\u00e9sormais), n&rsquo;\u00e9tait qu&rsquo;un \u00e9cran de fum\u00e9e,\u00a0 un faux candidat \u00e0 la candidature. Lui et la 1\u00e8re adjointe Isabelle Peters, \u00e9galement PCF, infligent un camouflet cruel \u00e0 Lucille Lheureux, qu&rsquo;ils abandonnent en rase campagne en alors qu&rsquo;ils ont pourtant si\u00e9g\u00e9 \u00e0 ses c\u00f4t\u00e9s toutes ces ann\u00e9es.<\/p>\n<p>LE PCF AUSSI ESTIME QU&rsquo;IL FAUT SE D\u00c9TACHER DE PIOLLE<\/p>\n<p style=\"text-align: justify;\">La raison de cette pr\u00e9f\u00e9rence pour Ruffin ? \u00ab\u00a0Lucille Lheureux est membre du parti Les \u00c9cologistes. Laurence Ruffin n\u2019est adh\u00e9rente d\u2019aucun parti. Lucille Lheureux est l\u2019une des adjointes du maire sortant, \u00c9ric Piolle. Laurence Ruffin ne fait pas partie de l\u2019\u00e9quipe sortante. [\u2026] La candidature de Laurence Ruffin est celle qui pr\u00e9sente le plus d\u2019atouts pour que Grenoble reste \u00e0 gauche\u00a0\u00bb.<\/p>\n<p style=\"text-align: justify;\"><a href=\"https:\/\/grenoble-le-changement.fr\/2025\/08\/13\/piolle-ruffin-la-majorite-municipale-explose-avant-les-municipales\/\" target=\"_blank\" rel=\"noopener\">Apr\u00e8s LFI<\/a>, le PCF, \u00e9galement composante de cette majorit\u00e9, assume donc dans des propos \u00e0 peine voil\u00e9s que le fait de faire partie des Verts et d&rsquo;avoir \u00e9t\u00e9 \u00e9lu avec Piolle est un handicap consid\u00e9rable pour leur liste ! Mais qui donc dans cet attelage assume clairement ce qu&rsquo;ils ont fait pendant 12 ans ?<\/p>\n<p>RUFFIN SERA CAPITAINE D&rsquo;UN RADEAU DE LA M\u00c9DUSE<\/p>\n<p style=\"text-align: justify;\">Dimanche prochain, la candidate d\u00e9connect\u00e9e Laurence Ruffin devrait \u00eatre d\u00e9sign\u00e9e candidate des Verts\/PCF. Elle se retrouvera \u00e0 la t\u00eate de Verts divis\u00e9s entre eux, rong\u00e9s par le ressentiment, us\u00e9s par 12 ans de mandat, affaiblis par leur bilan et concurrenc\u00e9s par La France Insoumise qui n&rsquo;a pas de mots assez durs \u00e0 leur encontre. On lui souhaite bien du courage \u00e0 la t\u00eate de ce radeau de la m\u00e9duse.<\/p>\n<p style=\"text-align: justify;\">Pendant qu&rsquo;Alain Carignon et \u00ab\u00a0R\u00e9concilier Grenoble\u00a0\u00bb <a href=\"https:\/\/grenoble-le-changement.fr\/2025\/08\/23\/municipales-les-verts-lfi-eclates-alain-carignon-prend-le-large\/\" target=\"_blank\" rel=\"noopener\">sont eux sur le terrain \u00e0 la rencontre des Grenoblois chaque jour de plus en plus nombreux \u00e0 les rejoindre<\/a>, avant le lancement officiel de la campagne avec le coup d&rsquo;envoi du changement ce vendredi 19 septembre \u00e0 18h30 \u00e0 la \u00ab\u00a0Factory du changement\u00a0\u00bb (26 Avenue Alsace-Lorraine).<\/p>\n<p><a href=\"https:\/\/grenoble-le-changement.fr\/wp-content\/uploads\/2025\/09\/coup-denvoi-changement-scaled.jpg\" rel=\"lightbox[84653] noopener\" target=\"_blank\"><img loading=\"lazy\" decoding=\"async\" class=\"wp-image-84667 aligncenter jetpack-lazy-image\" src=\"https:\/\/grenoble-le-changement.fr\/wp-content\/uploads\/2025\/09\/coup-denvoi-changement-300x132.jpg\" alt=\"\" width=\"777\" height=\"342\" data-lazy-src=\"https:\/\/www.europesays.com\/fr\/wp-content\/uploads\/2025\/09\/coup-denvoi-changement-300x132.jpg\" \/><\/a><\/p>\n","protected":false},"excerpt":{"rendered":"Posted On 14 septembre 2025 La poutre continue de travailler chez les Rouges\/Verts sortants, o\u00f9 nous ne sommes&hellip;\n","protected":false},"author":2,"featured_media":390173,"comment_status":"","ping_status":"","sticky":false,"template":"","format":"standard","meta":{"footnotes":""},"categories":[9566],"tags":[1111,11,2430,9607,1777,674,10608,1011,27,2731,15883,34393,10136,10612,10613,12,24294,25],"class_list":{"0":"post-390172","1":"post","2":"type-post","3":"status-publish","4":"format-standard","5":"has-post-thumbnail","7":"category-grenoble","8":"tag-actu","9":"tag-actualites","10":"tag-auvergne-rhone-alpes","11":"tag-eric-piolle","12":"tag-eu","13":"tag-europe","14":"tag-eve-moulinier","15":"tag-fr","16":"tag-france","17":"tag-grenoble","18":"tag-isabelle-peters","19":"tag-jerome-cucarollo","20":"tag-laurence-ruffin","21":"tag-lucille-lheureux","22":"tag-margot-belair","23":"tag-news","24":"tag-nicolas-beron-perez","25":"tag-republique-francaise"},"share_on_mastodon":{"url":"https:\/\/pubeurope.com\/@fr\/115202537953990733","error":""},"_links":{"self":[{"href":"https:\/\/www.europesays.com\/fr\/wp-json\/wp\/v2\/posts\/390172","targetHints":{"allow":["GET"]}}],"collection":[{"href":"https:\/\/www.europesays.com\/fr\/wp-json\/wp\/v2\/posts"}],"about":[{"href":"https:\/\/www.europesays.com\/fr\/wp-json\/wp\/v2\/types\/post"}],"author":[{"embeddable":true,"href":"https:\/\/www.europesays.com\/fr\/wp-json\/wp\/v2\/users\/2"}],"replies":[{"embeddable":true,"href":"https:\/\/www.europesays.com\/fr\/wp-json\/wp\/v2\/comments?post=390172"}],"version-history":[{"count":0,"href":"https:\/\/www.europesays.com\/fr\/wp-json\/wp\/v2\/posts\/390172\/revisions"}],"wp:featuredmedia":[{"embeddable":true,"href":"https:\/\/www.europesays.com\/fr\/wp-json\/wp\/v2\/media\/390173"}],"wp:attachment":[{"href":"https:\/\/www.europesays.com\/fr\/wp-json\/wp\/v2\/media?parent=390172"}],"wp:term":[{"taxonomy":"category","embeddable":true,"href":"https:\/\/www.europesays.com\/fr\/wp-json\/wp\/v2\/categories?post=390172"},{"taxonomy":"post_tag","embeddable":true,"href":"https:\/\/www.europesays.com\/fr\/wp-json\/wp\/v2\/tags?post=390172"}],"curies":[{"name":"wp","href":"https:\/\/api.w.org\/{rel}","templated":true}]}}