{"id":390201,"date":"2025-09-14T12:15:15","date_gmt":"2025-09-14T12:15:15","guid":{"rendered":"https:\/\/www.europesays.com\/fr\/390201\/"},"modified":"2025-09-14T12:15:15","modified_gmt":"2025-09-14T12:15:15","slug":"malgre-la-pluie-le-slappy-challenge-continue","status":"publish","type":"post","link":"https:\/\/www.europesays.com\/fr\/390201\/","title":{"rendered":"malgr\u00e9 la pluie,\u00a0le\u00a0Slappy Challenge continue !"},"content":{"rendered":"<p>C\u2019est reparti pour un tour\u00a0! Depuis 2016, le Slappy Challenge rassemble des skateboarders de toute la plan\u00e8te, \u00e0 Lyon, dans une formule hybride entre une session amicale et une comp\u00e9tition, ouverte \u00e0 toutes et tous. Au fil des ann\u00e9es, cet \u00e9v\u00e8nement organis\u00e9 par les pionniers du skate, J\u00e9r\u00e9mie Daclin et Beno\u00eet Gonsolin, est devenu un incontournable. Et \u00e7a continue ce dimanche !<\/p>\n","protected":false},"excerpt":{"rendered":"C\u2019est reparti pour un tour\u00a0! Depuis 2016, le Slappy Challenge rassemble des skateboarders de toute la plan\u00e8te, \u00e0&hellip;\n","protected":false},"author":2,"featured_media":390202,"comment_status":"","ping_status":"","sticky":false,"template":"","format":"standard","meta":{"footnotes":""},"categories":[1889],"tags":[1111,11,2430,2757,1777,674,107,1011,27,5325,2798,2428,12354,12353,12,25,2429,517],"class_list":{"0":"post-390201","1":"post","2":"type-post","3":"status-publish","4":"format-standard","5":"has-post-thumbnail","7":"category-lyon","8":"tag-actu","9":"tag-actualites","10":"tag-auvergne-rhone-alpes","11":"tag-edition-lyon-villeurbanne","12":"tag-eu","13":"tag-europe","14":"tag-fil-info","15":"tag-fr","16":"tag-france","17":"tag-galerie-media","18":"tag-galerie-photo","19":"tag-lyon","20":"tag-lyon-2e","21":"tag-lyon-2e-arrondissement","22":"tag-news","23":"tag-republique-francaise","24":"tag-rhone","25":"tag-sport"},"share_on_mastodon":{"url":"https:\/\/pubeurope.com\/@fr\/115202603392734131","error":""},"_links":{"self":[{"href":"https:\/\/www.europesays.com\/fr\/wp-json\/wp\/v2\/posts\/390201","targetHints":{"allow":["GET"]}}],"collection":[{"href":"https:\/\/www.europesays.com\/fr\/wp-json\/wp\/v2\/posts"}],"about":[{"href":"https:\/\/www.europesays.com\/fr\/wp-json\/wp\/v2\/types\/post"}],"author":[{"embeddable":true,"href":"https:\/\/www.europesays.com\/fr\/wp-json\/wp\/v2\/users\/2"}],"replies":[{"embeddable":true,"href":"https:\/\/www.europesays.com\/fr\/wp-json\/wp\/v2\/comments?post=390201"}],"version-history":[{"count":0,"href":"https:\/\/www.europesays.com\/fr\/wp-json\/wp\/v2\/posts\/390201\/revisions"}],"wp:featuredmedia":[{"embeddable":true,"href":"https:\/\/www.europesays.com\/fr\/wp-json\/wp\/v2\/media\/390202"}],"wp:attachment":[{"href":"https:\/\/www.europesays.com\/fr\/wp-json\/wp\/v2\/media?parent=390201"}],"wp:term":[{"taxonomy":"category","embeddable":true,"href":"https:\/\/www.europesays.com\/fr\/wp-json\/wp\/v2\/categories?post=390201"},{"taxonomy":"post_tag","embeddable":true,"href":"https:\/\/www.europesays.com\/fr\/wp-json\/wp\/v2\/tags?post=390201"}],"curies":[{"name":"wp","href":"https:\/\/api.w.org\/{rel}","templated":true}]}}