{"id":390207,"date":"2025-09-14T12:20:17","date_gmt":"2025-09-14T12:20:17","guid":{"rendered":"https:\/\/www.europesays.com\/fr\/390207\/"},"modified":"2025-09-14T12:20:17","modified_gmt":"2025-09-14T12:20:17","slug":"air-austral-un-vol-mayotte-paris-deroute-vers-larabie-saoudite","status":"publish","type":"post","link":"https:\/\/www.europesays.com\/fr\/390207\/","title":{"rendered":"Air Austral\u00a0: un vol Mayotte-Paris d\u00e9rout\u00e9 vers l\u2019Arabie Saoudite"},"content":{"rendered":"<p>Suite \u00e0 un probl\u00e8me technique, le vol UU973 du 13 septembre 2025 reliant Mayotte \u00e0 Paris a \u00e9t\u00e9 contraint de d\u00e9router vers l\u2019a\u00e9roport de Djeddah en Arabie Saoudite.<\/p>\n<p>\t\t\t\t\t\tLe communiqu\u00e9 d\u2019Air Austral\u00a0:\u00a0<\/p>\n<p style=\"text-align: justify;\">Les \u00e9quipes techniques d\u2019Air Austral s\u2019attellent actuellement \u00e0 la remise en ligne la plus rapide de l\u2019appareil, avec le soutien de leur repr\u00e9sentant sur place de la compagnie a\u00e9rienne Saudia. Dans l\u2019intervalle, la compagnie fait actuellement son maximum pour que les passagers puissent regagner au plus t\u00f4t l\u2019a\u00e9roport de Paris CDG, toutes les \u00e9quipes sont mobilis\u00e9es et recherchent actuellement toutes les solutions possibles.<\/p>\n<p style=\"text-align: justify;\">Sur place, Air Austral a fait appel \u00e0 un correspondant qui coordonne actuellement les op\u00e9rations avec les autorit\u00e9s locales. Les passagers sont actuellement en zone de transit et pris en charge par la compagnie. Un repas leur a d\u2019ores et d\u00e9j\u00e0 \u00e9t\u00e9 servi. Un agent francophone reste \u00e0 leur c\u00f4t\u00e9 pour les tenir inform\u00e9s de la situation et r\u00e9pondre \u00e0 leurs questions.<\/p>\n<p style=\"text-align: justify;\">Air Austral regrette la g\u00eane occasionn\u00e9e et souhaite pr\u00e9senter ses excuses \u00e0 l\u2019ensemble des passagers pour les d\u00e9sagr\u00e9ments caus\u00e9s. La compagnie rappelle que la s\u00e9curit\u00e9 et la s\u00fbret\u00e9 de ses passagers est la priorit\u00e9 absolue.\u00a0<\/p>\n<p>La compagnie a d\u00e9cid\u00e9 de d\u00e9clencher un de ses Boeing 777-300ER au d\u00e9part de Paris, pour aller r\u00e9cup\u00e9rer l\u2019ensemble des passagers se trouvant actuellement sur place \u00e0 Djeddah<\/p>\n<p>Les passagers sont d\u00e8s \u00e0 pr\u00e9sent pr\u00e9vus sur le vol UU9973 Djeddah-Paris CDG, d\u00e9collage pr\u00e9vu de Djeddah \u00e0 17h45 pour une arriv\u00e9e \u00e0 Paris CDG \u00e0 22h00 heure locale.<\/p>\n<p>Ajustement du programme des vols\u00a0<\/p>\n<p style=\"text-align: justify;\">En cons\u00e9quence, quelques ajustements sont \u00e0 pr\u00e9voir sur le reste du programme des vols de la compagnie\u00a0:<\/p>\n<p style=\"text-align: justify;\">&#8211;\u00a0Le vol Paris CDG- Dzaoudzi pr\u00e9vu ce dimanche 14 septembre 2025, qui devait \u00eatre op\u00e9r\u00e9 au moyen de son Boeing 787-8 actuellement immobilis\u00e9, est report\u00e9 au lundi 15 septembre 2025. D\u00e9collage pr\u00e9vu de Paris CDG \u00e0 07h15 heure locale pour une arriv\u00e9e \u00e0 Mayotte \u00e0 18h15 heure locale.<\/p>\n<p style=\"text-align: justify;\">&#8211;\u00a0Le vol UU273 Mayotte-R\u00e9union pr\u00e9vu le lundi 15 septembre 2025 \u00e0 09h10 heure locale est retard\u00e9. D\u00e9collage pr\u00e9vu de Mayotte \u00e0 17h55 heure locale<\/p>\n<p>\u00a0<\/p>\n<p style=\"text-align: justify;\">\u00a0<\/p>\n<blockquote class=\"twitter-tweet\">\n<p dir=\"ltr\" lang=\"fr\">\ud83d\udd34 Un Boeing 787-8 d\u2019Air Austral, immatricul\u00e9 F-ORLB s\u2019est d\u00e9rout\u00e9 cette nuit \u00e0 Jeddah en Arabie Saoudite apr\u00e8s avoir d\u00e9clar\u00e9 une urgence.<\/p>\n<p>Pour rappel, cet avion a \u00e9t\u00e9 immobilis\u00e9 presque un an \u00e0 Teruel.<\/p>\n<p>\u27a1\ufe0f Le Boeing a \u00e9t\u00e9 remis en service il y a seulement deux jours. <a href=\"https:\/\/t.co\/I5FcqDnyoA\" class=\"spip_out\" rel=\"external\">pic.twitter.com\/I5FcqDnyoA<\/a><\/p>\n<p>\u2014 air plus news (@airplusnews) <a href=\"https:\/\/twitter.com\/airplusnews\/status\/1967120853667397721?ref_src=twsrc%5Etfw\" class=\"spip_out\" rel=\"external noopener\" target=\"_blank\">September 14, 2025<\/a><\/p>\n<\/blockquote>\n<p>                    <script async src=\"https:\/\/platform.twitter.com\/widgets.js\" charset=\"utf-8\"><\/script><\/p>\n","protected":false},"excerpt":{"rendered":"Suite \u00e0 un probl\u00e8me technique, le vol UU973 du 13 septembre 2025 reliant Mayotte \u00e0 Paris a \u00e9t\u00e9&hellip;\n","protected":false},"author":2,"featured_media":390208,"comment_status":"","ping_status":"","sticky":false,"template":"","format":"standard","meta":{"footnotes":""},"categories":[1888],"tags":[1111,1928,47,11,1927,1777,674,1011,27,6335,1922,6336,12,1926,7224,626,1925,25,104],"class_list":{"0":"post-390207","1":"post","2":"type-post","3":"status-publish","4":"format-standard","5":"has-post-thumbnail","7":"category-paris","8":"tag-actu","9":"tag-actu-paris","10":"tag-actualite","11":"tag-actualites","12":"tag-actualites-paris","13":"tag-eu","14":"tag-europe","15":"tag-fr","16":"tag-france","17":"tag-home-page","18":"tag-info","19":"tag-la-reunion","20":"tag-news","21":"tag-news-paris","22":"tag-newsletter-soir","23":"tag-paris","24":"tag-paris-news","25":"tag-republique-francaise","26":"tag-societe"},"share_on_mastodon":{"url":"https:\/\/pubeurope.com\/@fr\/115202623084280674","error":""},"_links":{"self":[{"href":"https:\/\/www.europesays.com\/fr\/wp-json\/wp\/v2\/posts\/390207","targetHints":{"allow":["GET"]}}],"collection":[{"href":"https:\/\/www.europesays.com\/fr\/wp-json\/wp\/v2\/posts"}],"about":[{"href":"https:\/\/www.europesays.com\/fr\/wp-json\/wp\/v2\/types\/post"}],"author":[{"embeddable":true,"href":"https:\/\/www.europesays.com\/fr\/wp-json\/wp\/v2\/users\/2"}],"replies":[{"embeddable":true,"href":"https:\/\/www.europesays.com\/fr\/wp-json\/wp\/v2\/comments?post=390207"}],"version-history":[{"count":0,"href":"https:\/\/www.europesays.com\/fr\/wp-json\/wp\/v2\/posts\/390207\/revisions"}],"wp:featuredmedia":[{"embeddable":true,"href":"https:\/\/www.europesays.com\/fr\/wp-json\/wp\/v2\/media\/390208"}],"wp:attachment":[{"href":"https:\/\/www.europesays.com\/fr\/wp-json\/wp\/v2\/media?parent=390207"}],"wp:term":[{"taxonomy":"category","embeddable":true,"href":"https:\/\/www.europesays.com\/fr\/wp-json\/wp\/v2\/categories?post=390207"},{"taxonomy":"post_tag","embeddable":true,"href":"https:\/\/www.europesays.com\/fr\/wp-json\/wp\/v2\/tags?post=390207"}],"curies":[{"name":"wp","href":"https:\/\/api.w.org\/{rel}","templated":true}]}}