{"id":390221,"date":"2025-09-14T12:27:11","date_gmt":"2025-09-14T12:27:11","guid":{"rendered":"https:\/\/www.europesays.com\/fr\/390221\/"},"modified":"2025-09-14T12:27:11","modified_gmt":"2025-09-14T12:27:11","slug":"habitue-des-propos-anti-allemands-le-president-polonais-va-mener-une-visite-delicate-a-berlin","status":"publish","type":"post","link":"https:\/\/www.europesays.com\/fr\/390221\/","title":{"rendered":"Habitu\u00e9 des propos anti-allemands, le pr\u00e9sident polonais va mener une visite d\u00e9licate \u00e0 Berlin"},"content":{"rendered":"<p class=\"authors latino-300b text-grey-600\">\n<p>  Par\u00a0<br \/>\nLe Nouvel Obs avec AFP<\/p>\n<p class=\"latino-300r text-grey-600 pe-8  border-end-lg\">\n<p>    Publi\u00e9 le\u00a014 septembre 2025 \u00e0 12h23  <\/p>\n<p>      , mis \u00e0 jour le\u00a014 septembre 2025 \u00e0 12h39\n  <\/p>\n<p>              Lecture\u00a0:\u00a02\u00a0min.<\/p>\n<p>      <img fetchpriority=\"high\" decoding=\"async\" class=\"mx-auto\" src=\"data:image\/svg+xml,%3Csvg%20xmlns%3D%27http%3A%2F%2Fwww.w3.org%2F2000%2Fsvg%27%20fill%3D%22%23e4e4e4%22%20viewBox%3D%270%200%20510%20340%27%20width%3D%22510%22%20height%3D%22340%22%3E%3Cpath%20d%3D%27M0%200h510v340H0z%27%2F%3E%3C%2Fsvg%3E\"  loading=\"eager\" width=\"510\" height=\"340\" data-oncrawl-image-size=\"510x340\" alt=\"Le pr\u00e9sident polonais Karol Nawrocki rencontre des pilotes d\u2019avions de combat F-16 Fighting Falcon \u00e0 la 31e base a\u00e9rienne de Poznan-Krzesiny dans l\u2019ouest de la Pologne, le 11\u00a0septembre 2025, quelques heures apr\u00e8s le survol du pays par au moins 19\u00a0drones russes.\"\/>      <\/p>\n<p class=\"latino-100m text-grey-600\">\n            Le pr\u00e9sident polonais Karol Nawrocki rencontre des pilotes d\u2019avions de combat F-16 Fighting Falcon \u00e0 la 31e base a\u00e9rienne de Poznan-Krzesiny dans l\u2019ouest de la Pologne, le 11\u00a0septembre 2025, quelques heures apr\u00e8s le survol du pays par au moins 19\u00a0drones russes.\u00a0WOJCIECH OLKUSNIK\/EAST NE\/SIPA        <\/p>\n<p>        Lire\u00a0plus\u00a0tard      <\/p>\n<p><a aria-label=\"Nous suivre sur Google News\" href=\"https:\/\/news.google.com\/publications\/CAAqBwgKMJe4nQkw3dFs?hl=fr&amp;gl=FR&amp;ceid=FR%3Afr\" target=\"_blank\" data-piano=\"Page_Article,Sous_date_publi,Nous_suivre_sur_google_news,1er_clic,action\" class=\"btn btn--small btn--tertiary btn--icon-only\" rel=\"nofollow noopener\"><\/p>\n<p>      Google Actualit\u00e9s<br \/>\n  <\/a><\/p>\n<p>  Partager<\/p>\n<p>        Facebook<\/p>\n<p>        Bluesky<\/p>\n<p>        E-mail<\/p>\n<p>        Copier le lien<\/p>\n<p>      Envoyer<\/p>\n<p>      S\u2019abonner    <\/p>\n<p class=\"node__paragraphe antonia-750r text-grey-800 pb-24 pb-md-32\">\nCoutumier des sorties anti-allemandes, le pr\u00e9sident nationaliste polonais Karol Nawrocki se rend mardi 16\u00a0septembre \u00e0 Berlin pour une visite d\u00e9licate, au moment o\u00f9 Varsovie cherche des soutiens militaires et politiques apr\u00e8s une <a href=\"https:\/\/www.nouvelobs.com\/monde\/20250910.OBS107517\/la-pologne-abat-plusieurs-drones-hostiles-dans-son-espace-aerien-l-ukraine-assure-que-poutine-veut-tester-l-occident.html\" rel=\"nofollow noopener\" target=\"_blank\">intrusion de drones russes<\/a> sur son territoire.<\/p>\n<p class=\"node__paragraphe antonia-750r text-grey-800 pb-24 pb-md-32\">\nLe pr\u00e9sident polonais rencontrera son homologue allemand Frank-Walter Steimeier et le chancelier Friedrich Merz, avant de se rendre \u00e0 Paris.<\/p>\n<p class=\"latino-500b text-grey-600 pb-16\">A lire aussi<\/p>\n<p><a href=\"https:\/\/www.nouvelobs.com\/monde\/20250602.OBS104537\/qui-est-karol-nawrocki-l-historien-nationaliste-elu-president-de-pologne.html\" data-article-key=\"20250602.OBS104537\" class=\"link--box flex-grow-1\" data-piano=\"Page_Article,Lire_aussi,,Lien1,navigation\" rel=\"nofollow noopener\" target=\"_blank\"><\/p>\n<p>                <img decoding=\"async\" src=\"data:image\/svg+xml,%3Csvg%20xmlns%3D%27http%3A%2F%2Fwww.w3.org%2F2000%2Fsvg%27%20fill%3D%22%23e4e4e4%22%20viewBox%3D%270%200%20120%2080%27%20width%3D%22120%22%20height%3D%2280%22%3E%3Cpath%20d%3D%27M0%200h120v80H0z%27%2F%3E%3C%2Fsvg%3E\"  width=\"120\" height=\"80\" loading=\"lazy\" alt=\"Karol Nawrocki, candidat nationaliste \u00e0 la pr\u00e9sidentielle polonaise, s\u2019exprime face \u00e0 ses militants, le 1\u1d49\u02b3 juin 2025,\u00a0\u00e0 Varsovie.\"\/><\/p>\n<p class=\"latino-300r latino-lg-600m text-grey-800\">\n                      <strong class=\"latino-300b latino-lg-600m text-grey-500\">Portrait\u00a0<\/strong><br \/>\n                    Qui est Karol Nawrocki, l\u2019historien nationaliste \u00e9lu pr\u00e9sident de Pologne\u00a0?        <\/p>\n<p><\/a><\/p>\n<p class=\"node__paragraphe antonia-750r text-grey-800 pb-24 pb-md-32\">\nAncien directeur de l\u2019Institut de la m\u00e9moire nationale (IPN) charg\u00e9 de poursuivre les crimes nazis et communistes, Karol Nawrocki a, \u00e0 plusieurs reprises, accus\u00e9 l\u2019Allemagne de consid\u00e9rer la Pologne comme \u00ab\u00a0un partenaire mineur\u00a0\u00bb, \u00ab\u00a0une \u00e9conomie auxiliaire\u00a0\u00bb ou encore de lui renvoyer des migrants.<\/p>\n<p>Des r\u00e9parations financi\u00e8res r\u00e9clam\u00e9es<\/p>\n<p class=\"node__paragraphe antonia-750r text-grey-800 pb-24 pb-md-32\">\nConform\u00e9ment \u00e0 ses promesses \u00e9lectorales, le nouveau pr\u00e9sident &#8211; entr\u00e9 en fonction en ao\u00fbt &#8211; pourrait surtout r\u00e9clamer \u00e0 Berlin des r\u00e9parations au titre des crimes commis pendant la Seconde Guerre mondiale, une position que ne partage pas le gouvernement pro-europ\u00e9en polonais.<\/p>\n<p class=\"node__paragraphe antonia-750r text-grey-800 pb-24 pb-md-32\">\nPr\u00e8s de six millions de Polonais, dont trois millions de confession juive, sont morts au cours de ce conflit.<\/p>\n<p class=\"node__paragraphe antonia-750r text-grey-800 pb-24 pb-md-32\">\n\u00ab\u00a0La Pologne (\u2026) a besoin \u00e0 la fois de justice, de v\u00e9rit\u00e9 et de relations claires avec l\u2019Allemagne, mais elle a \u00e9galement besoin de r\u00e9parations de la part de l\u2019Etat allemand\u00a0\u00bb, a pr\u00e9venu Karol Nawrocki le 1\u1d49\u02b3 septembre, lors de c\u00e9r\u00e9monies anniversaires de l\u2019entr\u00e9e en guerre de l\u2019Allemagne nazie contre la Pologne.<\/p>\n<p class=\"node__paragraphe antonia-750r text-grey-800 pb-24 pb-md-32\">\nA cet \u00e9gard, le chef de l\u2019Etat polonais peut \u00eatre tent\u00e9 d\u2019utiliser son d\u00e9placement \u00e0 Berlin \u00e0 des fins de politique int\u00e9rieure, pour parler \u00e0 son \u00e9lectorat aux ressentiments anti-allemands forts, rel\u00e8ve l\u2019analyste Wojciech Przybylski.<\/p>\n<p class=\"node__paragraphe antonia-750r text-grey-800 pb-24 pb-md-32\">\nEn\u00a02022, le gouvernement nationaliste polonais de l\u2019\u00e9poque avait estim\u00e9 les pertes polonaises de la Seconde Guerre mondiale \u00e0 1\u00a0300\u00a0milliards d\u2019euros.<\/p>\n<p class=\"node__paragraphe antonia-750r text-grey-800 pb-24 pb-md-32\">\nSelon Berlin, la Pologne a renonc\u00e9 \u00e0 ses r\u00e9parations en\u00a01953, sous la pression de l\u2019Union sovi\u00e9tique. L\u2019Allemagne a oppos\u00e9 les m\u00eames arguments aux demandes de r\u00e9parations soulev\u00e9es par la Gr\u00e8ce.<\/p>\n<p>Davantage d\u2019aide pour la d\u00e9fense<\/p>\n<p class=\"node__paragraphe antonia-750r text-grey-800 pb-24 pb-md-32\">\nLe chancelier Merz \u00ab\u00a0a pris note des d\u00e9clarations\u00a0\u00bb de Karol Nawrocki, a fait savoir vendredi 12\u00a0septembre le porte-parole du gouvernement allemand, Stefan Kornelius, ajoutant que \u00ab\u00a0la position du gouvernement sur cette question n\u2019a pas chang\u00e9\u00a0\u00bb.<\/p>\n<p class=\"node__paragraphe antonia-750r text-grey-800 pb-24 pb-md-32\">\nD\u00e9but juin, peu apr\u00e8s l\u2019\u00e9lection de Karol Nawrocki, Stefan Kornelius avait indiqu\u00e9 que la position allemande ne signifiait pas \u00ab\u00a0que les questions de souvenir et de r\u00e9conciliation avec le pass\u00e9 soient d\u00e9finitivement closes\u00a0\u00bb, mais qu\u2019elles devaient prendre une autre forme que celle des r\u00e9parations financi\u00e8res.<\/p>\n<p class=\"node__paragraphe antonia-750r text-grey-800 pb-24 pb-md-32\">\nPour le chef de la diplomatie polonaise Radoslaw Sikorski, Berlin ne paiera jamais et la Pologne doit s\u2019y r\u00e9signer, au nom de la relation polono-allemande.<\/p>\n<p class=\"node__paragraphe antonia-750r text-grey-800 pb-24 pb-md-32\">\nLa demande de r\u00e9parations n\u2019en demeure pas moins l\u00e9gitime et Berlin pourrait faire un geste, a-t-il r\u00e9cemment sugg\u00e9r\u00e9, en investissant encore davantage dans la d\u00e9fense de la Pologne, pays membre de l\u2019UE et de l\u2019Otan qui partage une fronti\u00e8re avec l\u2019Ukraine, le B\u00e9larus et la Russie.<\/p>\n<p class=\"node__paragraphe antonia-750r text-grey-800 pb-24 pb-md-32\">\nDes propos tenus avant l\u2019intrusion d\u2019une vingtaine de drones russes sur le territoire polonais dans la nuit du 9 au 10\u00a0septembre. En r\u00e9ponse \u00e0 ce qu\u2019ils qualifient de \u00ab\u00a0provocation\u00a0\u00bb de Moscou, les alli\u00e9s de la Pologne ont aussit\u00f4t annonc\u00e9 renforcer leur contribution \u00e0 sa d\u00e9fense a\u00e9rienne le long de sa fronti\u00e8re orientale.<\/p>\n<p class=\"latino-500b text-grey-600 pb-16\">A lire aussi<\/p>\n<p><a href=\"https:\/\/www.nouvelobs.com\/monde\/20250912.OBS107592\/reunion-d-urgence-a-l-onu-mobilisation-de-rafale-francais-le-point-sur-la-situation-apres-l-intrusion-de-drones-russes-en-pologne.html\" data-article-key=\"20250912.OBS107592\" class=\"link--box flex-grow-1\" data-piano=\"Page_Article,Lire_aussi,,Lien2,navigation\" rel=\"nofollow noopener\" target=\"_blank\"><\/p>\n<p>                <img decoding=\"async\" src=\"data:image\/svg+xml,%3Csvg%20xmlns%3D%27http%3A%2F%2Fwww.w3.org%2F2000%2Fsvg%27%20fill%3D%22%23e4e4e4%22%20viewBox%3D%270%200%20120%2080%27%20width%3D%22120%22%20height%3D%2280%22%3E%3Cpath%20d%3D%27M0%200h120v80H0z%27%2F%3E%3C%2Fsvg%3E\"  width=\"120\" height=\"79\" loading=\"lazy\" alt=\"L\u2019un des drones abattus en Pologne en milieu de semaine. \"\/><\/p>\n<p class=\"latino-300r latino-lg-600m text-grey-800\">\n                      <strong class=\"latino-300b latino-lg-600m text-grey-500\">R\u00e9cap\u00a0<\/strong><br \/>\n                    R\u00e9union d\u2019urgence \u00e0 l\u2019ONU, mobilisation de Rafale fran\u00e7ais\u2026 Le point sur la situation apr\u00e8s l\u2019intrusion de drones russes en Pologne        <\/p>\n<p><\/a><\/p>\n<p class=\"node__paragraphe antonia-750r text-grey-800 pb-24 pb-md-32\">\nL\u2019Allemagne a par exemple d\u00e9cid\u00e9 de prolonger sa mission de protection de l\u2019espace a\u00e9rien polonais de trois mois et fait passer de deux \u00e0 quatre le nombre de ses avions de combat Eurofighter. Un geste clair de soutien \u00e0 Varsovie qui fragilise la posture du pr\u00e9sident polonais.<\/p>\n<p class=\"node__paragraphe antonia-750r text-grey-800 pb-24 pb-md-32\">\nFace \u00e0 Karol Nawrocki, l\u2019Allemagne a des arguments en mati\u00e8re de \u00ab\u00a0politique de s\u00e9curit\u00e9\u00a0\u00bb, souligne ainsi l\u2019analyste allemand Kai-Olaf Lang du groupe de r\u00e9flexion SWP \u00e0 Berlin.<\/p>\n<p>Mis en porte-\u00e0-faux par Trump<\/p>\n<p class=\"node__paragraphe antonia-750r text-grey-800 pb-24 pb-md-32\">\nD\u2019autant que le pr\u00e9sident am\u00e9ricain Donald Trump, pour lequel Karol Nawrocki n\u2019a jamais cach\u00e9 son admiration, a choqu\u00e9 le gouvernement et l\u2019opinion publique polonais en laissant entendre que l\u2019intrusion des drones n\u2019\u00e9tait peut-\u00eatre pas intentionnelle mais le r\u00e9sultat d\u2019une \u00ab\u00a0erreur\u00a0\u00bb.<\/p>\n<p class=\"node__paragraphe antonia-750r text-grey-800 pb-24 pb-md-32\">\n\u00ab\u00a0A l\u2019heure de v\u00e9rit\u00e9, nous recevons un signal qu\u2019il n\u2019est pas certain que Washington nous aidera en cette p\u00e9riode difficile\u00a0\u00bb, note Marcin Zaborowski de groupe de r\u00e9flexion Globsec.<\/p>\n<p class=\"node__paragraphe antonia-750r text-grey-800 pb-24 pb-md-32\">\nCela remet en question la conception du dirigeant nationaliste misant tout sur l\u2019alliance avec les Etats-Unis, et \u00ab\u00a0devrait avoir un impact sur sa communication en Allemagne et en France\u00a0\u00bb, explique-t-il \u00e0 l\u2019AFP.<\/p>\n<p class=\"authors latino-600m text-grey-800\">\n<p>  Par\u00a0<br \/>\nLe Nouvel Obs avec AFP<\/p>\n","protected":false},"excerpt":{"rendered":"Par\u00a0 Le Nouvel Obs avec AFP Publi\u00e9 le\u00a014 septembre 2025 \u00e0 12h23 , mis \u00e0 jour le\u00a014 septembre&hellip;\n","protected":false},"author":2,"featured_media":390222,"comment_status":"","ping_status":"","sticky":false,"template":"","format":"standard","meta":{"footnotes":""},"categories":[1587],"tags":[17,11,672,22514,12690,1804,1805,1803,1777,674,1801,52255,32887,74,12,2437,37314,4919,8437,1802],"class_list":{"0":"post-390221","1":"post","2":"type-post","3":"status-publish","4":"format-standard","5":"has-post-thumbnail","7":"category-allemagne","8":"tag-17","9":"tag-actualites","10":"tag-allemagne","11":"tag-allemands","12":"tag-anti","13":"tag-bundesrepublik-deutschland","14":"tag-de","15":"tag-deutschland","16":"tag-eu","17":"tag-europe","18":"tag-germany","19":"tag-habitue","20":"tag-mener","21":"tag-monde","22":"tag-news","23":"tag-pologne","24":"tag-polonais","25":"tag-president","26":"tag-propos","27":"tag-republique-federale-dallemagne"},"share_on_mastodon":{"url":"https:\/\/pubeurope.com\/@fr\/115202650532630286","error":""},"_links":{"self":[{"href":"https:\/\/www.europesays.com\/fr\/wp-json\/wp\/v2\/posts\/390221","targetHints":{"allow":["GET"]}}],"collection":[{"href":"https:\/\/www.europesays.com\/fr\/wp-json\/wp\/v2\/posts"}],"about":[{"href":"https:\/\/www.europesays.com\/fr\/wp-json\/wp\/v2\/types\/post"}],"author":[{"embeddable":true,"href":"https:\/\/www.europesays.com\/fr\/wp-json\/wp\/v2\/users\/2"}],"replies":[{"embeddable":true,"href":"https:\/\/www.europesays.com\/fr\/wp-json\/wp\/v2\/comments?post=390221"}],"version-history":[{"count":0,"href":"https:\/\/www.europesays.com\/fr\/wp-json\/wp\/v2\/posts\/390221\/revisions"}],"wp:featuredmedia":[{"embeddable":true,"href":"https:\/\/www.europesays.com\/fr\/wp-json\/wp\/v2\/media\/390222"}],"wp:attachment":[{"href":"https:\/\/www.europesays.com\/fr\/wp-json\/wp\/v2\/media?parent=390221"}],"wp:term":[{"taxonomy":"category","embeddable":true,"href":"https:\/\/www.europesays.com\/fr\/wp-json\/wp\/v2\/categories?post=390221"},{"taxonomy":"post_tag","embeddable":true,"href":"https:\/\/www.europesays.com\/fr\/wp-json\/wp\/v2\/tags?post=390221"}],"curies":[{"name":"wp","href":"https:\/\/api.w.org\/{rel}","templated":true}]}}