{"id":390227,"date":"2025-09-14T12:30:12","date_gmt":"2025-09-14T12:30:12","guid":{"rendered":"https:\/\/www.europesays.com\/fr\/390227\/"},"modified":"2025-09-14T12:30:12","modified_gmt":"2025-09-14T12:30:12","slug":"suivez-la-2e-journee-des-championnats-du-monde-a-tokyo-en-live","status":"publish","type":"post","link":"https:\/\/www.europesays.com\/fr\/390227\/","title":{"rendered":"suivez la 2e journ\u00e9e des championnats du monde \u00e0 Tokyo en live"},"content":{"rendered":"<p>14h23<\/p>\n<p>Terrible pour Guillemot<\/p>\n<p>Alors qu&rsquo;elle tentait de prendre l&rsquo;ext\u00e9rieur dans le dernier virage de sa demi-finale du 1500m, Agathe Guillemot a \u00e9t\u00e9 d\u00e9s\u00e9quilibr\u00e9e par une concurrente, condamnant sa fin de course. Elle termine 10e.<\/p>\n<p>Au micro de France 2, la Fran\u00e7aise a annonc\u00e9 qu&rsquo;elle allait regarder les images avant d&rsquo;\u00e9ventuellement porter r\u00e9clamation.<\/p>\n<p>14h20<\/p>\n<p>Le beau saut de Kpatcha<\/p>\n<p>La Fran\u00e7aise r\u00e9agit au bon moment. Avec 6.82m, elle se replace 4e, \u00e0 3cm du podium.<\/p>\n<p>14h15<\/p>\n<p>Madeleine en finale du 1500m<\/p>\n<p>La Fran\u00e7aise termine 6e de sa demi-finale du 1500m, domin\u00e9e par la championne Faith Kipyegon. Elle passe donc en finale.<\/p>\n<p>14h06<\/p>\n<p>D\u00e9buts compliqu\u00e9s pour Kpatcha<\/p>\n<p>Sur la finale du saut en longeur f\u00e9minin, la Fran\u00e7aise est pour l&rsquo;instant 6e avec 6.52m. Elle a mordu son deuxi\u00e8me saut.<\/p>\n<p>14h04<\/p>\n<p>Seville marque un grand coup<\/p>\n<p>Le Jama\u00efcain Oblique Seville signe un tr\u00e8s beau 9.86 dans sa demi-finale.<\/p>\n<p>13h56<\/p>\n<p>Thompson et Bednarek font le show<\/p>\n<p>Dans la 2e demi-finale du 100m, l&rsquo;Am\u00e9ricain Bednarek et le Jama\u00efcain Thompson ne se sont pas m\u00e9nag\u00e9s en se jouant la victoire en 9.85&Prime;. Les deux hommes se sont regard\u00e9 dans les yeux au passage sur la ligne d&rsquo;arriv\u00e9e.<\/p>\n<p>13h49<\/p>\n<p>Lyles en r\u00e9action<\/p>\n<p>La star am\u00e9ricaine du 100m passe en finale en remportant sa demi-finale en 9.92&Prime;, malgr\u00e9 un d\u00e9part assez poussif. L&rsquo;Italien Jacobs, champion olympique en 2020, se classe 6e et est \u00e9limin\u00e9.<\/p>\n<p>13h46<\/p>\n<p>C&rsquo;est parti pour la longueur femmes<\/p>\n<p>Vers une premi\u00e8re m\u00e9daille pour les Bleus? Kpatcha va tenter de jouer sa carte. La favorit\u00e9 am\u00e9ricaine Davis-Woodhall a d\u00e9j\u00e0 frapp\u00e9 un grand coup d\u00e8s son premier saut.<\/p>\n<p>13h40<\/p>\n<p>100m femmes: un chrono monstrueux pour Jefferson-Wooden, Fraser-Pryce en finale<\/p>\n<p>La l\u00e9gende jama\u00efcaine Shelly-Ann Fraser-Pryce n&rsquo;arr\u00eatera pas sa carri\u00e8re sur une demi-finale. Elle s&rsquo;est qualifi\u00e9e pour la finale en terminant deuxi\u00e8me de sa demi en 11.00. Dans la troisi\u00e8me demie, l&rsquo;Am\u00e9ricaine Melissa Jefferson-Wooden a sign\u00e9 un chrono assez fou en 10.73.<\/p>\n<p>A noter que Sha&rsquo;Carri Richardson est finalement qualifi\u00e9e au temps. Toutes les favorites seront donc l\u00e0 pour le grand rendez-vous.<\/p>\n<p>13h29<\/p>\n<p>Hauteur hommes: c&rsquo;est d\u00e9j\u00e0 fini pour Tamberi<\/p>\n<p>Champion olympique 2021 et champion du monde 2023, Gianmarco Tamberi est \u00e9limin\u00e9 d\u00e8s les qualifs de la hauteur. Trois \u00e9checs \u00e0 2,21m qui le laissent bloqu\u00e9 \u00e0 2,16m et largement au del\u00e0 du top 12&#8230;<\/p>\n<p>Pour rappel, l&rsquo;Italien &#8211; qui est diminu\u00e9 physiquement &#8211; \u00e9tait d\u00e9j\u00e0 sorti en qualifs aux JO de Paris apr\u00e8s une op\u00e9ration chirugicale.<\/p>\n<p><strong>AT<\/strong><\/p>\n<p>13h26<\/p>\n<p>100m femmes: Sha&rsquo;Carri Richardson en grand danger<\/p>\n<p>La star am\u00e9ricaine du 100m f\u00e9minin, Sha&rsquo;Carri Richardson, pourrait ne pas voir la finale&#8230; Seulement troisi\u00e8me de sa demie apr\u00e8s un d\u00e9part catastrophique, elle va devoir attendre pour savoir si son chrono de 11.00 va suffir pour passer.<\/p>\n<p>08h09<\/p>\n<p>Les premiers r\u00e9sultats des Fran\u00e7ais engag\u00e9s ce dimanche<\/p>\n<p><strong>MARATHON (FINALE)<br \/><\/strong><br \/>&#8211; Manon Trapp : 32e en 2h 36 min 09 sec<\/p>\n<p><strong>1.500 M (SERIES)<br \/><\/strong><br \/>&#8211; Azeddine Habz : 7e en 3 min 36 sec 62, \u00e9limin\u00e9<\/p>\n<p>&#8211; Paul Anselmini : 9e en 3 min 41 sec 84, \u00e9limin\u00e9<\/p>\n<p>&#8211; Romain Mornet : 4e en 3 min 37 sec 19, qualifi\u00e9 en demi-finale<\/p>\n<p><strong>MARTEAU (QUALIFICATIONS)<br \/><\/strong><br \/>&#8211; Rose Loga : 13e, 70,44 m, \u00e9limin\u00e9e<\/p>\n<p><strong>100 M HAIES (SERIES)<br \/><\/strong><br \/>&#8211; Sacha Alessandrini : 3e en 12 sec 99, qualifi\u00e9e en demi-finale<\/p>\n<p>08h07<\/p>\n<p>La K\u00e9nyane Peres Jepchirchir remporte le marathon<\/p>\n<p>La K\u00e9nyane Peres Jepchirchir, championne olympique en 2021, a remport\u00e9 ce dimanche le marathon \u00e0 Tokyo en 2h 24 min 43 sec, devant l&rsquo;Ethiopienne Tigst Assefa, d\u00e9j\u00e0 battue au sprint aux JO-2024. Au bout du marathon, la K\u00e9nyane de 31 ans est sortie victorieuse d&rsquo;un final impressionnant dans le stade national de Tokyo face \u00e0 Tigst Assefa, finalement devanc\u00e9e de deux secondes. Un nouveau finish cruel pour Assefa, comme aux Jeux de Paris o\u00f9 l&rsquo;Ethiopienne avait d\u00e9j\u00e0 \u00e9t\u00e9 devanc\u00e9e au bout du sprint de trois petites secondes par la monumentale n\u00e9erlandaise Sifan Hassan et son tripl\u00e9 marathon, 5.000 m et 10.000 m. La Fran\u00e7aise Manon Trapp a termin\u00e9 32e (2h36:09).<\/p>\n<p>08h06<\/p>\n<p>La star Ingebrigtsen \u00e9limin\u00e9e d\u00e8s les s\u00e9ries du 1.500m<\/p>\n<p>Le champion olympique du 5.000 m Jakob Ingebrigtsen, bless\u00e9 au tendon d&rsquo;Achille au printemps, a \u00e9t\u00e9 \u00e9limin\u00e9 dimanche d\u00e8s les s\u00e9ries du 1.500m. Le demi-fondeur norv\u00e9gien de 24 ans, \u00e9galement champion olympique du 1.500 m en 2021 au Japon, a termin\u00e9 8e de sa s\u00e9rie en 3:37.84. D\u00e9but septembre, il avait assur\u00e9 \u00eatre toujours \u00ab\u00a0candidat \u00e0 l&rsquo;or\u00a0\u00bb malgr\u00e9 une saison \u00ab\u00a0mis\u00e9rable\u00a0\u00bb selon ses propres mots.<\/p>\n<p>07h47<\/p>\n<p>1.500m : \u00ab\u00a0Je ne comprends pas\u00a0\u00bb, la d\u00e9ception de Habz apr\u00e8s son \u00e9limination<\/p>\n<p>Azeddine Habz : \u00ab\u00a0Vraiment, il n&rsquo;y a pas d&rsquo;explication. C&rsquo;est un sport cruel en fait. Parfois on est tout devant et je ne comprends pas. On va analyser la course, mais vraiment pas d&rsquo;explication. Je manque de punch sur le dernier 100m. Je vois le Sud-Africain revenir sur moi et l\u00e0 c&rsquo;\u00e9tait trop tard. Je me sentais bien, normal et les courses comme \u00e7a, je dois les passer normal. Je ne comprends pas, c&rsquo;est une contre-perf&rsquo;. J&rsquo;\u00e9tais vraiment bien tout le long, je ne comprends pas trop ce qu&rsquo;il s&rsquo;est pass\u00e9. A 50m de la ligne, \u00e7a ne r\u00e9pond plus et limite je vois l&rsquo;arriv\u00e9e s&rsquo;\u00e9loigner. Maintenant place aux vacances.\u00a0\u00bb<\/p>\n<p>Avec AT \u00e0 Tokyo<\/p>\n<p>07h38<\/p>\n<p>Immense d\u00e9sillusion pour Habz, \u00e9limin\u00e9 d\u00e8s les s\u00e9ries du 1.500m<\/p>\n<p>Terrible coup de massue pour Azeddine Habz. Le demi-fondeur fran\u00e7ais, meilleur performeur mondial de la saison (3:27.49) et candidat \u00e0 une m\u00e9daille \u00e0 Tokyo, est sorti dimanche d\u00e8s les s\u00e9ries du 1.500 m aux championnats du monde d&rsquo;athl\u00e9tisme. Demi-finaliste du 1.500 m aux Jeux de Paris en 2024 et \u00e0 Tokyo en 2021, le recordman de France de 32 ans s&rsquo;est fait enfermer en d\u00e9but de course et semblait \u00e0 court de jus dans les derniers 100 m, impossible pour lui de d\u00e9passer ses concurrents pour se glisser dans le top 6. Il termine 7e de la premi\u00e8re s\u00e9rie en 3 min 36 sec 62. Le Fran\u00e7ais Romain Mornet sera le seul repr\u00e9sentant tricolore en demi-finale du 1.500 m apr\u00e8s sa 4e place en s\u00e9ries (3:37.19).<\/p>\n<p>06h56<\/p>\n<p>Le programme du dimanche 14 septembre 2025<\/p>\n<p><strong>Session du matin (en heure fran\u00e7aise)<\/strong><\/p>\n<ul class=\"list_unordered\">\n<li>1h00\u00a0: marathon femmes (finale)<\/li>\n<li>2h00\u00a0: marteau femmes (qualif)<\/li>\n<li>2h35\u00a0: 1\u00a0500\u00a0m hommes (s\u00e9ries) avec Azeddine Habz, Paul Anselmini et Romain Mornet<\/li>\n<li>3h45\u00a0: marteau femmes (qualif)<\/li>\n<li>4h28\u00a0: 100\u00a0m haies femmes (s\u00e9ries) avec Sacha Alessandrini<\/li>\n<\/ul>\n<p><strong>Session du soir<\/strong><\/p>\n<ul class=\"list_unordered\">\n<li>11h35\u00a0: 400\u00a0m hommes (s\u00e9ries)<\/li>\n<li>11h40\u00a0: hauteur hommes (qualif)<\/li>\n<li>12h10\u00a0: disque femmes (finale)<\/li>\n<li>12h25\u00a0: 400\u00a0m femmes (s\u00e9ries)<\/li>\n<li>13h20\u00a0: 100\u00a0m femmes (demi-finales)<\/li>\n<li>13h40\u00a0: longueur femmes (finale) avec Hilary Kpatcha<\/li>\n<li>13h43\u00a0: 100\u00a0m hommes (demi-finales)<\/li>\n<li>14h05\u00a0: 1\u00a0500\u00a0m femmes (demi-finales) avec Sarah Madeleine et Agathe Guillemot<\/li>\n<li>14h30\u00a0: 10\u00a0000\u00a0m hommes (finale) avec Jimmy Gressier<\/li>\n<li>15h13\u00a0: 100\u00a0m femmes (finale)<\/li>\n<li>15h20\u00a0: 100\u00a0m hommes (finale)<\/li>\n<\/ul>\n<p>06h55<\/p>\n<p>Bonjour \u00e0 tous<\/p>\n<p>Les Mondiaux d&rsquo;athl\u00e9tisme se poursuivent \u00e0 Tokyo pour la deuxi\u00e8me journ\u00e9e, avec un programme tr\u00e8s dense qui commence par le marathon au milieu de la nuit.<\/p>\n<p>On suivra \u00e9galement les s\u00e9ries du 1.500m avec Azeddine Habz, Paul Anselmini et Romain Mornet. Pour la session de soir\u00e9e, Jimmy Gressier est attendu en finale du 10.000m.<\/p>\n","protected":false},"excerpt":{"rendered":"14h23 Terrible pour Guillemot Alors qu&rsquo;elle tentait de prendre l&rsquo;ext\u00e9rieur dans le dernier virage de sa demi-finale du&hellip;\n","protected":false},"author":2,"featured_media":390228,"comment_status":"","ping_status":"","sticky":false,"template":"","format":"standard","meta":{"footnotes":""},"categories":[2],"tags":[11,1011,27,12,25],"class_list":{"0":"post-390227","1":"post","2":"type-post","3":"status-publish","4":"format-standard","5":"has-post-thumbnail","7":"category-actualites","8":"tag-actualites","9":"tag-fr","10":"tag-france","11":"tag-news","12":"tag-republique-francaise"},"share_on_mastodon":{"url":"https:\/\/pubeurope.com\/@fr\/115202662413772892","error":""},"_links":{"self":[{"href":"https:\/\/www.europesays.com\/fr\/wp-json\/wp\/v2\/posts\/390227","targetHints":{"allow":["GET"]}}],"collection":[{"href":"https:\/\/www.europesays.com\/fr\/wp-json\/wp\/v2\/posts"}],"about":[{"href":"https:\/\/www.europesays.com\/fr\/wp-json\/wp\/v2\/types\/post"}],"author":[{"embeddable":true,"href":"https:\/\/www.europesays.com\/fr\/wp-json\/wp\/v2\/users\/2"}],"replies":[{"embeddable":true,"href":"https:\/\/www.europesays.com\/fr\/wp-json\/wp\/v2\/comments?post=390227"}],"version-history":[{"count":0,"href":"https:\/\/www.europesays.com\/fr\/wp-json\/wp\/v2\/posts\/390227\/revisions"}],"wp:featuredmedia":[{"embeddable":true,"href":"https:\/\/www.europesays.com\/fr\/wp-json\/wp\/v2\/media\/390228"}],"wp:attachment":[{"href":"https:\/\/www.europesays.com\/fr\/wp-json\/wp\/v2\/media?parent=390227"}],"wp:term":[{"taxonomy":"category","embeddable":true,"href":"https:\/\/www.europesays.com\/fr\/wp-json\/wp\/v2\/categories?post=390227"},{"taxonomy":"post_tag","embeddable":true,"href":"https:\/\/www.europesays.com\/fr\/wp-json\/wp\/v2\/tags?post=390227"}],"curies":[{"name":"wp","href":"https:\/\/api.w.org\/{rel}","templated":true}]}}