{"id":390231,"date":"2025-09-14T12:32:12","date_gmt":"2025-09-14T12:32:12","guid":{"rendered":"https:\/\/www.europesays.com\/fr\/390231\/"},"modified":"2025-09-14T12:32:12","modified_gmt":"2025-09-14T12:32:12","slug":"le-xv-de-france-feminin-mene-demblee-par-lirlande-en-quart-de-finale","status":"publish","type":"post","link":"https:\/\/www.europesays.com\/fr\/390231\/","title":{"rendered":"le XV de France f\u00e9minin men\u00e9 d\u2019embl\u00e9e par l\u2019Irlande en quart de finale"},"content":{"rendered":"\n<p class=\"article__paragraph  \">Bienvenue dans ce direct consacr\u00e9 au quart de finale de la Coupe du monde f\u00e9minine de rugby, entre la France et l\u2019Irlande.<\/p>\n<p class=\"article__paragraph  \"><strong>De quoi s\u2019agit-il\u00a0? <\/strong>Du premier match couperet des Fran\u00e7aises dans ce Mondial, organis\u00e9 en Angleterre, du\u00a022\u00a0ao\u00fbt\u00a0au\u00a027\u00a0septembre\u00a02025. Invaincues lors de la phase de groupes (victoires contre l\u2019Italie, le Br\u00e9sil et l\u2019Afrique du Sud), les Bleues esp\u00e8rent poursuivre leur mont\u00e9e en puissance avant une possible demi-finale face \u00e0 l\u2019Angleterre, qui affront l\u2019Ecosse ce dimanche \u00e0 17\u00a0heures.<\/p>\n<p class=\"article__paragraph  \"><strong>O\u00f9\u00a0? <\/strong>Au Sandy Park d\u2019Exeter, en Angleterre.<\/p>\n<p class=\"article__paragraph  \"><strong>A quelle heure\u00a0?<\/strong> Coup d\u2019envoi \u00e0 14\u00a0heures.<\/p>\n<p class=\"article__paragraph  \"><strong>Sur quelle cha\u00eene\u00a0? <\/strong>Sur TF1.<\/p>\n<p class=\"article__paragraph  \"><strong>Qui live\u00a0? <\/strong>Denis M\u00e9n\u00e9trier et Yanis Soul, bien au chaud au kop d\u2019Austerlitz, sont pr\u00eats au combat, assist\u00e9 par Valentin Moinard, d\u00e9j\u00e0 dans l\u2019en-but \u00e0 Exeter.<\/p>\n<p class=\"article__paragraph  \"><strong>Les compositions des \u00e9quipes\u00a0:<\/strong><\/p>\n<p class=\"article__paragraph  \">Bourgeois \u2013 Grisez, M.\u00a0M\u00e9nager (co-cap.), Vernier, Arbey (o), Queyroi (m), Bourdon Sansus \u2013 Champon, Escudero, Berthoumieu \u2013 Fall Raclot, M.\u00a0Feleu (co-cap.) \u2013 Bernadou, G\u00e9rin, Brosseau.<\/p>\n<p class=\"article__paragraph  \">Rempla\u00e7antes\u00a0: Bigot, Deshaye, Khalfaoui, Ikahehegi, Okemba, T.\u00a0Feleu, Chambon, Boulard<\/p>\n<p class=\"article__paragraph  \">S\u00e9lectionneurs\u00a0: Ga\u00eblle Mignot et David Ortiz<\/p>\n<p class=\"article__paragraph  \">Flood &#8211; Parsons, Dalton, Higgins, Costigan \u2013 O\u2019Brien, Reilly &#8211; Wafer, Hogan, Tuite \u2013 Monaghan (cap.), Campbell \u2013 Djougang, Jones, O\u2019Dowd.<\/p>\n<p class=\"article__paragraph  \">Rempla\u00e7antes\u00a0: Moloney MacDonald, Perry, McGrath, Corri-Fallon, Moore, Lane, Breen, McGann<\/p>\n<p class=\"article__paragraph  \">S\u00e9lectionneur\u00a0: Scott Beman<\/p>\n<p class=\"article__paragraph  \"><strong>Qui arbitre\u00a0? <\/strong>La sud-africaine<strong> <\/strong>Aimee Barrett-Theron.<\/p>\n<p class=\"article__paragraph  \"><strong>De quoi ne parlera-t-on pas\u00a0? <\/strong><a href=\"https:\/\/www.lemonde.fr\/politique\/article\/2025\/09\/12\/dette-fitch-fait-perdre-son-double-a-a-la-france_6640683_823448.html\" rel=\"nofollow noopener\" target=\"_blank\">De la note attribu\u00e9e par l\u2019agence Ficth \u00e0 la France<\/a><\/p>\n<p class=\"article__paragraph  \"><strong>Demandez le programme\u2026 <\/strong><a href=\"https:\/\/www.lemonde.fr\/football\/article\/2023\/01\/12\/les-prochains-lives-sport-du-monde_6157620_1616938.html\" rel=\"nofollow noopener\" target=\"_blank\">Les prochains directs sport du \u00ab\u00a0Monde\u00a0\u00bb<\/a><\/p>\n","protected":false},"excerpt":{"rendered":"Bienvenue dans ce direct consacr\u00e9 au quart de finale de la Coupe du monde f\u00e9minine de rugby, entre&hellip;\n","protected":false},"author":2,"featured_media":390232,"comment_status":"","ping_status":"","sticky":false,"template":"","format":"standard","meta":{"footnotes":""},"categories":[4],"tags":[11,1011,27,12,25],"class_list":{"0":"post-390231","1":"post","2":"type-post","3":"status-publish","4":"format-standard","5":"has-post-thumbnail","7":"category-france","8":"tag-actualites","9":"tag-fr","10":"tag-france","11":"tag-news","12":"tag-republique-francaise"},"share_on_mastodon":{"url":"https:\/\/pubeurope.com\/@fr\/115202670808326977","error":""},"_links":{"self":[{"href":"https:\/\/www.europesays.com\/fr\/wp-json\/wp\/v2\/posts\/390231","targetHints":{"allow":["GET"]}}],"collection":[{"href":"https:\/\/www.europesays.com\/fr\/wp-json\/wp\/v2\/posts"}],"about":[{"href":"https:\/\/www.europesays.com\/fr\/wp-json\/wp\/v2\/types\/post"}],"author":[{"embeddable":true,"href":"https:\/\/www.europesays.com\/fr\/wp-json\/wp\/v2\/users\/2"}],"replies":[{"embeddable":true,"href":"https:\/\/www.europesays.com\/fr\/wp-json\/wp\/v2\/comments?post=390231"}],"version-history":[{"count":0,"href":"https:\/\/www.europesays.com\/fr\/wp-json\/wp\/v2\/posts\/390231\/revisions"}],"wp:featuredmedia":[{"embeddable":true,"href":"https:\/\/www.europesays.com\/fr\/wp-json\/wp\/v2\/media\/390232"}],"wp:attachment":[{"href":"https:\/\/www.europesays.com\/fr\/wp-json\/wp\/v2\/media?parent=390231"}],"wp:term":[{"taxonomy":"category","embeddable":true,"href":"https:\/\/www.europesays.com\/fr\/wp-json\/wp\/v2\/categories?post=390231"},{"taxonomy":"post_tag","embeddable":true,"href":"https:\/\/www.europesays.com\/fr\/wp-json\/wp\/v2\/tags?post=390231"}],"curies":[{"name":"wp","href":"https:\/\/api.w.org\/{rel}","templated":true}]}}