{"id":39024,"date":"2025-04-20T13:53:41","date_gmt":"2025-04-20T13:53:41","guid":{"rendered":"https:\/\/www.europesays.com\/fr\/39024\/"},"modified":"2025-04-20T13:53:41","modified_gmt":"2025-04-20T13:53:41","slug":"sweet-fm-gagnez-vos-deux-places-pour-le-concert-de-la-star-academy","status":"publish","type":"post","link":"https:\/\/www.europesays.com\/fr\/39024\/","title":{"rendered":"SWEET FM &#8211; Gagnez vos deux places pour le concert de la Star Academy !"},"content":{"rendered":"\n<p style=\"text-align: justify;\">Cette semaine, Sweet FM vous offre vos <strong>deux places pour le concert de la Star Academy<\/strong>, qui se tiendra ce <strong>vendredi 25 avril \u00e0 20h <\/strong>au<strong> Z\u00e9nith de Caen<\/strong> et ce <strong>dimanche 27 avril \u00e0 15h et \u00e0 20h, <\/strong>au<strong> Z\u00e9nith de Rouen<\/strong>.<\/p>\n<p style=\"text-align: justify;\"><strong>Une occasion unique de voir <a href=\"https:\/\/www.youtube.com\/channel\/UCTMlPJJp5_7b7NfGsNip-ew\" rel=\"noopener nofollow\" target=\"_blank\">Ebony<\/a> sur sc\u00e8ne !<\/strong><\/p>\n<p>La tourn\u00e9e de la Star Academy revient pour une nouvelle \u00e9dition qui s\u2019annonce grandiose ! Nouvelle saison, nouveaux artistes, nouvelle setlist, le \u00ab\u00a0Star Academy Tour\u00a0\u00bb fait peau neuve pour vous proposer un tout nouveau show spectaculaire. Au programme : chor\u00e9graphies explosives, meilleures reprises de vos chansons favorites et ambiance de folie. Revivez le temps d\u2019un soir, aux c\u00f4t\u00e9s de vos acad\u00e9miciens pr\u00e9f\u00e9r\u00e9s, les meilleurs moments de l\u2019aventure au ch\u00e2teau. Ne manquez pas cet \u00e9v\u00e9nement musical incontournable de l&rsquo;ann\u00e9e et <strong>venez vivre l\u2019exp\u00e9rience Star Academy en live<\/strong>.<\/p>\n<p>\u00a0<\/p>\n<p>Pour tenter de remporter vos deux places pour le <strong>concert de la Star Academy\u00a0\u00e0 Caen ou \u00e0 Rouen<\/strong>, inscrivez-vous d\u00e8s maintenant par formulaire.\u00a0<\/p>\n<p>\u00a0<br \/>\nPour vous inscrire<\/p>\n<p style=\"text-align: justify;\">Remplissez le formulaire d&rsquo;inscription ci-dessous ; jeu valable jusqu&rsquo;au vendredi 25 avril 2025 \u00e0 19h59.\u00a0<\/p>\n<p>\u00a0<br \/>\nAide, r\u00e8glement et conditions<\/p>\n<p><a href=\"https:\/\/www.sweetfm.fr\/page\/aide-foire-aux-questions-47\" title=\"Consultez la foire aux questions des inscriptions\" rel=\"nofollow noopener\" target=\"_blank\">&gt;&gt; Consultez la rubrique d&rsquo;aide !<\/a><br \/><a href=\"https:\/\/www.sweetfm.fr\/page\/reglements-des-jeux-concours-2\" rel=\"noopener nofollow\" target=\"_blank\" title=\"Consultez le r\u00e8glement des jeux de Sweet FM\">&gt;&gt; Consultez le r\u00e8glement des jeux Sweet FM !<\/a><\/p>\n","protected":false},"excerpt":{"rendered":"Cette semaine, Sweet FM vous offre vos deux places pour le concert de la Star Academy, qui se&hellip;\n","protected":false},"author":2,"featured_media":39025,"comment_status":"","ping_status":"","sticky":false,"template":"","format":"standard","meta":{"footnotes":""},"categories":[9587],"tags":[17,1111,11,5492,5164,12179,1697,903,12180,12181,1777,674,1011,27,12182,1197,12178,12183,12184,6128,12185,873,12,5161,25,9590,5163,3140,5095,3584,4441,12186,12177],"class_list":{"0":"post-39024","1":"post","2":"type-post","3":"status-publish","4":"format-standard","5":"has-post-thumbnail","7":"category-rouen","8":"tag-17","9":"tag-actu","10":"tag-actualites","11":"tag-caen","12":"tag-calvados","13":"tag-charles","14":"tag-concert","15":"tag-concours","16":"tag-ebony","17":"tag-emma","18":"tag-eu","19":"tag-europe","20":"tag-fr","21":"tag-france","22":"tag-franck","23":"tag-jeu","24":"tag-jeu-concours","25":"tag-maia","26":"tag-marguerite","27":"tag-marine","28":"tag-maureen","29":"tag-musique","30":"tag-news","31":"tag-normandie","32":"tag-republique-francaise","33":"tag-rouen","34":"tag-seine-maritime","35":"tag-spectacle","36":"tag-star-academy","37":"tag-tour","38":"tag-tournee","39":"tag-ulysse","40":"tag-zenith"},"share_on_mastodon":{"url":"https:\/\/pubeurope.com\/@fr\/114370629288784712","error":""},"_links":{"self":[{"href":"https:\/\/www.europesays.com\/fr\/wp-json\/wp\/v2\/posts\/39024","targetHints":{"allow":["GET"]}}],"collection":[{"href":"https:\/\/www.europesays.com\/fr\/wp-json\/wp\/v2\/posts"}],"about":[{"href":"https:\/\/www.europesays.com\/fr\/wp-json\/wp\/v2\/types\/post"}],"author":[{"embeddable":true,"href":"https:\/\/www.europesays.com\/fr\/wp-json\/wp\/v2\/users\/2"}],"replies":[{"embeddable":true,"href":"https:\/\/www.europesays.com\/fr\/wp-json\/wp\/v2\/comments?post=39024"}],"version-history":[{"count":0,"href":"https:\/\/www.europesays.com\/fr\/wp-json\/wp\/v2\/posts\/39024\/revisions"}],"wp:featuredmedia":[{"embeddable":true,"href":"https:\/\/www.europesays.com\/fr\/wp-json\/wp\/v2\/media\/39025"}],"wp:attachment":[{"href":"https:\/\/www.europesays.com\/fr\/wp-json\/wp\/v2\/media?parent=39024"}],"wp:term":[{"taxonomy":"category","embeddable":true,"href":"https:\/\/www.europesays.com\/fr\/wp-json\/wp\/v2\/categories?post=39024"},{"taxonomy":"post_tag","embeddable":true,"href":"https:\/\/www.europesays.com\/fr\/wp-json\/wp\/v2\/tags?post=39024"}],"curies":[{"name":"wp","href":"https:\/\/api.w.org\/{rel}","templated":true}]}}