{"id":390241,"date":"2025-09-14T12:39:14","date_gmt":"2025-09-14T12:39:14","guid":{"rendered":"https:\/\/www.europesays.com\/fr\/390241\/"},"modified":"2025-09-14T12:39:14","modified_gmt":"2025-09-14T12:39:14","slug":"en-direct-lille-toulouse-avec-le-retour-de-giroud-les-dogues-veulent-enchainer-face-au-tefece","status":"publish","type":"post","link":"https:\/\/www.europesays.com\/fr\/390241\/","title":{"rendered":"EN DIRECT &#8211; Lille-Toulouse : avec le retour de Giroud, les Dogues veulent encha\u00eener face au T\u00e9f\u00e9c\u00e9"},"content":{"rendered":"<p class=\"fig-paragraph\">Giroud fait son retour en attaque pour le LOSC avec Correia et Fernandez-Pardo sur les c\u00f4t\u00e9s, dans ce qui pourrait \u00eatre un 4-3-3. Mandi est pr\u00e9f\u00e9r\u00e9 \u00e0 Santos sur le flanc droit de la d\u00e9fense. Mbemba, Bentaleb et Mbapp\u00e9 sont rempla\u00e7ants. Pas d\u2019Haraldsson ni de Meunier.<\/p>\n<p class=\"fig-paragraph\"><strong>Le onze lillois\u00a0: <\/strong>\u00d6zer &#8211; Perraud, Alexsandro, Ngoy, Mandi &#8211; Mukau, Andr\u00e9, Bouaddi &#8211; Correia, Giroud, Fernandez-Pardo<\/p>\n","protected":false},"excerpt":{"rendered":"Giroud fait son retour en attaque pour le LOSC avec Correia et Fernandez-Pardo sur les c\u00f4t\u00e9s, dans ce&hellip;\n","protected":false},"author":2,"featured_media":390242,"comment_status":"","ping_status":"","sticky":false,"template":"","format":"standard","meta":{"footnotes":""},"categories":[1412],"tags":[525,1981,814,1451,2257,63,1452,1453,1454,1455,1011,27,3309,66,1307,2267,955,1176,978,93,1980,60,8512],"class_list":{"0":"post-390241","1":"post","2":"type-post","3":"status-publish","4":"format-standard","5":"has-post-thumbnail","7":"category-f1","8":"tag-calendrier","9":"tag-classement","10":"tag-direct","11":"tag-f1","12":"tag-foot","13":"tag-football","14":"tag-formula-1","15":"tag-formula1","16":"tag-formule-1","17":"tag-formule1","18":"tag-fr","19":"tag-france","20":"tag-l1","21":"tag-ligue-1","22":"tag-lille","23":"tag-losc","24":"tag-match","25":"tag-olympique-de-marseille","26":"tag-olympique-lyonnais","27":"tag-psg","28":"tag-resultats","29":"tag-sports","30":"tag-toulouse-fc"},"share_on_mastodon":{"url":"https:\/\/pubeurope.com\/@fr\/115202697832153479","error":""},"_links":{"self":[{"href":"https:\/\/www.europesays.com\/fr\/wp-json\/wp\/v2\/posts\/390241","targetHints":{"allow":["GET"]}}],"collection":[{"href":"https:\/\/www.europesays.com\/fr\/wp-json\/wp\/v2\/posts"}],"about":[{"href":"https:\/\/www.europesays.com\/fr\/wp-json\/wp\/v2\/types\/post"}],"author":[{"embeddable":true,"href":"https:\/\/www.europesays.com\/fr\/wp-json\/wp\/v2\/users\/2"}],"replies":[{"embeddable":true,"href":"https:\/\/www.europesays.com\/fr\/wp-json\/wp\/v2\/comments?post=390241"}],"version-history":[{"count":0,"href":"https:\/\/www.europesays.com\/fr\/wp-json\/wp\/v2\/posts\/390241\/revisions"}],"wp:featuredmedia":[{"embeddable":true,"href":"https:\/\/www.europesays.com\/fr\/wp-json\/wp\/v2\/media\/390242"}],"wp:attachment":[{"href":"https:\/\/www.europesays.com\/fr\/wp-json\/wp\/v2\/media?parent=390241"}],"wp:term":[{"taxonomy":"category","embeddable":true,"href":"https:\/\/www.europesays.com\/fr\/wp-json\/wp\/v2\/categories?post=390241"},{"taxonomy":"post_tag","embeddable":true,"href":"https:\/\/www.europesays.com\/fr\/wp-json\/wp\/v2\/tags?post=390241"}],"curies":[{"name":"wp","href":"https:\/\/api.w.org\/{rel}","templated":true}]}}