{"id":390247,"date":"2025-09-14T12:42:12","date_gmt":"2025-09-14T12:42:12","guid":{"rendered":"https:\/\/www.europesays.com\/fr\/390247\/"},"modified":"2025-09-14T12:42:12","modified_gmt":"2025-09-14T12:42:12","slug":"michel-drucker-emporte-par-lemotion-ses-confidences-bouleversantes-sur-sa-fin-de-vie-ca-sent-le-sapin","status":"publish","type":"post","link":"https:\/\/www.europesays.com\/fr\/390247\/","title":{"rendered":"Michel Drucker emport\u00e9 par l&rsquo;\u00e9motion, ses confidences bouleversantes sur sa fin de vie : \u00ab\u00a0\u00c7a sent le sapin&#8230;\u00a0\u00bb"},"content":{"rendered":"<p>      R\u00e9sum\u00e9<\/p>\n<p>Michel Drucker, c\u00e9l\u00e9brant ses 83 ans apr\u00e8s une convalescence, a re\u00e7u de nombreux hommages \u00e9mouvants tout en annon\u00e7ant son retour \u00e0 la t\u00e9l\u00e9vision cette saison.<\/p>\n<p>        Sommaire<\/p>\n<p><strong>Un 13 septembre sur France 5.<\/strong> Pour c\u00e9l\u00e9brer ses 83 ans, Michel Drucker a choisi <strong>Mohamed Bouhafsi<\/strong> et sa bande du weekend de C \u00e0 vous. Depuis deux semaines, une nouvelle formule orchestr\u00e9e par le journaliste est propos\u00e9e tous les vendredis et samedis. A ses c\u00f4t\u00e9s, une bande remplace celle de la semaine : Amandine B\u00e9got, Ya\u00ebl Goosz et <a href=\"https:\/\/vsd.fr\/86870-eglantine-emeye-lance-mieux-un-nouveau-media-100-sante-et-bien-etre\/\" target=\"_blank\" rel=\"noopener\">Eglantine \u00c9m\u00e9y\u00e9<\/a> sont de la partie. Mais recevoir Michel Drucker impose de mettre les petits plats dans les grands&#8230;<\/p>\n<p>En effet, Mohamed Bouhafsi a tenu \u00e0 c\u00e9l\u00e9brer comme il se doit <strong>les 83 ans de son invit\u00e9<\/strong>. Michel Drucker, qui a connu des derni\u00e8res ann\u00e9es compliqu\u00e9es avec deux op\u00e9rations \u00e0 c\u0153ur ouvert et des mois pass\u00e9s \u00e0 l&rsquo;h\u00f4pital, va aujourd&rsquo;hui mieux. <strong>L&rsquo;occasion pour ses amis du show-biz de lui faire de beaux messages vid\u00e9o<\/strong>&#8230; Ainsi, dans un magn\u00e9to d&rsquo;une minute, de nombreuses personnalit\u00e9s se sont succ\u00e9d\u00e9es pour souhaiter \u00e0 leur mentor et ami un merveilleux anniversaire.<\/p>\n<p>Michel Drucker tr\u00e8s \u00e9mu, des hommages avant l&rsquo;heure ?<\/p>\n<p>Si <strong>Gad Elmaleh<\/strong> est rest\u00e9 dans l&rsquo;humour en souhaitant \u00e0 Michel Drucker un merveilleux 130e anniversaire, Mich\u00e8le Bernier, Anne Roumanoff ou encore <a href=\"https:\/\/www.public.fr\/on-doit-vous-garder-philippe-geluck-letat-de-sante-du-pere-du-chat-et-chroniqueur-de-laurent-ruquier-inquiete\" target=\"_blank\" rel=\"noopener\">Philippe Geluck<\/a> lui ont t\u00e9moign\u00e9 leur in\u00e9branlable amiti\u00e9. C&rsquo;est aussi le cas d&rsquo;Alex Vizorek, que l&rsquo;animateur a r\u00e9v\u00e9l\u00e9 sur son canap\u00e9 rouge&#8230; <strong>Laurent Gerra, Sheila, Chantal Ladesou et Michel Cym\u00e8s<\/strong> ont \u00e9galement particip\u00e9 \u00e0 la surprise. Une attention toute particuli\u00e8re, que Michel Drucker a prise avec beaucoup de recul :<strong> \u00ab\u00a0\u00c7a sent le sapin !\u00a0\u00bb<\/strong><\/p>\n<p>\u00ab\u00a0<strong>L\u00e0, vous avez choisi des gens que j&rsquo;adore<\/strong>. J&rsquo;ai tant de souvenirs avec eux. Avec Gerra, bien s\u00fbr. Avec Annie (Sheila, ndlr)\u2026 Merci \u00e0 tous\u00a0\u00bb a d\u00e9clar\u00e9, \u00e9mu, Michel Drucker. L&rsquo;animateur, \u00e0 la long\u00e9vit\u00e9 t\u00e9l\u00e9visuelle incroyable, sera de retour toute la saison avec de nouveaux num\u00e9ros in\u00e9dits de Vivement dimanche, d\u00e9sormais sur France 3. Toutefois, <a href=\"https:\/\/www.public.fr\/tag\/famille-je-vous-aime\" target=\"_blank\" rel=\"noopener\">sa nouvelle \u00e9mission Famille, je vous aime<\/a>, lanc\u00e9e au printemps dernier, n&rsquo;est pas certaine de revenir au regard des audiences timides qu&rsquo;elle a r\u00e9alis\u00e9es&#8230;<\/p>\n<p>      Mentionn\u00e9s dans cet article<\/p>\n<p>      Sur le m\u00eame sujet<\/p>\n","protected":false},"excerpt":{"rendered":"R\u00e9sum\u00e9 Michel Drucker, c\u00e9l\u00e9brant ses 83 ans apr\u00e8s une convalescence, a re\u00e7u de nombreux hommages \u00e9mouvants tout en&hellip;\n","protected":false},"author":2,"featured_media":390248,"comment_status":"","ping_status":"","sticky":false,"template":"","format":"standard","meta":{"footnotes":""},"categories":[1359],"tags":[5632,58,59,1011,27,4467,877,24618,973,572,878],"class_list":{"0":"post-390247","1":"post","2":"type-post","3":"status-publish","4":"format-standard","5":"has-post-thumbnail","7":"category-people","8":"tag-c-a-vous","9":"tag-divertissement","10":"tag-entertainment","11":"tag-fr","12":"tag-france","13":"tag-france-5","14":"tag-michel-drucker","15":"tag-mohamed-bouhafsi","16":"tag-people","17":"tag-vieillesse","18":"tag-vivement-dimanche"},"share_on_mastodon":{"url":"https:\/\/pubeurope.com\/@fr\/115202709492438124","error":""},"_links":{"self":[{"href":"https:\/\/www.europesays.com\/fr\/wp-json\/wp\/v2\/posts\/390247","targetHints":{"allow":["GET"]}}],"collection":[{"href":"https:\/\/www.europesays.com\/fr\/wp-json\/wp\/v2\/posts"}],"about":[{"href":"https:\/\/www.europesays.com\/fr\/wp-json\/wp\/v2\/types\/post"}],"author":[{"embeddable":true,"href":"https:\/\/www.europesays.com\/fr\/wp-json\/wp\/v2\/users\/2"}],"replies":[{"embeddable":true,"href":"https:\/\/www.europesays.com\/fr\/wp-json\/wp\/v2\/comments?post=390247"}],"version-history":[{"count":0,"href":"https:\/\/www.europesays.com\/fr\/wp-json\/wp\/v2\/posts\/390247\/revisions"}],"wp:featuredmedia":[{"embeddable":true,"href":"https:\/\/www.europesays.com\/fr\/wp-json\/wp\/v2\/media\/390248"}],"wp:attachment":[{"href":"https:\/\/www.europesays.com\/fr\/wp-json\/wp\/v2\/media?parent=390247"}],"wp:term":[{"taxonomy":"category","embeddable":true,"href":"https:\/\/www.europesays.com\/fr\/wp-json\/wp\/v2\/categories?post=390247"},{"taxonomy":"post_tag","embeddable":true,"href":"https:\/\/www.europesays.com\/fr\/wp-json\/wp\/v2\/tags?post=390247"}],"curies":[{"name":"wp","href":"https:\/\/api.w.org\/{rel}","templated":true}]}}