{"id":390251,"date":"2025-09-14T12:44:10","date_gmt":"2025-09-14T12:44:10","guid":{"rendered":"https:\/\/www.europesays.com\/fr\/390251\/"},"modified":"2025-09-14T12:44:10","modified_gmt":"2025-09-14T12:44:10","slug":"a-callac-la-bibliotheque-vend-ses-livres-au-kilo","status":"publish","type":"post","link":"https:\/\/www.europesays.com\/fr\/390251\/","title":{"rendered":"\u00c0 Callac, la biblioth\u00e8que vend ses livres au kilo"},"content":{"rendered":"<p>Val\u00e9rie Renault, la biblioth\u00e9caire de Callac, organise \u00e0 la Maison de l\u2019\u00e9pagneul breton, avec son \u00e9quipe, les mercredis 17 et 24 septembre, une grande vente aux livres (2 \u20ac le kilo) avec plus de 1\u00a0500 romans, BD, documentaires, livres jeunesse etc.<\/p>\n<p>\u00ab\u00a0Il s\u2019agit de livres retir\u00e9s des fonds de la biblioth\u00e8que qui s\u2019accumulaient dans nos espaces de stockages depuis des ann\u00e9es. Nous avons fait un premier tri et retir\u00e9 de la vente les livres trop ab\u00eem\u00e9s ou jaunis. Certains ne sont pas de premi\u00e8re jeunesse mais sont encore en bon \u00e9tat\u00a0\u00bb, explique la biblioth\u00e9caire.<\/p>\n<p>Pratique<\/p>\n<p class=\"note\">Les mercredis 17 et 24 septembre de 10\u00a0h \u00e0 15\u00a0h et de 18\u00a0h \u00e0 21\u00a0h et les samedis 20 et 27 septembre, de 12\u00a0h \u00e0 15\u00a0h. R\u00e8glement par ch\u00e8que ou esp\u00e8ces uniquement. Contact\u00a0: t\u00e9l. 02\u00a096\u00a045\u00a059\u00a028.<\/p>\n","protected":false},"excerpt":{"rendered":"Val\u00e9rie Renault, la biblioth\u00e9caire de Callac, organise \u00e0 la Maison de l\u2019\u00e9pagneul breton, avec son \u00e9quipe, les mercredis&hellip;\n","protected":false},"author":2,"featured_media":390252,"comment_status":"","ping_status":"","sticky":false,"template":"","format":"standard","meta":{"footnotes":""},"categories":[1357],"tags":[1379,8509,58,59,1011,27,1380],"class_list":{"0":"post-390251","1":"post","2":"type-post","3":"status-publish","4":"format-standard","5":"has-post-thumbnail","7":"category-livres","8":"tag-books","9":"tag-callac","10":"tag-divertissement","11":"tag-entertainment","12":"tag-fr","13":"tag-france","14":"tag-livres"},"share_on_mastodon":{"url":"https:\/\/pubeurope.com\/@fr\/115202717501778993","error":""},"_links":{"self":[{"href":"https:\/\/www.europesays.com\/fr\/wp-json\/wp\/v2\/posts\/390251","targetHints":{"allow":["GET"]}}],"collection":[{"href":"https:\/\/www.europesays.com\/fr\/wp-json\/wp\/v2\/posts"}],"about":[{"href":"https:\/\/www.europesays.com\/fr\/wp-json\/wp\/v2\/types\/post"}],"author":[{"embeddable":true,"href":"https:\/\/www.europesays.com\/fr\/wp-json\/wp\/v2\/users\/2"}],"replies":[{"embeddable":true,"href":"https:\/\/www.europesays.com\/fr\/wp-json\/wp\/v2\/comments?post=390251"}],"version-history":[{"count":0,"href":"https:\/\/www.europesays.com\/fr\/wp-json\/wp\/v2\/posts\/390251\/revisions"}],"wp:featuredmedia":[{"embeddable":true,"href":"https:\/\/www.europesays.com\/fr\/wp-json\/wp\/v2\/media\/390252"}],"wp:attachment":[{"href":"https:\/\/www.europesays.com\/fr\/wp-json\/wp\/v2\/media?parent=390251"}],"wp:term":[{"taxonomy":"category","embeddable":true,"href":"https:\/\/www.europesays.com\/fr\/wp-json\/wp\/v2\/categories?post=390251"},{"taxonomy":"post_tag","embeddable":true,"href":"https:\/\/www.europesays.com\/fr\/wp-json\/wp\/v2\/tags?post=390251"}],"curies":[{"name":"wp","href":"https:\/\/api.w.org\/{rel}","templated":true}]}}