{"id":390253,"date":"2025-09-14T12:45:13","date_gmt":"2025-09-14T12:45:13","guid":{"rendered":"https:\/\/www.europesays.com\/fr\/390253\/"},"modified":"2025-09-14T12:45:13","modified_gmt":"2025-09-14T12:45:13","slug":"brokenwood-y-aura-t-il-une-saison-11","status":"publish","type":"post","link":"https:\/\/www.europesays.com\/fr\/390253\/","title":{"rendered":"Brokenwood : y aura-t-il une saison 11 ?"},"content":{"rendered":"<p>Lanc\u00e9e pour la premi\u00e8re fois \u00e0 l&rsquo;antenne en 2014. La s\u00e9rie<br \/>\npolici\u00e8re n\u00e9o-z\u00e9landaise baptis\u00e9e <a href=\"https:\/\/www.telestar.fr\/actu-tv\/brokenwood-la-ville-ou-se-deroule-la-serie-existe-t-elle-vraiment-726715\" target=\"_blank\" rel=\"noopener\"><br \/>\nBrokenwood<\/a> a d\u00e9barqu\u00e9 dans l&rsquo;Hexagone sur l&rsquo;antenne de<br \/>\nFrance 3 \u00e0 peine un an plus tard. Cette fiction met en sc\u00e8ne le<br \/>\npersonnage de l&rsquo;inspecteur de police <a href=\"https:\/\/www.telestar.fr\/serie-tv\/autres-series\/brokenwood-saison-3-que-nous-reserve-la-nouvelle-saison-sur-france-3-261746\" target=\"_blank\" rel=\"noopener\"><br \/>\nMike Shepherd<\/a>. <strong>Officiant au sein de la police<br \/>\njudiciaire d&rsquo;Auckland<\/strong>. Il est envoy\u00e9 \u00e0 Brokenwood pour une<br \/>\nenqu\u00eate au d\u00e9but de la s\u00e9rie.<\/p>\n<p>\u00c0 l&rsquo;issue de celle-ci, <strong>il d\u00e9cide de demander sa mutation<br \/>\npour cette petite ville<\/strong>. M\u00eame si cela le contraint \u00e0<br \/>\naccepter un poste de grade inf\u00e9rieur. Il est d\u00e8s lors assist\u00e9 par<br \/>\nle commandant <a href=\"https:\/\/www.telestar.fr\/serie-tv\/autres-series\/brokenwood-saison-3-la-serie-de-france-3-aura-t-elle-une-suite-218090\" target=\"_blank\" rel=\"noopener\"><br \/>\nKristin Sims<\/a> et le capitaine <a href=\"https:\/\/www.telestar.fr\/serie-tv\/autres-series\/brokenwood-y-aura-t-il-une-saison-2-de-la-serie-de-france-3-photos-157235\" target=\"_blank\" rel=\"noopener\"><br \/>\nSam Breen<\/a>. La faible population de Brokenwood entra\u00eene une<br \/>\ngrande r\u00e9currence des personnages secondaires. \u00c9l\u00e9ment qui<br \/>\nconstitue un atout de cette s\u00e9rie.<\/p>\n<p>Brokenwood : France 3 diffusera un nouvel \u00e9pisode baptis\u00e9 Le<br \/>\njour des morts cette semaine<\/p>\n<p class=\"bo-p\">Chaque \u00e9pisode est une histoire criminelle<br \/>\nind\u00e9pendante qui se d\u00e9roule <strong>dans une petite ville<br \/>\nsilencieuse<\/strong>. O\u00f9 le personnage de Mike Sheperd pense que le<br \/>\ncrime peut m\u00eame se cacher dans la plus paisible des contr\u00e9es.<br \/>\nDepuis le dimanche 7 septembre 2025, la 10e saison de<br \/>\nBrokenwood est diffus\u00e9e chaque semaine en prime time sur<br \/>\nFrance 3.<\/p>\n<p>\u00ab\u00a0Dans cette 10e saison, on retourne \u00e0 Brokenwood. Charmante<br \/>\npetite ville de Nouvelle-Z\u00e9lande o\u00f9 il fait bon vivre. <strong>Mais<br \/>\naussi parfois mourir<\/strong>. Le commandant Shepherd et son<br \/>\n\u00e9quipe, le capitaine Sims, le lieutenant Chalmers et le docteur<br \/>\nKadinsky se retrouvent une nouvelle fois confront\u00e9s \u00e0 des crimes<br \/>\naussi macabres qu\u2019inventifs et totalement d\u00e9routants. Mais aussi \u00e0<br \/>\nune galerie de suspects excentriques. Et toujours aussi<br \/>\ncomplexes\u00a0\u00bb, a notamment indiqu\u00e9 la cha\u00eene publique dans un<br \/>\ncommuniqu\u00e9.<\/p>\n<p>Une 11e saison in\u00e9dite a d&rsquo;ors et d\u00e9j\u00e0<br \/>\nvu le jour en Nouvelle-Z\u00e9lande<\/p>\n<p>Dimanche 14 septembre 2025, les t\u00e9l\u00e9spectateurs de France 3<br \/>\npourront ainsi d\u00e9couvrir le 2e \u00e9pisode in\u00e9dit de cette 10e saison \u00e0<br \/>\npartir de 21h05. Baptis\u00e9 Le jour des morts.<br \/>\n\u00ab\u00a0L\u2019association des petits exposants de Brokenwood organise un<br \/>\nmarch\u00e9 nocturne. <strong>Avec pour th\u00e8me la f\u00eate mexicaine Dia de<br \/>\nlos Muertos.<\/strong> Le Jour des morts. Le lendemain, au moment de<br \/>\nremballer les d\u00e9corations de la f\u00eate. On d\u00e9couvre un mort maquill\u00e9<br \/>\nen effigie de mariachi pendu \u00e0 un arbre\u00a0\u00bb, a ainsi teas\u00e9 la<br \/>\ncha\u00eene publique.<\/p>\n<p class=\"bo-p\">Comptant six nouveaux \u00e9pisodes, la 10e saison de<br \/>\nBrokenwood devrait voir sa diffusion sur France 3 prendre<br \/>\nfin le dimanche 12 octobre 2025. Mais que les fans de la s\u00e9rie<br \/>\nn\u00e9o-z\u00e9landaise se rassurent, une 11e saison a d&rsquo;ors et d\u00e9j\u00e0 \u00e9t\u00e9<br \/>\ndiffus\u00e9e en <a href=\"https:\/\/www.closermag.fr\/vecu\/temoignage-mon-mari-veut-demenager-en-nouvelle-zelande-pour-une-raison-lunaire-je-pense-quil-passe-trop-de-temps-sur-tik-tok-3445224\" target=\"_blank\" rel=\"noopener\"><br \/>\nNouvelle-Z\u00e9lande<\/a> et aux \u00c9tats-Unis au cours de l&rsquo;ann\u00e9e 2025.<br \/>\nFrance 3 devrait donc <strong>programmer cette fameuse 11e saison<br \/>\nsur son antenne au cours de l&rsquo;ann\u00e9e 2026<\/strong>.<\/p>\n","protected":false},"excerpt":{"rendered":"Lanc\u00e9e pour la premi\u00e8re fois \u00e0 l&rsquo;antenne en 2014. La s\u00e9rie polici\u00e8re n\u00e9o-z\u00e9landaise baptis\u00e9e Brokenwood a d\u00e9barqu\u00e9 dans&hellip;\n","protected":false},"author":2,"featured_media":390254,"comment_status":"","ping_status":"","sticky":false,"template":"","format":"standard","meta":{"footnotes":""},"categories":[1356],"tags":[548,58,59,1011,27,876,252,1364],"class_list":{"0":"post-390253","1":"post","2":"type-post","3":"status-publish","4":"format-standard","5":"has-post-thumbnail","7":"category-television","8":"tag-article-simple","9":"tag-divertissement","10":"tag-entertainment","11":"tag-fr","12":"tag-france","13":"tag-france-3","14":"tag-television","15":"tag-tv"},"share_on_mastodon":{"url":"https:\/\/pubeurope.com\/@fr\/115202721817914181","error":""},"_links":{"self":[{"href":"https:\/\/www.europesays.com\/fr\/wp-json\/wp\/v2\/posts\/390253","targetHints":{"allow":["GET"]}}],"collection":[{"href":"https:\/\/www.europesays.com\/fr\/wp-json\/wp\/v2\/posts"}],"about":[{"href":"https:\/\/www.europesays.com\/fr\/wp-json\/wp\/v2\/types\/post"}],"author":[{"embeddable":true,"href":"https:\/\/www.europesays.com\/fr\/wp-json\/wp\/v2\/users\/2"}],"replies":[{"embeddable":true,"href":"https:\/\/www.europesays.com\/fr\/wp-json\/wp\/v2\/comments?post=390253"}],"version-history":[{"count":0,"href":"https:\/\/www.europesays.com\/fr\/wp-json\/wp\/v2\/posts\/390253\/revisions"}],"wp:featuredmedia":[{"embeddable":true,"href":"https:\/\/www.europesays.com\/fr\/wp-json\/wp\/v2\/media\/390254"}],"wp:attachment":[{"href":"https:\/\/www.europesays.com\/fr\/wp-json\/wp\/v2\/media?parent=390253"}],"wp:term":[{"taxonomy":"category","embeddable":true,"href":"https:\/\/www.europesays.com\/fr\/wp-json\/wp\/v2\/categories?post=390253"},{"taxonomy":"post_tag","embeddable":true,"href":"https:\/\/www.europesays.com\/fr\/wp-json\/wp\/v2\/tags?post=390253"}],"curies":[{"name":"wp","href":"https:\/\/api.w.org\/{rel}","templated":true}]}}