{"id":390263,"date":"2025-09-14T12:51:15","date_gmt":"2025-09-14T12:51:15","guid":{"rendered":"https:\/\/www.europesays.com\/fr\/390263\/"},"modified":"2025-09-14T12:51:15","modified_gmt":"2025-09-14T12:51:15","slug":"voici-la-vue-la-plus-haute-resolution-dune-eruption-solaire-jamais-prise","status":"publish","type":"post","link":"https:\/\/www.europesays.com\/fr\/390263\/","title":{"rendered":"voici la vue la plus haute r\u00e9solution d&rsquo;une \u00e9ruption solaire jamais prise"},"content":{"rendered":"<p class=\"whitespace-normal break-words\"><strong>Une d\u00e9couverte<br \/>\nr\u00e9volutionnaire vient de bouleverser notre compr\u00e9hension du Soleil.<br \/>\nGr\u00e2ce aux observations exceptionnelles du t\u00e9lescope Daniel K.<br \/>\nInouye, les scientifiques ont enfin perc\u00e9 l\u2019un des myst\u00e8res les<br \/>\nplus tenaces de notre <a href=\"https:\/\/sciencepost.fr\/une-planete-tueuse-detoile-comment-hip-67522-b-orchestre-la-fin-de-son-soleil\/\" target=\"_blank\" rel=\"noopener nofollow\">\u00e9toile<\/a> : la v\u00e9ritable nature des<br \/>\nboucles coronales. Ces structures flamboyantes, longtemps observ\u00e9es<br \/>\nde loin, r\u00e9v\u00e8lent aujourd\u2019hui leurs secrets les plus intimes,<br \/>\nremettant en question des d\u00e9cennies de th\u00e9ories<br \/>\n\u00e9tablies.<\/strong><\/p>\n<p>Un regard<br \/>\nin\u00e9dit sur l\u2019intimit\u00e9 de notre \u00e9toile<\/p>\n<p class=\"whitespace-normal break-words\">Le 8 ao\u00fbt 2024 restera<br \/>\ngrav\u00e9 dans l\u2019histoire de l\u2019astronomie solaire. Ce jour-l\u00e0, \u00e0 20h12<br \/>\ntemps universel, une puissante \u00e9ruption de classe X1,3 a embras\u00e9 la<br \/>\nsurface du Soleil. Mais contrairement aux milliers d\u2019\u00e9ruptions<br \/>\nobserv\u00e9es auparavant, celle-ci avait un t\u00e9moin d\u2019exception : le<br \/>\nt\u00e9lescope solaire Daniel K. Inouye, l\u2019instrument le plus<br \/>\nsophistiqu\u00e9 jamais point\u00e9 vers notre \u00e9toile.<\/p>\n<p class=\"whitespace-normal break-words\">Cette \u00e9ruption survenait<br \/>\nau moment parfait. Le Soleil traversait son maximum d\u2019activit\u00e9,<br \/>\np\u00e9riode cyclique o\u00f9 les ph\u00e9nom\u00e8nes les plus spectaculaires se<br \/>\nmultiplient. Les conditions d\u2019observation \u00e9taient id\u00e9ales, offrant<br \/>\naux chercheurs une fen\u00eatre unique sur les m\u00e9canismes les plus<br \/>\nviolents de notre syst\u00e8me solaire.<\/p>\n<p>Des arcs<br \/>\nde plasma plus fins qu\u2019imagin\u00e9<\/p>\n<p class=\"whitespace-normal break-words\">Les boucles coronales<br \/>\nressemblent \u00e0 d\u2019gigantesques arcs-en-ciel de feu qui s\u2019\u00e9l\u00e8vent de<br \/>\nla surface solaire. Ces structures de plasma incandescent suivent<br \/>\nfid\u00e8lement les lignes invisibles du champ magn\u00e9tique solaire,<br \/>\ncr\u00e9ant des ponts lumineux entre diff\u00e9rentes r\u00e9gions de l\u2019\u00e9toile.<br \/>\nLorsque ces lignes magn\u00e9tiques se tordent et finissent par se<br \/>\nrompre sous la tension, l\u2019\u00e9nergie lib\u00e9r\u00e9e propulse le plasma \u00e0 des<br \/>\ntemp\u00e9ratures vertigineuses, d\u00e9passant les millions de degr\u00e9s.<\/p>\n<p class=\"whitespace-normal break-words\">Jusqu\u2019\u00e0 pr\u00e9sent, la taille<br \/>\nexacte de ces boucles demeurait un myst\u00e8re. Les observations<br \/>\nr\u00e9v\u00e8lent maintenant des d\u00e9tails stup\u00e9fiants : ces structures<br \/>\nmesurent en moyenne 48,2 kilom\u00e8tres de largeur, certaines ne<br \/>\nd\u00e9passant m\u00eame pas 21 kilom\u00e8tres. Pour mettre ces chiffres en<br \/>\nperspective, imaginez des ponts de plasma plus fins que la largeur<br \/>\nde certaines grandes m\u00e9tropoles, s\u2019\u00e9tendant pourtant sur des<br \/>\ndistances \u00e9quivalentes \u00e0 plusieurs fois le diam\u00e8tre de la<br \/>\nTerre.<\/p>\n<p><img loading=\"lazy\" data-lazyloaded=\"1\" decoding=\"async\" class=\"size-full wp-image-315015\" src=\"https:\/\/www.europesays.com\/fr\/wp-content\/uploads\/2025\/09\/ezgif.com-optimize-16.gif\" alt=\"\u00e9ruption solaire\" width=\"800\" height=\"450\"\/><br \/>\nLes filaments de la boucle coronale s\u2019\u00e9tendant \u00e0 travers le Soleil,<br \/>\ndans une vid\u00e9o acc\u00e9l\u00e9r\u00e9e 100 fois. Cr\u00e9dit image :<br \/>\nNSF\/NSO\/AURAUne<br \/>\nr\u00e9volution dans notre vision du cosmos solaire<\/p>\n<p class=\"whitespace-normal break-words\">\u00ab\u00a0C\u2019est comme<br \/>\npasser d\u2019une for\u00eat \u00e0 la vue de tous les arbres\u00ab\u00a0,<br \/>\nexplique Cole Tamburri, l\u2019auteur principal de cette recherche men\u00e9e<br \/>\n\u00e0 l\u2019Universit\u00e9 du Colorado \u00e0 Boulder. Cette m\u00e9taphore illustre<br \/>\nparfaitement la r\u00e9volution en cours : l\u00e0 o\u00f9 les scientifiques ne<br \/>\ndistinguaient qu\u2019une masse confuse de structures, ils peuvent<br \/>\nd\u00e9sormais observer des \u00e9l\u00e9ments individuels avec une pr\u00e9cision<br \/>\ninou\u00efe.<\/p>\n<p class=\"whitespace-normal break-words\">La d\u00e9couverte la plus<br \/>\nsurprenante concerne la nature m\u00eame de ces boucles. Contrairement<br \/>\naux hypoth\u00e8ses pr\u00e9c\u00e9dentes qui sugg\u00e9raient des faisceaux de<br \/>\nmultiples structures magn\u00e9tiques entrelac\u00e9es, les observations<br \/>\nindiquent que chaque boucle constitue probablement une entit\u00e9<br \/>\nunique et coh\u00e9rente. Cette r\u00e9v\u00e9lation transforme fondamentalement<br \/>\nnotre compr\u00e9hension des processus magn\u00e9tiques solaires.<\/p>\n<p>Vers une<br \/>\nnouvelle \u00e8re de la physique solaire<\/p>\n<p class=\"whitespace-normal break-words\">Ces avanc\u00e9es ouvrent des<br \/>\nperspectives fascinantes pour l\u2019\u00e9tude de notre \u00e9toile. Maria<br \/>\nKazachenko, co-auteure de l\u2019\u00e9tude et chercheuse \u00e0 l\u2019Observatoire<br \/>\nsolaire national, souligne l\u2019importance de cette \u00e9tape :<br \/>\n\u00ab\u00a0Savoir qu\u2019un t\u00e9lescope peut th\u00e9oriquement faire quelque<br \/>\nchose est une chose. Le voir fonctionner \u00e0 cette limite est<br \/>\nexaltant.\u00a0\u00bb<\/p>\n<p class=\"whitespace-normal break-words\">D\u00e9sormais, les<br \/>\nscientifiques peuvent \u00e9tudier non seulement la taille de ces<br \/>\nstructures, mais aussi leurs formes, leur \u00e9volution temporelle et<br \/>\nles m\u00e9canismes pr\u00e9cis de la reconnexion magn\u00e9tique qui alimente les<br \/>\n\u00e9ruptions solaires. Cette compr\u00e9hension approfondie pourrait<br \/>\nr\u00e9volutionner notre capacit\u00e9 \u00e0 pr\u00e9dire les temp\u00eates solaires et<br \/>\nleurs impacts sur nos technologies terrestres et spatiales.<\/p>\n<p class=\"whitespace-normal break-words\">L\u2019\u00e9tude, publi\u00e9e dans<br \/>\n<a href=\"https:\/\/iopscience.iop.org\/article\/10.3847\/2041-8213\/adf95e\" target=\"_blank\" rel=\"noopener nofollow\">The Astrophysical Journal<br \/>\nLetters<\/a>, marque le d\u00e9but d\u2019une nouvelle \u00e8re dans l\u2019exploration<br \/>\nsolaire, o\u00f9 les myst\u00e8res les plus anciens de notre \u00e9toile<br \/>\ncommencent enfin \u00e0 r\u00e9v\u00e9ler leurs secrets.<\/p>\n","protected":false},"excerpt":{"rendered":"Une d\u00e9couverte r\u00e9volutionnaire vient de bouleverser notre compr\u00e9hension du Soleil. Gr\u00e2ce aux observations exceptionnelles du t\u00e9lescope Daniel K.&hellip;\n","protected":false},"author":2,"featured_media":390264,"comment_status":"","ping_status":"","sticky":false,"template":"","format":"standard","meta":{"footnotes":""},"categories":[7],"tags":[1011,27,43,40,41,39,42,44],"class_list":{"0":"post-390263","1":"post","2":"type-post","3":"status-publish","4":"format-standard","5":"has-post-thumbnail","7":"category-sciences-et-technologies","8":"tag-fr","9":"tag-france","10":"tag-science","11":"tag-science-and-technology","12":"tag-sciences","13":"tag-sciences-et-technologies","14":"tag-technologies","15":"tag-technology"},"share_on_mastodon":{"url":"https:\/\/pubeurope.com\/@fr\/115202745584116000","error":""},"_links":{"self":[{"href":"https:\/\/www.europesays.com\/fr\/wp-json\/wp\/v2\/posts\/390263","targetHints":{"allow":["GET"]}}],"collection":[{"href":"https:\/\/www.europesays.com\/fr\/wp-json\/wp\/v2\/posts"}],"about":[{"href":"https:\/\/www.europesays.com\/fr\/wp-json\/wp\/v2\/types\/post"}],"author":[{"embeddable":true,"href":"https:\/\/www.europesays.com\/fr\/wp-json\/wp\/v2\/users\/2"}],"replies":[{"embeddable":true,"href":"https:\/\/www.europesays.com\/fr\/wp-json\/wp\/v2\/comments?post=390263"}],"version-history":[{"count":0,"href":"https:\/\/www.europesays.com\/fr\/wp-json\/wp\/v2\/posts\/390263\/revisions"}],"wp:featuredmedia":[{"embeddable":true,"href":"https:\/\/www.europesays.com\/fr\/wp-json\/wp\/v2\/media\/390264"}],"wp:attachment":[{"href":"https:\/\/www.europesays.com\/fr\/wp-json\/wp\/v2\/media?parent=390263"}],"wp:term":[{"taxonomy":"category","embeddable":true,"href":"https:\/\/www.europesays.com\/fr\/wp-json\/wp\/v2\/categories?post=390263"},{"taxonomy":"post_tag","embeddable":true,"href":"https:\/\/www.europesays.com\/fr\/wp-json\/wp\/v2\/tags?post=390263"}],"curies":[{"name":"wp","href":"https:\/\/api.w.org\/{rel}","templated":true}]}}