{"id":390267,"date":"2025-09-14T12:53:12","date_gmt":"2025-09-14T12:53:12","guid":{"rendered":"https:\/\/www.europesays.com\/fr\/390267\/"},"modified":"2025-09-14T12:53:12","modified_gmt":"2025-09-14T12:53:12","slug":"larmee-israelienne-multiplie-les-bombardements-et-les-ordres-devacuations-pour-pousser-la-population-vers-le-sud","status":"publish","type":"post","link":"https:\/\/www.europesays.com\/fr\/390267\/","title":{"rendered":"l\u2019arm\u00e9e isra\u00e9lienne multiplie les bombardements et les ordres d\u2019\u00e9vacuations pour pousser la population vers le sud"},"content":{"rendered":"<p>   Le secr\u00e9taire d\u2019Etat am\u00e9ricain est arriv\u00e9 en Isra\u00ebl, cinq jours apr\u00e8s les frappes isra\u00e9liennes au Qatar             <\/p>\n<p class=\"post__live-container--answer-text post__space-node\">Le secr\u00e9taire d\u2019Etat am\u00e9ricain Marco Rubio a commenc\u00e9 dimanche une visite en Isra\u00ebl. A J\u00e9rusalem, il doit se rendre au mur des Lamentations en compagnie de Benyamin N\u00e9tanyahou, dimanche, selon le bureau du premier ministre isra\u00e9lien. Ses principaux entretiens, notamment avec M. N\u00e9tanyahou, sont pr\u00e9vus lundi, avant son d\u00e9part mardi.<\/p>\n<p class=\"post__live-container--answer-text post__space-node\">Cette visite intervient alors que le pr\u00e9sident am\u00e9ricain Donald Trump s\u2019est montr\u00e9 contrari\u00e9 par l\u2019attaque isra\u00e9lienne de mardi, qui visait des responsables du mouvement islamiste palestinien au Qatar, autre alli\u00e9 des Etats-Unis.<\/p>\n<p class=\"post__live-container--answer-text post__space-node\">Cette attaque \u00ab\u00a0ne va pas changer la nature de notre relation avec Isra\u00ebl, mais nous allons devoir en parler, et\u00a0[\u00e9voquer]\u00a0l\u2019impact que cela aura\u00a0\u00bb, avait d\u00e9clar\u00e9 Marco Rubio \u00e0 des journalistes avant son d\u00e9part.<\/p>\n<p class=\"post__live-container--answer-text post__space-node\">Selon le d\u00e9partement d\u2019Etat am\u00e9ricain, le but du voyage de M.\u00a0Rubio est d\u2019assurer Isra\u00ebl du soutien des Etats-Unis, avant la reconnaissance prochaine par plusieurs pays d\u2019un Etat de Palestine lors de l\u2019Assembl\u00e9e g\u00e9n\u00e9rale de l\u2019ONU.<\/p>\n<p>                          <img decoding=\"async\" class=\"post__live-container--img post__space-node\"  src=\"https:\/\/www.europesays.com\/fr\/wp-content\/uploads\/2025\/09\/6bfba17_ftp-import-images-1-ohs6rm0np18x-2025-09-14t063020z-955637868-rc2irga4ke1c-rtrmadp-3-israel-.jpeg\" data- alt=\"Le secr\u00e9taire d\u2019Etat am\u00e9ricain, Mario Rubio, et son \u00e9pouse, Jeanette Dousdebes, \u00e0 leur arriv\u00e9e \u00e0 l\u2019a\u00e9roport Ben-Gourion, \u00e0 Lod (Isra\u00ebl), le 14\u00a0septembre 2025.\"\/>   Le secr\u00e9taire d\u2019Etat am\u00e9ricain, Mario Rubio, et son \u00e9pouse, Jeanette Dousdebes, \u00e0 leur arriv\u00e9e \u00e0 l\u2019a\u00e9roport Ben-Gourion, \u00e0 Lod (Isra\u00ebl), le 14\u00a0septembre 2025. NATHAN HOWARD\/REUTERS         <\/p>\n","protected":false},"excerpt":{"rendered":"Le secr\u00e9taire d\u2019Etat am\u00e9ricain est arriv\u00e9 en Isra\u00ebl, cinq jours apr\u00e8s les frappes isra\u00e9liennes au Qatar Le secr\u00e9taire&hellip;\n","protected":false},"author":2,"featured_media":390268,"comment_status":"","ping_status":"","sticky":false,"template":"","format":"standard","meta":{"footnotes":""},"categories":[5],"tags":[11,1011,27,14,12,28],"class_list":{"0":"post-390267","1":"post","2":"type-post","3":"status-publish","4":"format-standard","5":"has-post-thumbnail","7":"category-international","8":"tag-actualites","9":"tag-fr","10":"tag-france","11":"tag-international","12":"tag-news","13":"tag-world"},"share_on_mastodon":{"url":"https:\/\/pubeurope.com\/@fr\/115202752886454637","error":""},"_links":{"self":[{"href":"https:\/\/www.europesays.com\/fr\/wp-json\/wp\/v2\/posts\/390267","targetHints":{"allow":["GET"]}}],"collection":[{"href":"https:\/\/www.europesays.com\/fr\/wp-json\/wp\/v2\/posts"}],"about":[{"href":"https:\/\/www.europesays.com\/fr\/wp-json\/wp\/v2\/types\/post"}],"author":[{"embeddable":true,"href":"https:\/\/www.europesays.com\/fr\/wp-json\/wp\/v2\/users\/2"}],"replies":[{"embeddable":true,"href":"https:\/\/www.europesays.com\/fr\/wp-json\/wp\/v2\/comments?post=390267"}],"version-history":[{"count":0,"href":"https:\/\/www.europesays.com\/fr\/wp-json\/wp\/v2\/posts\/390267\/revisions"}],"wp:featuredmedia":[{"embeddable":true,"href":"https:\/\/www.europesays.com\/fr\/wp-json\/wp\/v2\/media\/390268"}],"wp:attachment":[{"href":"https:\/\/www.europesays.com\/fr\/wp-json\/wp\/v2\/media?parent=390267"}],"wp:term":[{"taxonomy":"category","embeddable":true,"href":"https:\/\/www.europesays.com\/fr\/wp-json\/wp\/v2\/categories?post=390267"},{"taxonomy":"post_tag","embeddable":true,"href":"https:\/\/www.europesays.com\/fr\/wp-json\/wp\/v2\/tags?post=390267"}],"curies":[{"name":"wp","href":"https:\/\/api.w.org\/{rel}","templated":true}]}}