{"id":39027,"date":"2025-04-20T13:55:22","date_gmt":"2025-04-20T13:55:22","guid":{"rendered":"https:\/\/www.europesays.com\/fr\/39027\/"},"modified":"2025-04-20T13:55:22","modified_gmt":"2025-04-20T13:55:22","slug":"grenoble-une-vente-de-plantes-de-printemps-organisee-le-dimanche-27-avril","status":"publish","type":"post","link":"https:\/\/www.europesays.com\/fr\/39027\/","title":{"rendered":"Grenoble. Une vente de plantes de printemps organis\u00e9e le dimanche 27\u00a0avril"},"content":{"rendered":"<p>La ferme Houblon Bocq prendra place au Levrette caf\u00e9 Grenoble \u00e0 la Caserne de Bonne pour une vente de plantes potag\u00e8res locales le dimanche 27\u00a0avril de 9\u00a0h \u00e0 18\u00a0h. Avec des plantes et des assortiments pour tous les budgets, le public pourra trouver tout le n\u00e9cessaire pour cultiver sa terrasse, son balcon ou son jardin. Des plantes potag\u00e8res aux fleurs, en passant par les aromatiques ou les plantes grasses, les visiteurs pourront d\u00e9couvrir les cr\u00e9ations produites localement par Maxime Bocquentin, agriculteur install\u00e9 depuis six ann\u00e9es \u00e0 Vaulnaveys-le-Bas. Le bar sera ouvert toute la journ\u00e9e pour \u00e9changer autour des plantes.<\/p>\n<p class=\"note\">Dimanche 27\u00a0avril de 9\u00a0h \u00e0 18\u00a0h, au Levrette caf\u00e9 Grenoble. Tarifs\u00a0: 2\u00a0\u20ac le godet et 10\u00a0\u20ac les six, 4\u00a0\u20ac le pot de 13\u00a0cm ou 10\u00a0\u20ac les trois, 6\u00a0\u20ac le pot de 1,5\u00a0l ou 10\u00a0\u20ac les deux.<\/p>\n","protected":false},"excerpt":{"rendered":"La ferme Houblon Bocq prendra place au Levrette caf\u00e9 Grenoble \u00e0 la Caserne de Bonne pour une vente&hellip;\n","protected":false},"author":2,"featured_media":39028,"comment_status":"","ping_status":"","sticky":false,"template":"","format":"standard","meta":{"footnotes":""},"categories":[9566],"tags":[1111,11,2430,1687,112,1777,674,1011,27,2731,2732,12,25],"class_list":{"0":"post-39027","1":"post","2":"type-post","3":"status-publish","4":"format-standard","5":"has-post-thumbnail","7":"category-grenoble","8":"tag-actu","9":"tag-actualites","10":"tag-auvergne-rhone-alpes","11":"tag-culture-loisirs","12":"tag-edition-grenoble-agglomeration","13":"tag-eu","14":"tag-europe","15":"tag-fr","16":"tag-france","17":"tag-grenoble","18":"tag-grenoble-bassin","19":"tag-news","20":"tag-republique-francaise"},"share_on_mastodon":{"url":"https:\/\/pubeurope.com\/@fr\/114370636962797181","error":""},"_links":{"self":[{"href":"https:\/\/www.europesays.com\/fr\/wp-json\/wp\/v2\/posts\/39027","targetHints":{"allow":["GET"]}}],"collection":[{"href":"https:\/\/www.europesays.com\/fr\/wp-json\/wp\/v2\/posts"}],"about":[{"href":"https:\/\/www.europesays.com\/fr\/wp-json\/wp\/v2\/types\/post"}],"author":[{"embeddable":true,"href":"https:\/\/www.europesays.com\/fr\/wp-json\/wp\/v2\/users\/2"}],"replies":[{"embeddable":true,"href":"https:\/\/www.europesays.com\/fr\/wp-json\/wp\/v2\/comments?post=39027"}],"version-history":[{"count":0,"href":"https:\/\/www.europesays.com\/fr\/wp-json\/wp\/v2\/posts\/39027\/revisions"}],"wp:featuredmedia":[{"embeddable":true,"href":"https:\/\/www.europesays.com\/fr\/wp-json\/wp\/v2\/media\/39028"}],"wp:attachment":[{"href":"https:\/\/www.europesays.com\/fr\/wp-json\/wp\/v2\/media?parent=39027"}],"wp:term":[{"taxonomy":"category","embeddable":true,"href":"https:\/\/www.europesays.com\/fr\/wp-json\/wp\/v2\/categories?post=39027"},{"taxonomy":"post_tag","embeddable":true,"href":"https:\/\/www.europesays.com\/fr\/wp-json\/wp\/v2\/tags?post=39027"}],"curies":[{"name":"wp","href":"https:\/\/api.w.org\/{rel}","templated":true}]}}