{"id":390270,"date":"2025-09-14T12:55:11","date_gmt":"2025-09-14T12:55:11","guid":{"rendered":"https:\/\/www.europesays.com\/fr\/390270\/"},"modified":"2025-09-14T12:55:11","modified_gmt":"2025-09-14T12:55:11","slug":"en-direct-guerre-en-ukraine-les-dernieres-informations-le-monde-fr-13","status":"publish","type":"post","link":"https:\/\/www.europesays.com\/fr\/390270\/","title":{"rendered":"En direct, guerre en Ukraine : les derni\u00e8res informations &#8211; Le Monde.fr"},"content":{"rendered":"<ol>\n<li><a href=\"https:\/\/news.google.com\/rss\/articles\/CBMiwwFBVV95cUxQTWVFTWxidjVfOFVXbm9vZDNDem9nYk5NbVN5ZTVMZ3k1djhLUHlPLWlBeUlXcnZoeEZUeFllN2JVektQcDgwNEpLMmRmVkpQZ1FpanFxazdoSzBEeHE5YlB2YzRIWVhCaE00a3FRbngxaFZyQWtvaEVyODRzb0tENVFBRnR3cHUyT0hXRm5mYmUtSmFvdnphWFlFMmRqZlVQZGFvOTBuMUxtMVdBZ0Y1NFRyS1pQXzg1eFc0b2dTdEE1NGM?oc=5\" target=\"_blank\" rel=\"nofollow noopener\">En direct, guerre en Ukraine : les derni\u00e8res informations<\/a>&nbsp;&nbsp;Le Monde.fr<\/li>\n<li><a href=\"https:\/\/news.google.com\/rss\/articles\/CBMiigJBVV95cUxQckpadUMxdV9sdnc3MjJDQXJwSHpvTlVvUXg0dzRiV3RDRDRXdlQ4b1oydC1KaWNsVlh6Z0FZVEthVmIxcE9rSGdqeEROT2FnYndlT1hrUzBSZ04zNmdfRThXVTJoQXRqa0dJSjNENmpEREFRWk1SbnZDZXJja2IyMDhHRmlJX0EwcHdLRHpXWmNuUjl1YXZObEk5cFdkZWFXMzVNTmU5cUE0VHpLdmV3eXRTUUIwT3pNWG80dmJDam1sWDlSRGhQR2pUUnlyaE9QZUxiR3hRRThUamtldkFZc19OWEVxODNmc2k2dzFPYnQtaHFWTmgtZURYMEpjM1gwbDVfbzU5QWpfQQ?oc=5\" target=\"_blank\" rel=\"nofollow noopener\">Guerre en Ukraine : la Pologne et la Roumanie d\u00e9ploient leurs avions face \u00e0 la menace de drones russes<\/a>&nbsp;&nbsp;France Info<\/li>\n<li><a href=\"https:\/\/news.google.com\/rss\/articles\/CBMi5AFBVV95cUxNLXcySEFJZXdXSUh1eUFGcldYYm1ibjVYd2FVM3M0Y1hrZkd0bjdYRjFhVncybXgweVBPRnY4M3FnTEZGSEtrQlJ1bGpDNzY2N3VZS19LTTNzdmJkNXJvdEJndjJEMVVwdWFXdXFXV28zdXZHODliVXdzT3ExWVNFdTg5eXJXSXdPWnlLQ3llTHpuQ0gydVdnRU5mZ3d6bnZfOHRHUk9FNzBkTmlMUUd2YnI4VGVLRktvVkFtUXpzOXM3RzRrVU5CcWI4Z3NWMkNxUnZIVGd3ZmVVUTYyVWpzQXRLWmM?oc=5\" target=\"_blank\" rel=\"nofollow noopener\">Le secr\u00e9taire d\u2019\u00c9tat am\u00e9ricain Marco Rubio qualifie d\u2019\u00abinacceptable\u00bb l&rsquo;intrusion de drones russes en Pologne<\/a>&nbsp;&nbsp;Le Figaro<\/li>\n<li><a href=\"https:\/\/news.google.com\/rss\/articles\/CBMi5AFBVV95cUxOR3VweGtLX0hZTlo0WEFnZVlvNGJjdVJ1UkpXRkRiMmpxTUVWbzR2cnl6dE9ucjM0MG1lSDhSREw2Q2pZSEpFNTgwQ2NpbkJnc3RLODVkZXFYenJQaE11Y0hiWGNfVVRnNVktSW1PVzlHMEFrNVpHeDJQYVRkdWFwdVZMdFpqV1dwb0JuV1JyZEgyZTZnZ0gtLXpOOVU0cklmUi1NdUNFcnlIY1l2VTNzQVpvX0xsTm9zQjVLVlRHRjh4NC1CWVFJaHJMb2xHUk5qVldneGZrZWRqeHdYWlZMZFVWT0g?oc=5\" target=\"_blank\" rel=\"nofollow noopener\">Guerre en Ukraine : apr\u00e8s la Pologne, la Russie teste les limites de l\u2019OTAN en lan\u00e7ant ses drones sur la Roumanie<\/a>&nbsp;&nbsp;L&rsquo;Humanit\u00e9<\/li>\n<li><a href=\"https:\/\/news.google.com\/rss\/articles\/CBMihAJBVV95cUxPRzZFT2wzaWd2MDQ2LTJZNXc5c2h0M2NudEMzMllqQ1NiR29HbzF4cjRSQWg0S3JyVDhkX2JDTEQxZmNFNWRCQ1NuN2VhLWhseFdFNXAtazJqWGl1N1A4cE9JclVnMjNaa0NVeXZoUEwtaUpneU5keERUMkJodmIzbFdxUlRqYkdYbkdIWk9uXzNzQ1BTLTIwVWRRd25LaFpXRDA5a0xSOHVDZzdyR3I4bm1OZnJNWXlCM3RKbHFpWkJWRDhydFRzSWl5SWdqWlRtOVpvdTZ0RG1TLWZvVWtoR2toWFpHQmZZTkhWZlhCeXJJWjBrQ1poR3lOQ3ZDNHJkcVVpdQ?oc=5\" target=\"_blank\" rel=\"nofollow noopener\">La Pologne et l&rsquo;Otan d\u00e9ploient leurs avions apr\u00e8s des frappes russes en Ukraine, pr\u00e8s de la fronti\u00e8re polonaise<\/a>&nbsp;&nbsp;BFMTV<\/li>\n<\/ol>\n","protected":false},"excerpt":{"rendered":"En direct, guerre en Ukraine : les derni\u00e8res informations&nbsp;&nbsp;Le Monde.fr Guerre en Ukraine : la Pologne et la&hellip;\n","protected":false},"author":2,"featured_media":390029,"comment_status":"","ping_status":"","sticky":false,"template":"","format":"standard","meta":{"footnotes":""},"categories":[2],"tags":[11,1011,27,12],"class_list":{"0":"post-390270","1":"post","2":"type-post","3":"status-publish","4":"format-standard","5":"has-post-thumbnail","7":"category-actualites","8":"tag-actualites","9":"tag-fr","10":"tag-france","11":"tag-news"},"share_on_mastodon":{"url":"https:\/\/pubeurope.com\/@fr\/115202760623332582","error":""},"_links":{"self":[{"href":"https:\/\/www.europesays.com\/fr\/wp-json\/wp\/v2\/posts\/390270","targetHints":{"allow":["GET"]}}],"collection":[{"href":"https:\/\/www.europesays.com\/fr\/wp-json\/wp\/v2\/posts"}],"about":[{"href":"https:\/\/www.europesays.com\/fr\/wp-json\/wp\/v2\/types\/post"}],"author":[{"embeddable":true,"href":"https:\/\/www.europesays.com\/fr\/wp-json\/wp\/v2\/users\/2"}],"replies":[{"embeddable":true,"href":"https:\/\/www.europesays.com\/fr\/wp-json\/wp\/v2\/comments?post=390270"}],"version-history":[{"count":0,"href":"https:\/\/www.europesays.com\/fr\/wp-json\/wp\/v2\/posts\/390270\/revisions"}],"wp:featuredmedia":[{"embeddable":true,"href":"https:\/\/www.europesays.com\/fr\/wp-json\/wp\/v2\/media\/390029"}],"wp:attachment":[{"href":"https:\/\/www.europesays.com\/fr\/wp-json\/wp\/v2\/media?parent=390270"}],"wp:term":[{"taxonomy":"category","embeddable":true,"href":"https:\/\/www.europesays.com\/fr\/wp-json\/wp\/v2\/categories?post=390270"},{"taxonomy":"post_tag","embeddable":true,"href":"https:\/\/www.europesays.com\/fr\/wp-json\/wp\/v2\/tags?post=390270"}],"curies":[{"name":"wp","href":"https:\/\/api.w.org\/{rel}","templated":true}]}}