{"id":390273,"date":"2025-09-14T12:57:11","date_gmt":"2025-09-14T12:57:11","guid":{"rendered":"https:\/\/www.europesays.com\/fr\/390273\/"},"modified":"2025-09-14T12:57:11","modified_gmt":"2025-09-14T12:57:11","slug":"49-me-asse-la-grosse-info-du-jour-pour-gazidis-et-horneland-a-st-etienne","status":"publish","type":"post","link":"https:\/\/www.europesays.com\/fr\/390273\/","title":{"rendered":"49 M\u20ac &#8211; ASSE : la grosse info du jour pour Gazidis et Horneland \u00e0 St Etienne !"},"content":{"rendered":"<p>\t\t\t\t\t Tandis que l&rsquo;AS Saint-Etienne a remport\u00e9 trois pr\u00e9cieux points sur le terrain du Clermont Foot 63, ce samedi soir lors de la cinqui\u00e8me journ\u00e9e de Ligue 1 gr\u00e2ce notamment \u00e0 des buts sign\u00e9s Augustine Boakye et Lucas Stassin, Eirik Horneland et Ivan Gazidis pouvaient avoir un large sourire apr\u00e8s avoir connu un Mercato ASSE tr\u00e8s anim\u00e9. <\/p>\n<p>Mais une info importante est justement tomb\u00e9e pour Ivan Gazidis ainsi que Eirik Horneland du c\u00f4t\u00e9 de l&rsquo;ASSE, actuel leader de Ligue 2 avec onze points, concernant ce mercato. De quoi confirmer les hautes ambitions de Kilmer Sports Ventures chez les pensionnaires du Stade Geoffroy-Guichard ! <\/p>\n<p>En effet, apr\u00e8s avoir refus\u00e9 des offres estim\u00e9es \u00e0 37 M\u20ac (bonus inclus) de la part du CSKA Moscou pour Lucas Stassin ou encore des offres comprises entre 10 et 12 M\u20ac du Besiktas Istanbul et du Stade Rennais pour Zuriko Davitashvili, soit un total d&rsquo;au moins 49 M\u20ac, l&rsquo;AS Saint-Etienne devrait bien retenir son jeune attaquant belge et son ailier international g\u00e9orgien. <\/p>\n<p>Absent face \u00e0 Clermont en raison d&rsquo;une petite douleur ressentie aux ischio-jambiers apr\u00e8s son dernier match jou\u00e9 avec la G\u00e9orgie, Zuriko Davitashvili sera bien de la partie cette saison pour l&rsquo;ASSE, o\u00f9 Eirik Horneland pourra \u00e9galement compter sur Lucas Stassin qui l&rsquo;a d&rsquo;ailleurs confirm\u00e9 apr\u00e8s cette victoire des Verts de St Etienne contre le CF63 : \u00ab\u00a0je donne tout pour le club, je me donnerai \u00e0 fond\u00a0\u00bb. Rassurant pour Ivan Gazidis, en attendant le grand rival attendrait un sacr\u00e9 renfort en joker \u00e0 Lyon, cliquez ici pour en savoir plus : <strong><a class=\"liens\" href=\"https:\/\/www.vivonsfoot.com\/L-OL-tient-un-sacre-joker-Fonseca-valide-un-dossier-en-or-a-Lyon-_a494.html\" rel=\"nofollow noopener\" target=\"_blank\">OL Transfert<\/a><\/strong> !\n\t\t\t\t <\/p>\n","protected":false},"excerpt":{"rendered":"Tandis que l&rsquo;AS Saint-Etienne a remport\u00e9 trois pr\u00e9cieux points sur le terrain du Clermont Foot 63, ce samedi&hellip;\n","protected":false},"author":2,"featured_media":390274,"comment_status":"","ping_status":"","sticky":false,"template":"","format":"standard","meta":{"footnotes":""},"categories":[9653],"tags":[1111,11,2430,1777,674,1011,27,12,25,4001],"class_list":{"0":"post-390273","1":"post","2":"type-post","3":"status-publish","4":"format-standard","5":"has-post-thumbnail","7":"category-saint-etienne","8":"tag-actu","9":"tag-actualites","10":"tag-auvergne-rhone-alpes","11":"tag-eu","12":"tag-europe","13":"tag-fr","14":"tag-france","15":"tag-news","16":"tag-republique-francaise","17":"tag-saint-etienne"},"share_on_mastodon":{"url":"https:\/\/pubeurope.com\/@fr\/115202768473874835","error":""},"_links":{"self":[{"href":"https:\/\/www.europesays.com\/fr\/wp-json\/wp\/v2\/posts\/390273","targetHints":{"allow":["GET"]}}],"collection":[{"href":"https:\/\/www.europesays.com\/fr\/wp-json\/wp\/v2\/posts"}],"about":[{"href":"https:\/\/www.europesays.com\/fr\/wp-json\/wp\/v2\/types\/post"}],"author":[{"embeddable":true,"href":"https:\/\/www.europesays.com\/fr\/wp-json\/wp\/v2\/users\/2"}],"replies":[{"embeddable":true,"href":"https:\/\/www.europesays.com\/fr\/wp-json\/wp\/v2\/comments?post=390273"}],"version-history":[{"count":0,"href":"https:\/\/www.europesays.com\/fr\/wp-json\/wp\/v2\/posts\/390273\/revisions"}],"wp:featuredmedia":[{"embeddable":true,"href":"https:\/\/www.europesays.com\/fr\/wp-json\/wp\/v2\/media\/390274"}],"wp:attachment":[{"href":"https:\/\/www.europesays.com\/fr\/wp-json\/wp\/v2\/media?parent=390273"}],"wp:term":[{"taxonomy":"category","embeddable":true,"href":"https:\/\/www.europesays.com\/fr\/wp-json\/wp\/v2\/categories?post=390273"},{"taxonomy":"post_tag","embeddable":true,"href":"https:\/\/www.europesays.com\/fr\/wp-json\/wp\/v2\/tags?post=390273"}],"curies":[{"name":"wp","href":"https:\/\/api.w.org\/{rel}","templated":true}]}}