{"id":390275,"date":"2025-09-14T12:59:19","date_gmt":"2025-09-14T12:59:19","guid":{"rendered":"https:\/\/www.europesays.com\/fr\/390275\/"},"modified":"2025-09-14T12:59:19","modified_gmt":"2025-09-14T12:59:19","slug":"seminaire-projet-femmes-sante-la-sante-mentale-et-les-femmes-factuel","status":"publish","type":"post","link":"https:\/\/www.europesays.com\/fr\/390275\/","title":{"rendered":"[S\u00e9minaire Projet Femmes &#038; Sant\u00e9] La sant\u00e9 mentale et les femmes &#8211; Factuel"},"content":{"rendered":"<p>Temps de lecture : 3 minutes<\/p>\n<p>Informations pratiques<\/p>\n<p><strong>Localisation<\/strong> : IAE NANCY CAMPUS MANUFACTURE, 13 rue Michel NEY 54000 NANCY<\/p>\n<p> <strong>Date de d\u00e9but<\/strong> : 25\/09\/2025 14:00 <strong>Date de fin<\/strong> : 25\/09\/2025 17:00<\/p>\n<p><strong>Au programme :<\/strong><\/p>\n<ul>\n<li><strong>La sant\u00e9 mentale des femmes de l\u2019Antiquit\u00e9 au XIXe si\u00e8cle : quelques enjeux et paradoxes historiques autour de la sant\u00e9 des femmes<\/strong><br \/>par Val\u00e9rie M\u00c9N\u00c8S-REDORAT, Ma\u00eetresse de conf\u00e9rences en histoire du droit et des institutions, Universit\u00e9 de Cergy-Pontoise \/ CPJP UR2530\u00a0<\/li>\n<li><strong>Le droit fran\u00e7ais, outil de protection de la sant\u00e9 mentale des femmes ?<\/strong><br \/>par Johanna NOEL, Ma\u00eetresse de conf\u00e9rences en droit public, Universit\u00e9 de Lorraine \/ IRENEE UR7303<\/li>\n<li>D\u00e9bats<br \/>\u00a0<\/li>\n<li><strong>La sant\u00e9 mentale des femmes : m\u00e9connaissances ou n\u00e9gligences<\/strong><br \/>par H\u00e9l\u00e8ne SELME, Psychopraticienne et hypnoth\u00e9rapeute, ex-cadre de sant\u00e9 de l\u2019EPSM (Angevillers)<\/li>\n<li><strong>Accompagner les victimes de VSS avec la th\u00e9rapie f\u00e9ministe<\/strong><br \/>par Estelle BAYON, Psychopraticienne (Nantes)<\/li>\n<li>D\u00e9bats<\/li>\n<\/ul>\n<p class=\"MsoNormal\" style=\"margin: 0px;text-align: justify\"><strong>Pr\u00e9sentation : <\/strong>Cette conf\u00e9rence intitul\u00e9e \u00ab Sant\u00e9 mentale et femmes \u00bb s\u2019inscrit dans le projet inaugural pluridisciplinaire \u00ab Les femmes et la sant\u00e9 \u00bb, sous la direction scientifique d\u2019El\u00e9onore GIGON, Fanny GRABIAS, Johanna NOEL, MCF en droit public et Ludivine LAURENT-STARCK, IGR et Docteur en science politique, Universit\u00e9 de Lorraine \/ IRENEE UR7303. La sant\u00e9 mentale a \u00e9t\u00e9 pos\u00e9e comme une priorit\u00e9 nationale pour 2025. L\u2019OMS a pu mettre en lumi\u00e8re la vuln\u00e9rabilit\u00e9 accrue des femmes qu\u2019elle attribuait notamment aux multiples r\u00f4les et responsabilit\u00e9s qu\u2019elles assument (vie professionnelle et vie personnelle), les pr\u00e9disposant davantage \u00e0 de pression, de stress et donc de voir leur sant\u00e9 mentale sur-sollicit\u00e9e. La sant\u00e9 mentale \u00e9volue au gr\u00e9 des bouleversements de la vie. Or, celle des femmes conna\u00eet une d\u00e9gradation \u00e0 la p\u00e9riode de l\u2019adolescence (v. par ex. Rapport AN, 2023), puis la vie adulte fait peser sur les femmes de nombreuses charges alt\u00e9rant leur sant\u00e9 : charge de la contraception, charge de la f\u00e9condit\u00e9\/maternit\u00e9, charge mentale du foyer etc.<\/p>\n<p class=\"MsoNormal\" style=\"margin: 0px;text-align: justify\">\u00a0<\/p>\n<p class=\"MsoNormal\" style=\"margin: 0px;text-align: justify\">Premier poste de d\u00e9pense de l\u2019assurance maladie (environ 23 milliards d\u2019euros par an), la sant\u00e9 mentale est au c\u0153ur des d\u00e9bats soci\u00e9taux. Plusieurs questions semblent \u00e0 \u00e9tudier : la sant\u00e9 mentale des femmes repr\u00e9sente-t-elle des sp\u00e9cificit\u00e9s ? Sont-elles prises en compte par les politiques publiques, par le droit, par les praticien.nes (lesquels ?) et ce depuis combien de temps, de quelles mani\u00e8res ? La th\u00e9matique de cette conf\u00e9rence\u00a0 entend questionner les st\u00e9r\u00e9otypes li\u00e9s \u00e0 l\u2019identit\u00e9 de genre : les femmes sont souvent pr\u00e9sent\u00e9es comme plus sensibles, plus vuln\u00e9rables, plus hyst\u00e9riques aussi. Leur sant\u00e9 mentale n\u2019est pas toujours prise au s\u00e9rieux. Ces pr\u00e9jug\u00e9s contribuent \u00e0 renforcer un syst\u00e8me de sant\u00e9 in\u00e9galitaire, parfois \u00e0 retarder certains diagnostics.<\/p>\n<p>\u00a0<\/p>\n<p><\/p>\n","protected":false},"excerpt":{"rendered":"Temps de lecture : 3 minutes Informations pratiques Localisation : IAE NANCY CAMPUS MANUFACTURE, 13 rue Michel NEY&hellip;\n","protected":false},"author":2,"featured_media":390276,"comment_status":"","ping_status":"","sticky":false,"template":"","format":"standard","meta":{"footnotes":""},"categories":[9635],"tags":[1111,11,1777,674,1011,27,775,1702,12,25],"class_list":{"0":"post-390275","1":"post","2":"type-post","3":"status-publish","4":"format-standard","5":"has-post-thumbnail","7":"category-nancy","8":"tag-actu","9":"tag-actualites","10":"tag-eu","11":"tag-europe","12":"tag-fr","13":"tag-france","14":"tag-grand-est","15":"tag-nancy","16":"tag-news","17":"tag-republique-francaise"},"share_on_mastodon":{"url":"https:\/\/pubeurope.com\/@fr\/115202776361268385","error":""},"_links":{"self":[{"href":"https:\/\/www.europesays.com\/fr\/wp-json\/wp\/v2\/posts\/390275","targetHints":{"allow":["GET"]}}],"collection":[{"href":"https:\/\/www.europesays.com\/fr\/wp-json\/wp\/v2\/posts"}],"about":[{"href":"https:\/\/www.europesays.com\/fr\/wp-json\/wp\/v2\/types\/post"}],"author":[{"embeddable":true,"href":"https:\/\/www.europesays.com\/fr\/wp-json\/wp\/v2\/users\/2"}],"replies":[{"embeddable":true,"href":"https:\/\/www.europesays.com\/fr\/wp-json\/wp\/v2\/comments?post=390275"}],"version-history":[{"count":0,"href":"https:\/\/www.europesays.com\/fr\/wp-json\/wp\/v2\/posts\/390275\/revisions"}],"wp:featuredmedia":[{"embeddable":true,"href":"https:\/\/www.europesays.com\/fr\/wp-json\/wp\/v2\/media\/390276"}],"wp:attachment":[{"href":"https:\/\/www.europesays.com\/fr\/wp-json\/wp\/v2\/media?parent=390275"}],"wp:term":[{"taxonomy":"category","embeddable":true,"href":"https:\/\/www.europesays.com\/fr\/wp-json\/wp\/v2\/categories?post=390275"},{"taxonomy":"post_tag","embeddable":true,"href":"https:\/\/www.europesays.com\/fr\/wp-json\/wp\/v2\/tags?post=390275"}],"curies":[{"name":"wp","href":"https:\/\/api.w.org\/{rel}","templated":true}]}}