{"id":390277,"date":"2025-09-14T13:00:23","date_gmt":"2025-09-14T13:00:23","guid":{"rendered":"https:\/\/www.europesays.com\/fr\/390277\/"},"modified":"2025-09-14T13:00:23","modified_gmt":"2025-09-14T13:00:23","slug":"nancy-polyapero-de-rentree-%f0%9f%94%b4-info-libertaire","status":"publish","type":"post","link":"https:\/\/www.europesays.com\/fr\/390277\/","title":{"rendered":"[Nancy] PolyA\u2019p\u00e9ro de rentr\u00e9e ! \u2013 \ud83d\udd34 Info Libertaire"},"content":{"rendered":"<p>\ud83d\udcc5 Retrouvons-nous vendredi 26 septembre \u00e0 partir de 19h30 au Geyser (11 Grande rue) \u00e0 Nancy pour le PolyA\u2019p\u00e9ro de rentr\u00e9e !<\/p>\n<p><\/p>\n<p> Ce polyA\u2019p\u00e9ro est \u00e0 destination :<\/p>\n<ul class=\"spip\">\n<li> Des personnes polyA pratiquant le polyamour ou non, avec ou sans partenaire<\/li>\n<li> Aux polyacceptant\u2022es<\/li>\n<\/ul>\n<p>\ud83d\udcac Venez discuter autour d\u2019un verre et partager vos exp\u00e9riences et questionnements avec d\u2019autres personnes polyamoureuses ou en questionnement voulant en apprendre plus sur cette orientation et ces pratiques relationnelles.<\/p>\n<p>Pas de syndrome de l\u2019imposteur, vous pouvez venir m\u00eame si vous n\u2019avez jamais eu de relation polyamoureuse ou si vous n\u2019y connaissez encore rien sur le sujet !<\/p>\n<p>\ud83c\udf4a N\u2019h\u00e9sitez pas \u00e0 ramener de quoi grignoter si vous le souhaitez (biscuits, chips, bonbons, g\u00e2teau ou cake \u00e0 partager\u2026).<\/p>\n<p>\u27a1\ufe0f Entr\u00e9e gratuite, inscription obligatoire via le framaform ! Places limit\u00e9es.<\/p>\n<p><a href=\"https:\/\/framaforms.org\/polyapero-nancy-cest-la-rentree-vendredi-26-septembre-1757605771\" class=\"spip_url spip_out auto\" rel=\"nofollow external noopener\" target=\"_blank\">https:\/\/framaforms.org\/polyapero-nancy-cest-la-rentree-vendredi-26-septembre-1757605771<\/a><\/p>\n<p>\u2139\ufe0f Accessibilit\u00e9 : la salle est accessible aux fauteuils roulants mais les toilettes ne le sont pas (3e \u00e9tage, sans ascenseur). Des toilettes publiques sont \u00e0 environ 100m du lieu (place St Epvre) m\u00eame si ce n\u2019est pas l\u2019id\u00e9al\u2026<\/p>\n<p>N\u2019h\u00e9sitez pas \u00e0 nous contacter pour tout besoin ou infos suppl\u00e9mentaires !<\/p>\n<p>Un mail est aussi disponible : <a href=\"http:\/\/www.infolibertaire.net\/cdn-cgi\/l\/email-protection#7e0e1112071f0e1b0c11101f101d073e0e0c110a111050131b\" class=\"spip_mail\" rel=\"nofollow noopener\" target=\"_blank\">[email\u00a0protected]<\/a><\/p>\n","protected":false},"excerpt":{"rendered":"\ud83d\udcc5 Retrouvons-nous vendredi 26 septembre \u00e0 partir de 19h30 au Geyser (11 Grande rue) \u00e0 Nancy pour le&hellip;\n","protected":false},"author":2,"featured_media":390278,"comment_status":"","ping_status":"","sticky":false,"template":"","format":"standard","meta":{"footnotes":""},"categories":[9635],"tags":[1111,11,1777,674,1011,27,775,1702,12,25],"class_list":{"0":"post-390277","1":"post","2":"type-post","3":"status-publish","4":"format-standard","5":"has-post-thumbnail","7":"category-nancy","8":"tag-actu","9":"tag-actualites","10":"tag-eu","11":"tag-europe","12":"tag-fr","13":"tag-france","14":"tag-grand-est","15":"tag-nancy","16":"tag-news","17":"tag-republique-francaise"},"share_on_mastodon":{"url":"https:\/\/pubeurope.com\/@fr\/115202780196096668","error":""},"_links":{"self":[{"href":"https:\/\/www.europesays.com\/fr\/wp-json\/wp\/v2\/posts\/390277","targetHints":{"allow":["GET"]}}],"collection":[{"href":"https:\/\/www.europesays.com\/fr\/wp-json\/wp\/v2\/posts"}],"about":[{"href":"https:\/\/www.europesays.com\/fr\/wp-json\/wp\/v2\/types\/post"}],"author":[{"embeddable":true,"href":"https:\/\/www.europesays.com\/fr\/wp-json\/wp\/v2\/users\/2"}],"replies":[{"embeddable":true,"href":"https:\/\/www.europesays.com\/fr\/wp-json\/wp\/v2\/comments?post=390277"}],"version-history":[{"count":0,"href":"https:\/\/www.europesays.com\/fr\/wp-json\/wp\/v2\/posts\/390277\/revisions"}],"wp:featuredmedia":[{"embeddable":true,"href":"https:\/\/www.europesays.com\/fr\/wp-json\/wp\/v2\/media\/390278"}],"wp:attachment":[{"href":"https:\/\/www.europesays.com\/fr\/wp-json\/wp\/v2\/media?parent=390277"}],"wp:term":[{"taxonomy":"category","embeddable":true,"href":"https:\/\/www.europesays.com\/fr\/wp-json\/wp\/v2\/categories?post=390277"},{"taxonomy":"post_tag","embeddable":true,"href":"https:\/\/www.europesays.com\/fr\/wp-json\/wp\/v2\/tags?post=390277"}],"curies":[{"name":"wp","href":"https:\/\/api.w.org\/{rel}","templated":true}]}}