{"id":390282,"date":"2025-09-14T13:04:33","date_gmt":"2025-09-14T13:04:33","guid":{"rendered":"https:\/\/www.europesays.com\/fr\/390282\/"},"modified":"2025-09-14T13:04:33","modified_gmt":"2025-09-14T13:04:33","slug":"futsal-d1-les-stellistes-sen-sortent-bien-a-montpellier-sport-4","status":"publish","type":"post","link":"https:\/\/www.europesays.com\/fr\/390282\/","title":{"rendered":"Futsal. D1\u00a0: les Stellistes s\u2019en sortent bien \u00e0 Montpellier . Sport"},"content":{"rendered":"<p>D\u00e9cid\u00e9ment, les Montpelli\u00e9rains,<a href=\"https:\/\/laval.maville.com\/sport\/detail_-futsal.-premier-vrai-test-pour-l-etoile-lavalloise-a-montpellier-sans-ivo-ni-guirio-_11-6973065_actu.Htm\" rel=\"nofollow noopener\" target=\"_blank\"> adversaires surprenants des Lavallois en demi-finale du championnat la saison derni\u00e8re<\/a>, n\u2019en finissent plus d\u2019impressionner. Cette fois-ci, ils sont\u00a0pass\u00e9s tout pr\u00e8s de faire tomber <a href=\"https:\/\/laval.maville.com\/sport\/detail_-futsal.-d1-triple-champion-de-france-l-etoile-lavalloise-vise-toujours-plus-haut-_11-6963330_actu.Htm\" rel=\"nofollow noopener\" target=\"_blank\">les triples champions de France en titre<\/a>.<\/p>\n<p>Les Lavallois et leur \u00e9quipe compos\u00e9e d\u2019internationaux de renom ont dout\u00e9 jusqu\u2019\u00e0 l\u2019\u00e9galisation \u00e0 45\u00a0secondes du terme de la partie d\u2019Abdessamad Mohammed, auteur d\u2019un doubl\u00e9 sur le parquet montpelli\u00e9rain.<\/p>\n<p>Pendant quarante minutes, les hommes du coach Manolo ont subi la qualit\u00e9 de la jeunesse montpelli\u00e9raine. D\u00e8s la 9e minute de jeu, Mohamed Diaoune ouvrait le score sur une offrande du Marocain Yanis Erradaf (1-0). Seulement trois minutes plus tard, c\u2019\u00e9tait au tour de Naoufel Aberkan de marquer (2-0, 12\u2019).<\/p>\n<p>Une tr\u00eave qui arrive \u00e0 point nomm\u00e9<\/p>\n<p>Concentr\u00e9s et appliqu\u00e9s, les Montpelli\u00e9rains faisaient mieux que rivaliser. Mais Mohammed r\u00e9duisait l\u2019\u00e9cart au tableau d\u2019affichage \u00e0 la 17e minute. \u00c0 deux secondes de la fin de la premi\u00e8re p\u00e9riode, la tentative d\u2019Anas Bakkali heurtait le poteau. Sur la remise en jeu, la frappe de Mohammed fr\u00f4lait le cadre.<\/p>\n<p>\u00c0 la reprise, les Lavallois revenaient \u00e0 hauteur gr\u00e2ce \u00e0 Soufiane El Mesrar qui profitait d\u2019un \u00e9cran de Souheil\u00a0Mouhoudine pour tromper la d\u00e9fense h\u00e9raultaise (2-2, 21\u2019). Pas abattus, les Montpelli\u00e9rains reprenaient l\u2019avantage gr\u00e2ce \u00e0 Marouane\u00a0Rezzoug, qui tirait \u00e0 son avantage une combinaison manqu\u00e9e par ses partenaires sur corner pour r\u00e9cup\u00e9rer le ballon et le mettre au fond des filets.<\/p>\n<p>D\u00e9j\u00e0 d\u00e9cisif en premi\u00e8re p\u00e9riode, le gardien du MMF Stefano entrait en sc\u00e8ne. Sous les coups de boutoir de Nelson Lutin et ses co\u00e9quipiers, le Br\u00e9silien se montrait imp\u00e9rial sur sa ligne \u00e0 quatre reprises entre la 30e et la 35e. Il ne pouvait rien sur l\u2019\u00e9galisation \u00e0 3-3.<\/p>\n<p>Avant la premi\u00e8re tr\u00eave internationale de la saison, l\u2019\u00c9toile Lavalloise rentre \u00e0 la maison avec un point et elle s\u2019en contentera.<\/p>\n<p>MONTPELLIER \u2013 \u00c9TOILE LAVALLOISE\u00a0: 3-3 (2-1) <\/p>\n<p><strong>BUTS.<\/strong> Montpellier\u00a0: Diaoune (9\u2019), Aberkan (12\u2019), Rezzoug (24\u2019). Laval\u00a0: Mohammed (17\u2019, 40\u2019), El Mesrar (21\u2019).<\/p>\n<p><strong>MONTPELLIER\u00a0: <\/strong>Stefano, Bouktab \u2013 Joaquin, Rezzoug, Gueddoura, Kouri, Erradaf, Meziani, Aberkan, Diaoune, Edimar, Diop. Entra\u00eeneur\u00a0: Nezlioui.<\/p>\n<p><strong>LAVAL\u00a0:<\/strong> Amiard, Dongmo \u2013 Lutin, El Mesrar, Bakkali, Mohammed, Bourdais, Kolski, Morice, Megrous, Mouhoudine. Entra\u00eeneur\u00a0: Moya.<\/p>\n<p>\u00a0<\/p>\n","protected":false},"excerpt":{"rendered":"D\u00e9cid\u00e9ment, les Montpelli\u00e9rains, adversaires surprenants des Lavallois en demi-finale du championnat la saison derni\u00e8re, n\u2019en finissent plus d\u2019impressionner.&hellip;\n","protected":false},"author":2,"featured_media":389121,"comment_status":"","ping_status":"","sticky":false,"template":"","format":"standard","meta":{"footnotes":""},"categories":[9599],"tags":[1111,11,2063,1777,674,1011,27,1922,1393,2487,2208,12,2680,1404,25,2923,4251,853,3165],"class_list":{"0":"post-390282","1":"post","2":"type-post","3":"status-publish","4":"format-standard","5":"has-post-thumbnail","7":"category-montpellier","8":"tag-actu","9":"tag-actualites","10":"tag-annonces","11":"tag-eu","12":"tag-europe","13":"tag-fr","14":"tag-france","15":"tag-info","16":"tag-loisirs","17":"tag-meteo","18":"tag-montpellier","19":"tag-news","20":"tag-occitanie","21":"tag-quotidien","22":"tag-republique-francaise","23":"tag-restaurants","24":"tag-sortir","25":"tag-spectacles","26":"tag-vannes"},"share_on_mastodon":{"url":"https:\/\/pubeurope.com\/@fr\/115202796008281723","error":""},"_links":{"self":[{"href":"https:\/\/www.europesays.com\/fr\/wp-json\/wp\/v2\/posts\/390282","targetHints":{"allow":["GET"]}}],"collection":[{"href":"https:\/\/www.europesays.com\/fr\/wp-json\/wp\/v2\/posts"}],"about":[{"href":"https:\/\/www.europesays.com\/fr\/wp-json\/wp\/v2\/types\/post"}],"author":[{"embeddable":true,"href":"https:\/\/www.europesays.com\/fr\/wp-json\/wp\/v2\/users\/2"}],"replies":[{"embeddable":true,"href":"https:\/\/www.europesays.com\/fr\/wp-json\/wp\/v2\/comments?post=390282"}],"version-history":[{"count":0,"href":"https:\/\/www.europesays.com\/fr\/wp-json\/wp\/v2\/posts\/390282\/revisions"}],"wp:featuredmedia":[{"embeddable":true,"href":"https:\/\/www.europesays.com\/fr\/wp-json\/wp\/v2\/media\/389121"}],"wp:attachment":[{"href":"https:\/\/www.europesays.com\/fr\/wp-json\/wp\/v2\/media?parent=390282"}],"wp:term":[{"taxonomy":"category","embeddable":true,"href":"https:\/\/www.europesays.com\/fr\/wp-json\/wp\/v2\/categories?post=390282"},{"taxonomy":"post_tag","embeddable":true,"href":"https:\/\/www.europesays.com\/fr\/wp-json\/wp\/v2\/tags?post=390282"}],"curies":[{"name":"wp","href":"https:\/\/api.w.org\/{rel}","templated":true}]}}