{"id":390286,"date":"2025-09-14T13:10:59","date_gmt":"2025-09-14T13:10:59","guid":{"rendered":"https:\/\/www.europesays.com\/fr\/390286\/"},"modified":"2025-09-14T13:10:59","modified_gmt":"2025-09-14T13:10:59","slug":"ballades-avec-brassens-les-scolaires-ouvrent-le-festival-a-saint-quay-portrieux","status":"publish","type":"post","link":"https:\/\/www.europesays.com\/fr\/390286\/","title":{"rendered":"Ballades avec Brassens\u00a0: les scolaires ouvrent le festival \u00e0 Saint-Quay-Portrieux"},"content":{"rendered":"<p>Le festival <a href=\"https:\/\/www.letelegramme.fr\/cotes-d-armor\/saint-quay-portrieux-22410\/saint-quay-portrieux-les-amis-de-brassens-en-concert-ce-samedi-soir-au-centre-de-congres-6887416.php\" title=\"www.letelegramme.fr\" target=\"_blank\" rel=\"noopener\">Ballade avec Brassens <\/a>est bel et bien lanc\u00e9 \u00e0 Saint-Quay-Portrieux. Vendredi 12 septembre, dans l\u2019apr\u00e8s-midi, le groupe 5G a ouvert le festival hommage au Grand Georges en assurant un concert, au centre de congr\u00e8s, pour les \u00e9l\u00e8ves des \u00e9coles de la commune. Apr\u00e8s plusieurs tubes jou\u00e9s par les musiciens, ce sont les jeunes qui ont entam\u00e9 avec entrain deux chansons, accompagn\u00e9s par les musiciens. Une ouverture participative suivie, le soir, par un ap\u00e9ro concert, au casino. Samedi, un concert exceptionnel est pr\u00e9vu au centre des congr\u00e8s, \u00e0 20\u00a0h, avec Les Amis de Brassens.<\/p>\n","protected":false},"excerpt":{"rendered":"Le festival Ballade avec Brassens est bel et bien lanc\u00e9 \u00e0 Saint-Quay-Portrieux. Vendredi 12 septembre, dans l\u2019apr\u00e8s-midi, le&hellip;\n","protected":false},"author":2,"featured_media":390287,"comment_status":"","ping_status":"","sticky":false,"template":"","format":"standard","meta":{"footnotes":""},"categories":[2821],"tags":[1111,11,829,1777,674,1011,27,12,584,25,37281],"class_list":{"0":"post-390286","1":"post","2":"type-post","3":"status-publish","4":"format-standard","5":"has-post-thumbnail","7":"category-rennes","8":"tag-actu","9":"tag-actualites","10":"tag-bretagne","11":"tag-eu","12":"tag-europe","13":"tag-fr","14":"tag-france","15":"tag-news","16":"tag-rennes","17":"tag-republique-francaise","18":"tag-saint-quay-portrieux"},"share_on_mastodon":{"url":"https:\/\/pubeurope.com\/@fr\/115202823455975601","error":""},"_links":{"self":[{"href":"https:\/\/www.europesays.com\/fr\/wp-json\/wp\/v2\/posts\/390286","targetHints":{"allow":["GET"]}}],"collection":[{"href":"https:\/\/www.europesays.com\/fr\/wp-json\/wp\/v2\/posts"}],"about":[{"href":"https:\/\/www.europesays.com\/fr\/wp-json\/wp\/v2\/types\/post"}],"author":[{"embeddable":true,"href":"https:\/\/www.europesays.com\/fr\/wp-json\/wp\/v2\/users\/2"}],"replies":[{"embeddable":true,"href":"https:\/\/www.europesays.com\/fr\/wp-json\/wp\/v2\/comments?post=390286"}],"version-history":[{"count":0,"href":"https:\/\/www.europesays.com\/fr\/wp-json\/wp\/v2\/posts\/390286\/revisions"}],"wp:featuredmedia":[{"embeddable":true,"href":"https:\/\/www.europesays.com\/fr\/wp-json\/wp\/v2\/media\/390287"}],"wp:attachment":[{"href":"https:\/\/www.europesays.com\/fr\/wp-json\/wp\/v2\/media?parent=390286"}],"wp:term":[{"taxonomy":"category","embeddable":true,"href":"https:\/\/www.europesays.com\/fr\/wp-json\/wp\/v2\/categories?post=390286"},{"taxonomy":"post_tag","embeddable":true,"href":"https:\/\/www.europesays.com\/fr\/wp-json\/wp\/v2\/tags?post=390286"}],"curies":[{"name":"wp","href":"https:\/\/api.w.org\/{rel}","templated":true}]}}