{"id":390288,"date":"2025-09-14T13:12:17","date_gmt":"2025-09-14T13:12:17","guid":{"rendered":"https:\/\/www.europesays.com\/fr\/390288\/"},"modified":"2025-09-14T13:12:17","modified_gmt":"2025-09-14T13:12:17","slug":"contre-lol-rennes-mise-sur-son-duo-embolo","status":"publish","type":"post","link":"https:\/\/www.europesays.com\/fr\/390288\/","title":{"rendered":"Contre l&rsquo;OL, Rennes mise sur son duo Embolo"},"content":{"rendered":"<p>                            <img width=\"770\" height=\"433\" src=\"https:\/\/www.europesays.com\/fr\/wp-content\/uploads\/2025\/09\/Breel-Embolo-scaled-e1684335214186-770x433.jpg\" class=\"attachment-article size-article wp-post-image\" alt=\"L'attaquant de Monaco, Breel Embolo\" decoding=\"async\" fetchpriority=\"high\"  \/><\/p>\n<p>L\u2019attaquant de Monaco, Breel Embolo (Photo by Valery HACHE \/ AFP)<\/p>\n<p>Auteur de deux buts en deux matchs avec la Suisse, Breel Embolo est le danger principal de la d\u00e9fense lyonnaise. L&rsquo;attaquant devrait faire ses d\u00e9buts avec Rennes ce dimanche.<\/p>\n<p>Malgr\u00e9 un <a href=\"https:\/\/www.olympique-et-lyonnais.com\/contre-lol-rennes-veut-lancer-sa-saison,379404.html\" target=\"_blank\" rel=\"noopener\">d\u00e9but de saison en demi-teinte<\/a>, <strong>Rennes <\/strong>a des atouts offensifs \u00e0 faire valoir. Ludovic <strong>Blas<\/strong> (un but), l&rsquo;ancien Lyonnais <a href=\"https:\/\/www.olympique-et-lyonnais.com\/rennes-esteban-lepaul-va-retrouver-lol,379337.html\" target=\"_blank\" rel=\"noreferrer noopener\">Est\u00e9ban <strong>Lepaul<\/strong><\/a> (un but) et la nouvelle recrue Breel <strong>Embolo<\/strong>. Le colosse suisse (1,87 m, 84 kg) s&rsquo;est engag\u00e9 avec le <strong>Stade Rennais<\/strong> avant la fin du mercato estival apr\u00e8s trois saisons avec <strong>l&rsquo;AS Monaco.<\/strong> Lui qui est pass\u00e9 par le <strong>FC B\u00e2le<\/strong> (31 buts) avant deux exp\u00e9riences en Allemagne avec <strong>Schalke 04<\/strong> (12 buts) et le <strong>Borussia M\u00f6nchengladbach<\/strong> (25 buts).<\/p>\n<p>Breel <strong>Embolo <\/strong>a \u00e9t\u00e9 le joli coup r\u00e9alis\u00e9 par la cellule de recrutement rennaise. Mais un pari aussi par la m\u00eame occasion. Car malgr\u00e9 un profil int\u00e9ressant, l&rsquo;attaquant de 28 ans cherche \u00e0 se relancer apr\u00e8s une rupture des ligaments crois\u00e9s survenue en ao\u00fbt 2023, \u00e0 l&rsquo;entra\u00eenement de la pr\u00e9saison avec <strong>Monaco<\/strong>. L&rsquo;exercice dernier, l&rsquo;ancien B\u00e2lois avait inscrit 7 buts et d\u00e9livr\u00e9 9 passes d\u00e9cisives en 42 apparitions.<\/p>\n<p>\u00ab\u00a0Avec Lepaul, on est compl\u00e9mentaires\u00a0\u00bb<\/p>\n<p>Pour le moment, Breel <strong>Embolo <\/strong>n&rsquo;a toujours pas disput\u00e9 de match cette saison en Ligue 1 et devrait faire ses d\u00e9buts ce dimanche face \u00e0 l&rsquo;OL. En revanche, il a \u00e9t\u00e9 convoqu\u00e9 avec la s\u00e9lection suisse en marge des qualifications \u00e0 la Coupe du monde 2026. Titulaire sur l&rsquo;ensemble des deux rencontres, Breel <strong>Embolo <\/strong>s&rsquo;est illustr\u00e9 \u00e0 deux reprises contre la <strong>Slov\u00e9nie <\/strong>(un but) et le <strong>Kosovo<\/strong> (un but). De quoi faire le plein de confiance au moment d&rsquo;affronter l&rsquo;OL et de trouver ses rep\u00e8res avec Lepaul. \u00ab\u00a0Il a un profil similaire \u00e0 Biereth avec qui j&rsquo;ai jou\u00e9 \u00e0 Monaco. &lsquo;Este&rsquo; l\u2019a prouv\u00e9 en Ligue 1. Je ne suis pas un attaquant atypique comme &lsquo;Este&rsquo;, on est compl\u00e9mentaire.\u00a0\u00bb Ne reste plus qu&rsquo;\u00e0 esp\u00e9rer que cette compl\u00e9mentarit\u00e9 ne se mettra pas en place ce dimanche.<\/p>\n<p>\t\t\t\t\t<a href=\"https:\/\/www.olympique-et-lyonnais.com\/ol-academie-les-u17-sans-pitie-contre-le-fc-lyon,379805.html\" title=\"OL Acad\u00e9mie : les U17 sans piti\u00e9 contre le FC Lyon\" target=\"_blank\" rel=\"noopener\"><img loading=\"lazy\" width=\"342\" height=\"326\" src=\"https:\/\/www.europesays.com\/fr\/wp-content\/uploads\/2025\/09\/GtvMkC0XIAAT8jq-342x326.png\" class=\"attachment-actularge size-actularge wp-post-image\" alt=\"Zaki Atamna, gardien au sein de l'OL Acad\u00e9mie\" decoding=\"async\"\/>\t\t\t\t\t<\/a><\/p>\n","protected":false},"excerpt":{"rendered":"L\u2019attaquant de Monaco, Breel Embolo (Photo by Valery HACHE \/ AFP) Auteur de deux buts en deux matchs&hellip;\n","protected":false},"author":2,"featured_media":390289,"comment_status":"","ping_status":"","sticky":false,"template":"","format":"standard","meta":{"footnotes":""},"categories":[2821],"tags":[1111,11,829,52256,1777,674,1011,27,66,12,241,584,25],"class_list":{"0":"post-390288","1":"post","2":"type-post","3":"status-publish","4":"format-standard","5":"has-post-thumbnail","7":"category-rennes","8":"tag-actu","9":"tag-actualites","10":"tag-bretagne","11":"tag-embolo","12":"tag-eu","13":"tag-europe","14":"tag-fr","15":"tag-france","16":"tag-ligue-1","17":"tag-news","18":"tag-ol","19":"tag-rennes","20":"tag-republique-francaise"},"share_on_mastodon":{"url":"https:\/\/pubeurope.com\/@fr\/115202827623653822","error":""},"_links":{"self":[{"href":"https:\/\/www.europesays.com\/fr\/wp-json\/wp\/v2\/posts\/390288","targetHints":{"allow":["GET"]}}],"collection":[{"href":"https:\/\/www.europesays.com\/fr\/wp-json\/wp\/v2\/posts"}],"about":[{"href":"https:\/\/www.europesays.com\/fr\/wp-json\/wp\/v2\/types\/post"}],"author":[{"embeddable":true,"href":"https:\/\/www.europesays.com\/fr\/wp-json\/wp\/v2\/users\/2"}],"replies":[{"embeddable":true,"href":"https:\/\/www.europesays.com\/fr\/wp-json\/wp\/v2\/comments?post=390288"}],"version-history":[{"count":0,"href":"https:\/\/www.europesays.com\/fr\/wp-json\/wp\/v2\/posts\/390288\/revisions"}],"wp:featuredmedia":[{"embeddable":true,"href":"https:\/\/www.europesays.com\/fr\/wp-json\/wp\/v2\/media\/390289"}],"wp:attachment":[{"href":"https:\/\/www.europesays.com\/fr\/wp-json\/wp\/v2\/media?parent=390288"}],"wp:term":[{"taxonomy":"category","embeddable":true,"href":"https:\/\/www.europesays.com\/fr\/wp-json\/wp\/v2\/categories?post=390288"},{"taxonomy":"post_tag","embeddable":true,"href":"https:\/\/www.europesays.com\/fr\/wp-json\/wp\/v2\/tags?post=390288"}],"curies":[{"name":"wp","href":"https:\/\/api.w.org\/{rel}","templated":true}]}}