{"id":39029,"date":"2025-04-20T13:56:19","date_gmt":"2025-04-20T13:56:19","guid":{"rendered":"https:\/\/www.europesays.com\/fr\/39029\/"},"modified":"2025-04-20T13:56:19","modified_gmt":"2025-04-20T13:56:19","slug":"pres-de-grenoble-cette-course-insolite-de-chaises-de-bureau-revient-ce-quil-faut-savoir","status":"publish","type":"post","link":"https:\/\/www.europesays.com\/fr\/39029\/","title":{"rendered":"Pr\u00e8s de Grenoble. Cette course insolite de chaises de bureau revient : ce qu&rsquo;il faut savoir"},"content":{"rendered":"<p>            Par<br \/>\n        <strong><br \/>\n            <a href=\"https:\/\/actu.fr\/auteur\/lisa-rodrigues\" title=\"Consulter tous les articles de Lisa Rodrigues\" rel=\"nofollow noopener\" target=\"_blank\">Lisa Rodrigues<\/a><br \/>\n        <\/strong><\/p>\n<p>        Publi\u00e9 le<\/p>\n<p>            19 avr. 2025 \u00e0 8h08        <\/p>\n<p>Pr\u00e9parez vos roulettes ! Organis\u00e9e par l\u2019Association des parents d\u2019\u00e9l\u00e8ves de l\u2019\u00e9cole de la Brunerie, la 3e \u00e9dition de la Brunerie Race, la course de chaises de bureau de <a href=\"https:\/\/actu.fr\/auvergne-rhone-alpes\/voiron_38563\" rel=\"nofollow noopener\" target=\"_blank\">Voiron<\/a>, pr\u00e8s de Grenoble, revient le <strong>samedi 7 juin<\/strong>, sur le complexe sportif pr\u00e8s du coll\u00e8ge de la Garenne.<\/p>\n<p>    <a href=\"https:\/\/www.google.com\/maps\/embed?pb=!1m18!1m12!1m3!1d1981.8539467778446!2d5.586479180145663!3d45.37374242862652!2m3!1f0!2f0!3f0!3m2!1i1024!2i768!4f13.1!3m3!1m2!1s0x478ae419df5a29c9%3A0xc6dda37faedd746!2sGymnase%20de%20la%20Garenne!5e0!3m2!1sfr!2sfr!4v1744637199634!5m2!1sfr!2sfr\" title=\"Ouvrie le lien\" rel=\"nofollow noopener\" target=\"_blank\">Cliquez ici pour visualiser le contenu<\/a><\/p>\n<p class=\" wall-content\">Cette \u00ab\u00a0<strong>comp\u00e9tition unique en son genre<\/strong>\u00a0\u00bb a \u00e9t\u00e9 <a href=\"https:\/\/actu.fr\/auvergne-rhone-alpes\/voiron_38563\/pres-de-grenoble-une-folle-course-de-chaises-de-bureau-bientot-organisee_58767576.html\" rel=\"nofollow noopener\" target=\"_blank\">cr\u00e9\u00e9e par l\u2019association<\/a> et s\u2019adresse aux fanas des drifts de bureau. \u00ab\u00a0L\u2019ann\u00e9e derni\u00e8re, on a eu une quarantaine de pilotes et environ 250 personnes dans le public\u00a0\u00bb, chiffre Jef Pellet, membre de l\u2019association et animateur de l\u2019\u00e9v\u00e9nement.<\/p>\n<p>Une nouveaut\u00e9 cette ann\u00e9e<\/p>\n<p class=\" wall-content\">Rendez-vous est donn\u00e9 d\u00e8s 14 heures avec <strong>casque obligatoire<\/strong> et genouill\u00e8res fortement conseill\u00e9es.<\/p>\n<p class=\" wall-content\">Le but est simple : il faut \u00eatre le plus rapide avec <strong>la seule force de ses mollets<\/strong>, sur un parcours cr\u00e9\u00e9 pour l\u2019occasion. \u00ab\u00a0On fait un d\u00e9part comme les <a href=\"https:\/\/actu.fr\/pays-de-la-loire\/le-mans_72181\/parade-des-pilotes-essais-courses-concerts-tout-savoir-sur-les-24-heures-motos-au-mans_62510571.html\" rel=\"nofollow noopener\" target=\"_blank\">24H du Mans<\/a> : les pilotes partent debout, r\u00e9cup\u00e8rent leurs chaises et se remettent dans le bon sens pour partir\u00a0\u00bb, pr\u00e9cise Jef Pellet.\u00a0<\/p>\n<p>Vid\u00e9os : en ce moment sur Actu<br \/>\n      <img   decoding=\"async\" loading=\"lazy\" src=\"https:\/\/www.europesays.com\/fr\/wp-content\/uploads\/2025\/04\/brunerie-race-course-960x640.jpg\" alt=\"La course de chaises de bureau de Voiron (Is\u00e8re) revient pour sa 3e \u00e9dition le samedi 7 juin \u00e0 la Garenne.\" width=\"960\" height=\"640\"\/><br \/>\n    La course de chaises de bureau de Voiron (Is\u00e8re) revient pour sa 3e \u00e9dition le samedi 7 juin \u00e0 la Garenne. (\u00a9Document remis \u00e0 actu Grenoble \/ Brunerie Race \u2013 Course de chaises de bureau)Le gagnant repart&#8230; avec des patates !<\/p>\n<p>La course de chaises de bureau est une discipline cr\u00e9\u00e9e au Japon. \u00ab\u00a0Ce ne sont pas des petits joueurs : on est sur des relais de 3 heures en \u00e9quipe de trois\u00a0\u00bb, souffle Jef Pellet. <br \/>La tradition veut que les vainqueurs repartent avec 20 kilos de riz. \u00ab\u00a0On a adapt\u00e9 : ce n&rsquo;est pas du riz, mais 10 kilos de pommes de terre qu&rsquo;on donne aux gagnants !\u00a0\u00bb <br \/>Pour les plus comp\u00e9titeurs, sachez que le champion en titre vient remettre son troph\u00e9e &#8211; et son sac de patates &#8211; en jeu cette ann\u00e9e&#8230;<\/p>\n<p class=\" wall-content\">Outre la traditionnelle \u00e9preuve individuelle et la course en relais (pour les plus de 18 ans), une nouveaut\u00e9 fait son apparition. \u00ab\u00a0C\u2019\u00e9tait assez demand\u00e9, alors on propose cette ann\u00e9e une <strong>\u00e9preuve parents-enfants<\/strong>.\u00a0\u00bb<\/p>\n<p>Concours de d\u00e9guisement<\/p>\n<p class=\" wall-content\">En termes de personnalisation du costume du pilote ou de la chaise, \u00e0 peu pr\u00e8s tout est permis. Et c\u2019est m\u00eame recommand\u00e9. \u00ab\u00a0L\u2019ann\u00e9e derni\u00e8re, on a initi\u00e9 un concours de d\u00e9guisement avec un jury. On va le refaire cette ann\u00e9e, avec des lots \u00e0 gagner\u00a0\u00bb, assure Jef Pellet.<\/p>\n<p class=\" wall-content\">Une parade de mascottes est \u00e9galement pr\u00e9vue tout au long de l\u2019apr\u00e8s-midi, ainsi que des animations musicales.<\/p>\n<p>      <img   decoding=\"async\" loading=\"lazy\" src=\"https:\/\/www.europesays.com\/fr\/wp-content\/uploads\/2025\/04\/brunerie-race-course-des-mascottes-960x608.jpg\" alt=\"La course de chaises de bureau de Voiron (Is\u00e8re) revient pour sa 3e \u00e9dition le samedi 7 juin \u00e0 la Garenne. Avec, toujours, ses c\u00e9l\u00e8bres mascottes.\" width=\"960\" height=\"608\"\/><br \/>\n    La course de chaises de bureau de Voiron (Is\u00e8re) revient pour sa 3e \u00e9dition le samedi 7 juin \u00e0 la Garenne. Avec, toujours, ses c\u00e9l\u00e8bres mascottes. (\u00a9Document remis \u00e0 actu Grenoble \/ Brunerie Race \u2013 Course de chaises de bureau)<\/p>\n<p class=\" wall-content\">Les sportifs peuvent d\u2019ores et d\u00e9j\u00e0 s\u2019inscrire la course via <a href=\"https:\/\/www.facebook.com\/Brunerierace\" rel=\"nofollow noopener\" target=\"_blank\">les r\u00e9seaux sociaux<\/a> de l\u2019association organisatrice.<\/p>\n<p>Une prochaine \u00e9dition en centre-ville ?<\/p>\n<p class=\" wall-content\">Le succ\u00e8s \u00e9tant au rendez-vous depuis deux ans maintenant, l\u2019association pense d\u00e9j\u00e0 \u00e0 la prochaine \u00e9dition.<\/p>\n<p class=\" wall-content\">Son souhait ? Que la course s\u2019organise dans le centre-ville, pour attirer davantage de monde. Reste \u00e0 voir si cela est techniquement possible.<\/p>\n<p class=\" wall-content\">Suivez toute l\u2019actualit\u00e9 de vos villes et m\u00e9dias favoris en vous inscrivant \u00e0 <a href=\"https:\/\/moncompte.actu.fr\" title=\"D\u00e9couvez Mon Actu\" rel=\"nofollow noopener\" data-trk=\"{&quot;cta&quot;:{&quot;action&quot;:&quot;https:\\\/\\\/moncompte.actu.fr&quot;,&quot;category&quot;:&quot;mon compte&quot;,&quot;from&quot;:&quot;article footer&quot;,&quot;name&quot;:&quot;Mon actu&quot;,&quot;type&quot;:&quot;cta&quot;}}\" target=\"_blank\">Mon Actu<\/a>.<\/p>\n","protected":false},"excerpt":{"rendered":"Par Lisa Rodrigues Publi\u00e9 le 19 avr. 2025 \u00e0 8h08 Pr\u00e9parez vos roulettes ! Organis\u00e9e par l\u2019Association des&hellip;\n","protected":false},"author":2,"featured_media":39030,"comment_status":"","ping_status":"","sticky":false,"template":"","format":"standard","meta":{"footnotes":""},"categories":[9566],"tags":[1111,11,2430,1057,1777,674,1011,27,2731,1757,12,25],"class_list":{"0":"post-39029","1":"post","2":"type-post","3":"status-publish","4":"format-standard","5":"has-post-thumbnail","7":"category-grenoble","8":"tag-actu","9":"tag-actualites","10":"tag-auvergne-rhone-alpes","11":"tag-education","12":"tag-eu","13":"tag-europe","14":"tag-fr","15":"tag-france","16":"tag-grenoble","17":"tag-insolite","18":"tag-news","19":"tag-republique-francaise"},"share_on_mastodon":{"url":"https:\/\/pubeurope.com\/@fr\/114370640872520948","error":""},"_links":{"self":[{"href":"https:\/\/www.europesays.com\/fr\/wp-json\/wp\/v2\/posts\/39029","targetHints":{"allow":["GET"]}}],"collection":[{"href":"https:\/\/www.europesays.com\/fr\/wp-json\/wp\/v2\/posts"}],"about":[{"href":"https:\/\/www.europesays.com\/fr\/wp-json\/wp\/v2\/types\/post"}],"author":[{"embeddable":true,"href":"https:\/\/www.europesays.com\/fr\/wp-json\/wp\/v2\/users\/2"}],"replies":[{"embeddable":true,"href":"https:\/\/www.europesays.com\/fr\/wp-json\/wp\/v2\/comments?post=39029"}],"version-history":[{"count":0,"href":"https:\/\/www.europesays.com\/fr\/wp-json\/wp\/v2\/posts\/39029\/revisions"}],"wp:featuredmedia":[{"embeddable":true,"href":"https:\/\/www.europesays.com\/fr\/wp-json\/wp\/v2\/media\/39030"}],"wp:attachment":[{"href":"https:\/\/www.europesays.com\/fr\/wp-json\/wp\/v2\/media?parent=39029"}],"wp:term":[{"taxonomy":"category","embeddable":true,"href":"https:\/\/www.europesays.com\/fr\/wp-json\/wp\/v2\/categories?post=39029"},{"taxonomy":"post_tag","embeddable":true,"href":"https:\/\/www.europesays.com\/fr\/wp-json\/wp\/v2\/tags?post=39029"}],"curies":[{"name":"wp","href":"https:\/\/api.w.org\/{rel}","templated":true}]}}