{"id":390303,"date":"2025-09-14T13:20:12","date_gmt":"2025-09-14T13:20:12","guid":{"rendered":"https:\/\/www.europesays.com\/fr\/390303\/"},"modified":"2025-09-14T13:20:12","modified_gmt":"2025-09-14T13:20:12","slug":"circulation-des-trains-tres-perturbee-entre-bordeaux-et-toulouse-a-cause-dun-incendie","status":"publish","type":"post","link":"https:\/\/www.europesays.com\/fr\/390303\/","title":{"rendered":"Circulation des trains tr\u00e8s perturb\u00e9e entre Bordeaux et Toulouse \u00e0 cause d\u2019un incendie"},"content":{"rendered":"<p>            C\u00e2bles \u00e9lectriques<\/p>\n<p>D\u2019apr\u00e8s les premiers \u00e9l\u00e9ments, un incendie s\u2019est d\u00e9clar\u00e9 sur des c\u00e2bles \u00e9lectriques. La circulation des trains a d\u00fb \u00eatre interrompue sur la ligne Bordeaux-Langon, d\u00e8s 8\u00a0h\u00a040. \u00c0 12\u00a0h\u00a030, le trafic n\u2019avait toujours pas pu reprendre.<\/p>\n<p>L\u2019intervention des pompiers est d\u00e9sormais termin\u00e9e mais les \u00e9quipes techniques de SNCF R\u00e9seau sont toujours \u00e0 pied d\u2019\u0153uvre pour r\u00e9parer les d\u00e9g\u00e2ts. \u00ab\u00a0Nous conseillons fortement de reporter les voyages entre Bordeaux et Toulouse, indiquait \u00e0 la mi-journ\u00e9e l\u2019astreinte communication de la SNCF, pr\u00e9cisant qu\u2019une premi\u00e8re estimation fixait \u00e0 20 heures, ce dimanche soir, la reprise du trafic.<\/p>\n<p>Cet incendie entra\u00eene de fortes perturbations sur la circulation des trains entre les deux grandes villes du sud ouest. Des cars de substitution vont \u00eatre mis en place et certains trains \u00e0 destination de Toulouse depuis Bordeaux vont \u00eatre d\u00e9tourn\u00e9s par Dax et Tarbes.<\/p>\n","protected":false},"excerpt":{"rendered":"C\u00e2bles \u00e9lectriques D\u2019apr\u00e8s les premiers \u00e9l\u00e9ments, un incendie s\u2019est d\u00e9clar\u00e9 sur des c\u00e2bles \u00e9lectriques. La circulation des trains&hellip;\n","protected":false},"author":2,"featured_media":390304,"comment_status":"","ping_status":"","sticky":false,"template":"","format":"standard","meta":{"footnotes":""},"categories":[2817],"tags":[1111,11,1997,1777,674,1011,27,12,2219,25],"class_list":{"0":"post-390303","1":"post","2":"type-post","3":"status-publish","4":"format-standard","5":"has-post-thumbnail","7":"category-bordeaux","8":"tag-actu","9":"tag-actualites","10":"tag-bordeaux","11":"tag-eu","12":"tag-europe","13":"tag-fr","14":"tag-france","15":"tag-news","16":"tag-nouvelle-aquitaine","17":"tag-republique-francaise"},"share_on_mastodon":{"url":"https:\/\/pubeurope.com\/@fr\/115202859297783054","error":""},"_links":{"self":[{"href":"https:\/\/www.europesays.com\/fr\/wp-json\/wp\/v2\/posts\/390303","targetHints":{"allow":["GET"]}}],"collection":[{"href":"https:\/\/www.europesays.com\/fr\/wp-json\/wp\/v2\/posts"}],"about":[{"href":"https:\/\/www.europesays.com\/fr\/wp-json\/wp\/v2\/types\/post"}],"author":[{"embeddable":true,"href":"https:\/\/www.europesays.com\/fr\/wp-json\/wp\/v2\/users\/2"}],"replies":[{"embeddable":true,"href":"https:\/\/www.europesays.com\/fr\/wp-json\/wp\/v2\/comments?post=390303"}],"version-history":[{"count":0,"href":"https:\/\/www.europesays.com\/fr\/wp-json\/wp\/v2\/posts\/390303\/revisions"}],"wp:featuredmedia":[{"embeddable":true,"href":"https:\/\/www.europesays.com\/fr\/wp-json\/wp\/v2\/media\/390304"}],"wp:attachment":[{"href":"https:\/\/www.europesays.com\/fr\/wp-json\/wp\/v2\/media?parent=390303"}],"wp:term":[{"taxonomy":"category","embeddable":true,"href":"https:\/\/www.europesays.com\/fr\/wp-json\/wp\/v2\/categories?post=390303"},{"taxonomy":"post_tag","embeddable":true,"href":"https:\/\/www.europesays.com\/fr\/wp-json\/wp\/v2\/tags?post=390303"}],"curies":[{"name":"wp","href":"https:\/\/api.w.org\/{rel}","templated":true}]}}