{"id":390305,"date":"2025-09-14T13:21:14","date_gmt":"2025-09-14T13:21:14","guid":{"rendered":"https:\/\/www.europesays.com\/fr\/390305\/"},"modified":"2025-09-14T13:21:14","modified_gmt":"2025-09-14T13:21:14","slug":"biotopia-une-parenthese-musicale-et-poetique-au-centre-culturel-alban-minville","status":"publish","type":"post","link":"https:\/\/www.europesays.com\/fr\/390305\/","title":{"rendered":"\u00ab\u00a0Biotopia\u00a0\u00bb : Une parenth\u00e8se musicale et po\u00e9tique au Centre Culturel Alban Minville"},"content":{"rendered":"<p>Pour une matin\u00e9e hors du temps, le <b>Centre Culturel Alban Minville<\/b> vous invite \u00e0 d\u00e9couvrir <b>\u00ab\u00a0Biotopia\u00a0\u00bb<\/b>, un concert pour les tout-petits le <b>dimanche 28 septembre 2025 \u00e0 11h00<\/b>. Imagin\u00e9 par la compagnie Ou\u00ef, ce spectacle est une immersion sensorielle au c\u0153ur de la nature.<\/p>\n<p><img loading=\"lazy\" decoding=\"async\" class=\"size-medium wp-image-902184 aligncenter\" src=\"https:\/\/www.europesays.com\/fr\/wp-content\/uploads\/2025\/09\/Capture-decran-2025-09-08-114636-300x239.png.webp.webp\" alt=\"\" width=\"300\" height=\"239\"  \/><\/p>\n<p>La compositrice \u00c9lise Bonifas a con\u00e7u cette \u0153uvre en m\u00ealant des sons capt\u00e9s dans la nature, des objets sonores, du violon et de la voix. Le r\u00e9sultat est une exp\u00e9rience sonore unique qui invite \u00e0 la <b>relaxation et \u00e0 la contemplation<\/b>, cr\u00e9ant un pont entre l\u2019art et la nature. Avec H\u00e9l\u00e8ne Beauregard \u00e0 ses c\u00f4t\u00e9s, le duo propose un voyage po\u00e9tique et d\u00e9licat, accessible aux enfants d\u00e8s 3 ans.<\/p>\n<p>Pour prolonger l\u2019exp\u00e9rience, une <b>balade sonore parents-enfants<\/b> est organis\u00e9e \u00e0 9h45. Accompagn\u00e9s d\u2019une m\u00e9diatrice \u00e9cologue et d\u2019une artiste sonore, les participants pourront red\u00e9couvrir les sons des arbres et des plantes autour du centre culturel gr\u00e2ce \u00e0 des micros sp\u00e9cialis\u00e9s. Cette balade est l\u2019occasion d\u2019\u00e9veiller l\u2019oreille et de red\u00e9couvrir son environnement de mani\u00e8re ludique et po\u00e9tique.<\/p>\n<p><b>Informations pratiques<\/b><\/p>\n<p><b>Lieu :<\/b> Auditorium du Centre Culturel Alban Minville, Toulouse<br \/><b>Date :<\/b> Dimanche 28 septembre 2025<br \/><b>Horaires : <\/b>Balade sonore : 9h45 (dur\u00e9e 1h)<br \/>Concert \u00ab\u00a0Biotopia\u00a0\u00bb : 11h00 (dur\u00e9e 30 min)<br \/><b>Tarifs : <\/b>Concert : 3\u20ac<br \/>Balade sonore : 3\u20ac (sur r\u00e9servation)<br \/><strong>R\u00e9servations :<\/strong><a href=\"https:\/\/metropole.toulouse.fr\/annuaire\/centre-culturel-alban-minville\" target=\"_blank\" rel=\"noopener nofollow\"> Centre Culturel Alban Minville<\/a><\/p>\n","protected":false},"excerpt":{"rendered":"Pour une matin\u00e9e hors du temps, le Centre Culturel Alban Minville vous invite \u00e0 d\u00e9couvrir \u00ab\u00a0Biotopia\u00a0\u00bb, un concert&hellip;\n","protected":false},"author":2,"featured_media":390306,"comment_status":"","ping_status":"","sticky":false,"template":"","format":"standard","meta":{"footnotes":""},"categories":[2816],"tags":[1111,11,1777,674,1011,27,12,2680,25,2312],"class_list":{"0":"post-390305","1":"post","2":"type-post","3":"status-publish","4":"format-standard","5":"has-post-thumbnail","7":"category-toulouse","8":"tag-actu","9":"tag-actualites","10":"tag-eu","11":"tag-europe","12":"tag-fr","13":"tag-france","14":"tag-news","15":"tag-occitanie","16":"tag-republique-francaise","17":"tag-toulouse"},"share_on_mastodon":{"url":"https:\/\/pubeurope.com\/@fr\/115202863098182535","error":""},"_links":{"self":[{"href":"https:\/\/www.europesays.com\/fr\/wp-json\/wp\/v2\/posts\/390305","targetHints":{"allow":["GET"]}}],"collection":[{"href":"https:\/\/www.europesays.com\/fr\/wp-json\/wp\/v2\/posts"}],"about":[{"href":"https:\/\/www.europesays.com\/fr\/wp-json\/wp\/v2\/types\/post"}],"author":[{"embeddable":true,"href":"https:\/\/www.europesays.com\/fr\/wp-json\/wp\/v2\/users\/2"}],"replies":[{"embeddable":true,"href":"https:\/\/www.europesays.com\/fr\/wp-json\/wp\/v2\/comments?post=390305"}],"version-history":[{"count":0,"href":"https:\/\/www.europesays.com\/fr\/wp-json\/wp\/v2\/posts\/390305\/revisions"}],"wp:featuredmedia":[{"embeddable":true,"href":"https:\/\/www.europesays.com\/fr\/wp-json\/wp\/v2\/media\/390306"}],"wp:attachment":[{"href":"https:\/\/www.europesays.com\/fr\/wp-json\/wp\/v2\/media?parent=390305"}],"wp:term":[{"taxonomy":"category","embeddable":true,"href":"https:\/\/www.europesays.com\/fr\/wp-json\/wp\/v2\/categories?post=390305"},{"taxonomy":"post_tag","embeddable":true,"href":"https:\/\/www.europesays.com\/fr\/wp-json\/wp\/v2\/tags?post=390305"}],"curies":[{"name":"wp","href":"https:\/\/api.w.org\/{rel}","templated":true}]}}