{"id":390309,"date":"2025-09-14T13:23:17","date_gmt":"2025-09-14T13:23:17","guid":{"rendered":"https:\/\/www.europesays.com\/fr\/390309\/"},"modified":"2025-09-14T13:23:17","modified_gmt":"2025-09-14T13:23:17","slug":"cinq-adolescents-mis-en-examen","status":"publish","type":"post","link":"https:\/\/www.europesays.com\/fr\/390309\/","title":{"rendered":"cinq adolescents mis en examen"},"content":{"rendered":"<p>            Par<br \/>\n        <strong><br \/>\n            <a href=\"https:\/\/actu.fr\/auteur\/redaction-lille\" title=\"Consulter tous les articles de R\u00e9daction Lille\" rel=\"nofollow noopener\" target=\"_blank\">R\u00e9daction Lille<\/a><br \/>\n        <\/strong><\/p>\n<p>        Publi\u00e9 le<\/p>\n<p>            14 sept. 2025 \u00e0 11h50        <\/p>\n<p><b>Cinq adolescents ont \u00e9t\u00e9 mis en examen<\/b> dans le cadre d\u2019une enqu\u00eate ouverte apr\u00e8s <b>l\u2019agression d\u2019un policier \u00e0 Tourcoing<\/b> (Nord), film\u00e9e et diffus\u00e9e sur les r\u00e9seaux sociaux, et le vol d\u2019une trottinette, a annonc\u00e9 dimanche \u00e0 l\u2019AFP la procureure de Lille.<\/p>\n<p>Deux autres personnes encore recherch\u00e9es par la police<\/p>\n<p class=\" wall-content\">\u00ab\u00a0Deux font l\u2019objet d\u2019une incarc\u00e9ration provisoire, deux sont sous strict contr\u00f4le judiciaire comportant notamment pour l\u2019un un placement dans une structure \u00e0 Douai et pour l\u2019autre un \u00e9loignement en Loire-Atlantique\u00a0\u00bb, a pr\u00e9cis\u00e9 la procureure de Lille Carole Etienne. \u00ab\u00a0Une mesure \u00e9ducative judiciaire provisoire comportant \u00e9galement des obligations et interdictions\u00a0\u00bb a \u00e9t\u00e9 d\u00e9cid\u00e9 pour le cinqui\u00e8me mis en examen.<\/p>\n<p class=\" wall-content\">La victime, un policier de la brigade anti-criminalit\u00e9 (BAC) de Tourcoing, intervenait jeudi en fin d\u2019apr\u00e8s-midi dans un quartier populaire avec deux coll\u00e8gues pour un vol de trottinette, sur fond de harc\u00e8lement d\u2019un autre adolescent qui subissait \u00ab\u00a0la loi d\u2019une petite bande\u00a0\u00bb, avait expliqu\u00e9 vendredi le ministre la Justice d\u00e9missionnaire G\u00e9rald Darmanin. Apr\u00e8s l\u2019interpellation d\u2019un mineur imm\u00e9diatement apr\u00e8s l\u2019agression du policier, deux autres adolescents avaient \u00e9t\u00e9 interpell\u00e9s vendredi matin, puis deux autres, \u00e2g\u00e9s de 17 et 19 ans selon le parquet, samedi matin.<\/p>\n<p class=\" wall-content\">La procureure a ouvert une information judiciaire notamment pour \u00ab\u00a0vol aggrav\u00e9\u00a0\u00bb, \u00ab\u00a0violences sur un fonctionnaire de police aggrav\u00e9es par au moins deux circonstances (r\u00e9union, arme)\u00a0\u00bb et \u00ab\u00a0enregistrement ou diffusion d\u2019images\u00a0\u00bb portant une \u00ab\u00a0atteinte volontaire \u00e0 l\u2019int\u00e9grit\u00e9 de la personne\u00a0\u00bb, ph\u00e9nom\u00e8ne qualifi\u00e9 de \u00ab\u00a0happy slapping\u00a0\u00bb, le fait d\u2019enregistrer ou de diffuser des images de violence.<\/p>\n<p class=\" wall-content\">Le policier \u00ab\u00a0est plus choqu\u00e9 psychologiquement que physiquement\u00a0\u00bb, bien qu\u2019il souffre d\u2019un nez cass\u00e9 et d\u2019une \u00ab\u00a0cloison nasale qu\u2019il va sans doute se faire op\u00e9rer\u00a0\u00bb, avait pr\u00e9cis\u00e9 vendredi M. Darmanin.<\/p>\n<p class=\" wall-content\">Selon la procureure, il s\u2019est vu remettre une incapacit\u00e9 totale de travail (ITT) de cinq jours, \u00ab\u00a0r\u00e9\u00e9valuable\u00a0\u00bb. \u00ab\u00a0Qu\u2019on puisse diffuser ces images, c\u2019est l\u00e0 le second scandale\u00a0\u00bb, avait soulign\u00e9 M. Darmanin, d\u00e9plorant qu\u2019on puisse \u00ab\u00a0se r\u00e9jouir\u00a0\u00bb de cette agression, dont la vid\u00e9o, largement relay\u00e9e sur les r\u00e9seaux sociaux, montre le policier maintenu au sol en pleine rue et frapp\u00e9 de plusieurs coups de poing au visage. Deux autres personnes susceptibles d\u2019\u00eatre impliqu\u00e9es dans le vol de trottinette sont encore recherch\u00e9es, selon le parquet de Lille.<\/p>\n<p class=\" wall-content\"><b>AFP<\/b><\/p>\n<p class=\" wall-content\">Personnalisez votre actualit\u00e9 en ajoutant vos villes et m\u00e9dias en favori avec <a href=\"https:\/\/moncompte.actu.fr\" title=\"D\u00e9couvez Mon Actu\" rel=\"nofollow noopener\" data-trk=\"{&quot;cta&quot;:{&quot;action&quot;:&quot;https:\\\/\\\/moncompte.actu.fr&quot;,&quot;category&quot;:&quot;mon compte&quot;,&quot;from&quot;:&quot;article footer&quot;,&quot;name&quot;:&quot;Mon actu&quot;,&quot;type&quot;:&quot;cta&quot;}}\" target=\"_blank\">Mon Actu<\/a>.<\/p>\n","protected":false},"excerpt":{"rendered":"Par R\u00e9daction Lille Publi\u00e9 le 14 sept. 2025 \u00e0 11h50 Cinq adolescents ont \u00e9t\u00e9 mis en examen dans&hellip;\n","protected":false},"author":2,"featured_media":390310,"comment_status":"","ping_status":"","sticky":false,"template":"","format":"standard","meta":{"footnotes":""},"categories":[2815],"tags":[1111,11,1777,674,1011,27,811,1307,12,1072,25,104,7501],"class_list":{"0":"post-390309","1":"post","2":"type-post","3":"status-publish","4":"format-standard","5":"has-post-thumbnail","7":"category-lille","8":"tag-actu","9":"tag-actualites","10":"tag-eu","11":"tag-europe","12":"tag-fr","13":"tag-france","14":"tag-hauts-de-france","15":"tag-lille","16":"tag-news","17":"tag-police","18":"tag-republique-francaise","19":"tag-societe","20":"tag-violences-urbaines"},"share_on_mastodon":{"url":"https:\/\/pubeurope.com\/@fr\/115202870905914773","error":""},"_links":{"self":[{"href":"https:\/\/www.europesays.com\/fr\/wp-json\/wp\/v2\/posts\/390309","targetHints":{"allow":["GET"]}}],"collection":[{"href":"https:\/\/www.europesays.com\/fr\/wp-json\/wp\/v2\/posts"}],"about":[{"href":"https:\/\/www.europesays.com\/fr\/wp-json\/wp\/v2\/types\/post"}],"author":[{"embeddable":true,"href":"https:\/\/www.europesays.com\/fr\/wp-json\/wp\/v2\/users\/2"}],"replies":[{"embeddable":true,"href":"https:\/\/www.europesays.com\/fr\/wp-json\/wp\/v2\/comments?post=390309"}],"version-history":[{"count":0,"href":"https:\/\/www.europesays.com\/fr\/wp-json\/wp\/v2\/posts\/390309\/revisions"}],"wp:featuredmedia":[{"embeddable":true,"href":"https:\/\/www.europesays.com\/fr\/wp-json\/wp\/v2\/media\/390310"}],"wp:attachment":[{"href":"https:\/\/www.europesays.com\/fr\/wp-json\/wp\/v2\/media?parent=390309"}],"wp:term":[{"taxonomy":"category","embeddable":true,"href":"https:\/\/www.europesays.com\/fr\/wp-json\/wp\/v2\/categories?post=390309"},{"taxonomy":"post_tag","embeddable":true,"href":"https:\/\/www.europesays.com\/fr\/wp-json\/wp\/v2\/tags?post=390309"}],"curies":[{"name":"wp","href":"https:\/\/api.w.org\/{rel}","templated":true}]}}