{"id":39033,"date":"2025-04-20T13:58:13","date_gmt":"2025-04-20T13:58:13","guid":{"rendered":"https:\/\/www.europesays.com\/fr\/39033\/"},"modified":"2025-04-20T13:58:13","modified_gmt":"2025-04-20T13:58:13","slug":"le-survol-de-drones-conteste-par-la-ligue-des-droits-de-lhomme-la-justice-valide","status":"publish","type":"post","link":"https:\/\/www.europesays.com\/fr\/39033\/","title":{"rendered":"le survol de drones contest\u00e9 par la Ligue des droits de l&rsquo;Homme, la Justice valide"},"content":{"rendered":"<p>            Par<br \/>\n        <strong><br \/>\n            <a href=\"https:\/\/actu.fr\/auteur\/redaction-rennes\" title=\"Consulter tous les articles de R\u00e9daction Rennes\" target=\"_blank\" rel=\"noopener\">R\u00e9daction Rennes<\/a><br \/>\n        <\/strong><\/p>\n<p>        Publi\u00e9 le<\/p>\n<p>            19 avr. 2025 \u00e0 10h01        <\/p>\n<p>Entre le 4 et le 30 avril 2025, le pr\u00e9fet de la r\u00e9gion Bretagne et d\u2019Ille-et-Vilaine <a href=\"https:\/\/actu.fr\/bretagne\/rennes_35238\/qui-est-amaury-de-saint-quentin-le-nouveau-prefet-de-bretagne-et-d-ille-et-vilaine_61721038.html\" target=\"_blank\" rel=\"noopener\">Amaury de Saint-Quentin<\/a> a pris <strong>quatre arr\u00eat\u00e9s<\/strong> permettant <strong>aux drones<\/strong> de la <strong>police<\/strong> de survoler les quartiers <strong>Maurepas-La Bellangerais, Villejean-Beauregard<\/strong> et Bourg <strong>Lev\u00eaque-Cleunay<\/strong> ainsi que le <strong>centre-ville.<\/strong><\/p>\n<p class=\" wall-content\">La Ligue des droits de l\u2019Homme (LDH) estime, au regard de ces arr\u00eat\u00e9s, \u00ab\u00a0qu\u2019un cinqui\u00e8me\u00a0\u00bb voire \u00ab\u00a0un quart\u00a0\u00bb de la ville est ainsi pass\u00e9 \u00e0 la loupe. Pendant pr\u00e8s d\u2019un mois, ces \u00ab\u00a0a\u00e9ronefs\u00a0\u00bb pourront ainsi, selon l\u2019organisation, <strong>\u00ab\u00a0capter, enregistrer<\/strong> et <strong>transmettre\u00a0\u00bb<\/strong> des images. La LDH a donc saisi la Justice.\u00a0<\/p>\n<p class=\" wall-content\">Dans <strong>une ordonnance<\/strong> rendue vendredi 18 avril 2025, <strong>le juge<\/strong> des r\u00e9f\u00e9r\u00e9s du tribunal administratif de Rennes<strong> a refus\u00e9 de suspendre<\/strong>\u00a0les quatre arr\u00eat\u00e9s du pr\u00e9fet d\u2019Ille-et-Vilaine autorisant l\u2019usage de drones.<\/p>\n<p>\u00ab\u00a0Ins\u00e9curiser les trafiquants et consommateurs\u00a0\u00bb<\/p>\n<p class=\" wall-content\">Pour mettre en place le survol de drones dans la capitale bretonne, le pr\u00e9fet s\u2019\u00e9tait en fait fond\u00e9 sur la \u00ab\u00a0mise en \u0153uvre\u00a0\u00bb du <strong>Plan d\u2019action d\u00e9partemental de restauration du quotidien (PADRSQ)<\/strong> qui vise \u00e0 \u00ab\u00a0lutter contre le trafic de stup\u00e9fiants\u00a0\u00bb et \u00ab\u00a0les violences qu\u2019il engendre\u00a0\u00bb \u00e0 Rennes.<\/p>\n<p class=\" wall-content\">De son point de vue, il \u00e9tait donc<strong> n\u00e9cessaire \u00ab\u00a0d\u2019ins\u00e9curiser les trafiquants et les consommateurs<\/strong> au travers de nombreuses op\u00e9rations de lutte active et d\u2019op\u00e9rations de s\u00e9curisation\u00a0\u00bb dans ces quatre secteurs, recontextualise le juge des r\u00e9f\u00e9r\u00e9s dans une ordonnance rendue ce vendredi 18 avril 2025.<\/p>\n<p>Vid\u00e9os : en ce moment sur ActuLa \u00ab\u00a0majeure partie\u00a0\u00bb de la ville \u00e9pargn\u00e9e<\/p>\n<p class=\" wall-content\">\u00ab\u00a0Chacun des arr\u00eat\u00e9s mentionne les faits qui caract\u00e9risent dans leurs p\u00e9rim\u00e8tres respectifs les trafics de stup\u00e9fiants et les violences qu\u2019ils engendrent\u00a0\u00bb, valide le juge des r\u00e9f\u00e9r\u00e9s.<\/p>\n<blockquote class=\"ac-article-quote wall-content\">\n<p>Le pr\u00e9fet (&#8230;) a pu valablement estimer qu\u2019il pouvait autoriser les services de la police nationale (&#8230;), dans des lieux particuli\u00e8rement expos\u00e9s (&#8230;) \u00e0 des risques d&rsquo;agressions, de vols ou de trafics d&rsquo;armes, d&rsquo;\u00eatres humains ou de stup\u00e9fiants, la captation (&#8230;) d\u2019images au moyen de cam\u00e9ras install\u00e9es sur des a\u00e9ronefs dans les quatre zones dont il s\u2019agit.<\/p>\n<p>    <strong>Juge des r\u00e9f\u00e9r\u00e9s du tribunal administratif de Rennes<\/strong>\n            <\/p><\/blockquote>\n<p class=\" wall-content\">\u00ab\u00a0La seule addition des quatre zones (\u2026) n\u2019est pas \u00e0 elle seule de nature \u00e0 \u00e9tablir que le p\u00e9rim\u00e8tre (\u2026) <strong>serait disproportionn\u00e9<\/strong> par rapport aux objectifs poursuivis\u00a0\u00bb, d\u00e9taille-t-il.<\/p>\n<p class=\" wall-content\">Les p\u00e9rim\u00e8tres <strong>\u00ab\u00a0co\u00efncident\u00a0\u00bb<\/strong> en effet avec \u00ab\u00a0les lieux identifi\u00e9s comme points de deal de stup\u00e9fiants\u00a0\u00bb et la \u00ab\u00a0carte\u00a0\u00bb produite par la LDH dans son recours d\u00e9montre d\u2019ailleurs que \u00ab\u00a0la majeure partie de la ville (\u2026) est \u00e9pargn\u00e9e par les mesures de surveillance attaqu\u00e9es\u00a0\u00bb.<\/p>\n<p>\u00ab\u00a0Discr\u00e9tions et confidentialit\u00e9\u00a0\u00bb<\/p>\n<p class=\" wall-content\">\u00ab\u00a0L\u2019efficacit\u00e9 des op\u00e9rations de surveillance par a\u00e9ronef requiert <strong>discr\u00e9tion et confidentialit\u00e9\u00a0\u00bb,<\/strong> rappelle au demeurant le juge des r\u00e9f\u00e9r\u00e9s du tribunal administratif de Rennes. \u00ab\u00a0Le pr\u00e9fet fait utilement valoir qu\u2019il ne pouvait pas pr\u00e9ciser davantage les p\u00e9riodes d\u2019utilisation des drones sans compromettre l\u2019objectif de ses arr\u00eat\u00e9s\u00a0\u00bb.<\/p>\n<p class=\" wall-content\">Cette \u00ab\u00a0captation\u00a0\u00bb permettra de <strong>\u00ab\u00a0mieux orienter les op\u00e9rations\u00a0\u00bb<\/strong> et de \u00ab\u00a0s\u00e9curiser les tiers \u00e0 ces op\u00e9rations\u00a0\u00bb, alors m\u00eame que les cam\u00e9ras de vid\u00e9osurveillance font l\u2019objet de <strong>\u00ab\u00a0d\u00e9gradations syst\u00e9matiques\u00a0\u00bb,<\/strong> conclut le juge des r\u00e9f\u00e9r\u00e9s.<\/p>\n<p class=\" wall-content\"><strong>CB \u2013 PressPepper<\/strong><\/p>\n<p class=\" wall-content\">Suivez toute l\u2019actualit\u00e9 de vos villes et m\u00e9dias favoris en vous inscrivant \u00e0 <a href=\"https:\/\/moncompte.actu.fr\" title=\"D\u00e9couvez Mon Actu\" rel=\"nofollow noopener\" data-trk=\"{&quot;cta&quot;:{&quot;action&quot;:&quot;https:\\\/\\\/moncompte.actu.fr&quot;,&quot;category&quot;:&quot;mon compte&quot;,&quot;from&quot;:&quot;article footer&quot;,&quot;name&quot;:&quot;Mon actu&quot;,&quot;type&quot;:&quot;cta&quot;}}\" target=\"_blank\">Mon Actu<\/a>.<\/p>\n","protected":false},"excerpt":{"rendered":"Par R\u00e9daction Rennes Publi\u00e9 le 19 avr. 2025 \u00e0 10h01 Entre le 4 et le 30 avril 2025,&hellip;\n","protected":false},"author":2,"featured_media":39034,"comment_status":"","ping_status":"","sticky":false,"template":"","format":"standard","meta":{"footnotes":""},"categories":[2821],"tags":[1111,11,829,1777,674,118,1011,27,303,12,1072,584,25,3382],"class_list":{"0":"post-39033","1":"post","2":"type-post","3":"status-publish","4":"format-standard","5":"has-post-thumbnail","7":"category-rennes","8":"tag-actu","9":"tag-actualites","10":"tag-bretagne","11":"tag-eu","12":"tag-europe","13":"tag-faits-divers","14":"tag-fr","15":"tag-france","16":"tag-justice","17":"tag-news","18":"tag-police","19":"tag-rennes","20":"tag-republique-francaise","21":"tag-tribunal-administratif-de-rennes"},"share_on_mastodon":{"url":"https:\/\/pubeurope.com\/@fr\/114370648742974443","error":""},"_links":{"self":[{"href":"https:\/\/www.europesays.com\/fr\/wp-json\/wp\/v2\/posts\/39033","targetHints":{"allow":["GET"]}}],"collection":[{"href":"https:\/\/www.europesays.com\/fr\/wp-json\/wp\/v2\/posts"}],"about":[{"href":"https:\/\/www.europesays.com\/fr\/wp-json\/wp\/v2\/types\/post"}],"author":[{"embeddable":true,"href":"https:\/\/www.europesays.com\/fr\/wp-json\/wp\/v2\/users\/2"}],"replies":[{"embeddable":true,"href":"https:\/\/www.europesays.com\/fr\/wp-json\/wp\/v2\/comments?post=39033"}],"version-history":[{"count":0,"href":"https:\/\/www.europesays.com\/fr\/wp-json\/wp\/v2\/posts\/39033\/revisions"}],"wp:featuredmedia":[{"embeddable":true,"href":"https:\/\/www.europesays.com\/fr\/wp-json\/wp\/v2\/media\/39034"}],"wp:attachment":[{"href":"https:\/\/www.europesays.com\/fr\/wp-json\/wp\/v2\/media?parent=39033"}],"wp:term":[{"taxonomy":"category","embeddable":true,"href":"https:\/\/www.europesays.com\/fr\/wp-json\/wp\/v2\/categories?post=39033"},{"taxonomy":"post_tag","embeddable":true,"href":"https:\/\/www.europesays.com\/fr\/wp-json\/wp\/v2\/tags?post=39033"}],"curies":[{"name":"wp","href":"https:\/\/api.w.org\/{rel}","templated":true}]}}