{"id":390337,"date":"2025-09-14T13:39:21","date_gmt":"2025-09-14T13:39:21","guid":{"rendered":"https:\/\/www.europesays.com\/fr\/390337\/"},"modified":"2025-09-14T13:39:21","modified_gmt":"2025-09-14T13:39:21","slug":"eurobasket-finale-entre-lallemagne-et-la-turquie-ce-soir-20h","status":"publish","type":"post","link":"https:\/\/www.europesays.com\/fr\/390337\/","title":{"rendered":"Eurobasket : Finale entre l&rsquo;Allemagne et la Turquie ce soir, 20H !"},"content":{"rendered":"<p>Ce soir \u00e0 Riga : Allemagne vs Turquie, le titre se joue en grand<\/p>\n<p>Riga vibre d\u00e9j\u00e0. Nous sommes au point culminant de l\u2019EuroBasket 2025 : \u00e0 20h (CET), l\u2019Allemagne et la Turquie vont s\u2019affronter pour l\u2019or. Deux \u00e9quipes invaincues, deux machines bien rod\u00e9es ; mais des destins diff\u00e9rents, des d\u00e9fis de poids. Le match promet d\u2019\u00eatre autant mental que physique.<\/p>\n<p>Turquie : l\u2019obsession d\u2019un premier titre<\/p>\n<p>La Turquie joue l\u2019histoire. Jamais sacr\u00e9e \u00e0 l\u2019EuroBasket, elle n\u2019a remport\u00e9 \u201cque\u201d l\u2019argent en 2001, sur son sol.Depuis, le podium n\u2019a \u00e9t\u00e9 qu\u2019un r\u00eave lointain. Cette ann\u00e9e, Ergin Ataman tient une \u00e9quipe presque parfaite, collective, agressive, sans faille dans la d\u00e9fense.<br \/>Leur demi-finale contre la Gr\u00e8ce l\u2019a prouv\u00e9 : \u00e9craser l\u2019adversaire tant dans le mental que dans l\u2019adresse. Osmani a \u00e9t\u00e9 un bulldozer, Sengun \u00e9quilibrant jeu int\u00e9rieur et cr\u00e9ativit\u00e9. Ils arrivent \u00e0 la finale avec un 8-0 qui p\u00e8se, un momentum qui fait peur. Le genre de confiance que les Turcs nourrissent depuis le d\u00e9but du tournoi.<\/p>\n<p>L\u2019Allemagne arrive avec deux motivations claires. Premi\u00e8rement, prolonger son invincibilit\u00e9 dans le tournoi (elle aussi 8-0) pour ne laisser aucune br\u00e8che. Deuxi\u00e8mement, ajouter un second titre europ\u00e9en \u00e0 son palmar\u00e8s, le premier datant de 1993.<\/p>\n<p>Dennis Schr\u00f6der porte beaucoup de ce poids. Meneur aguerri, il a \u00e9t\u00e9 d\u00e9cisif en demi-finale contre la Finlande, distribuant, perforant, imposant le tempo. Franz Wagner, son comp\u00e8re, incarne le scoring, l\u2019\u00e9nergie, le basketball moderne. Les deux ensemble donnent une assise \u00e0 cette Allemagne qui ne laisse pas l\u2019impr\u00e9vu lui \u00e9chapper.<\/p>\n<p>L\u2019enjeu : plus qu\u2019une m\u00e9daille<\/p>\n<p>La finale n\u2019est pas simplement la derni\u00e8re marche d\u2019un tournoi. Pour la Turquie, il y a le poids du pass\u00e9, le d\u00e9sir de laver l\u2019\u00e9chec de 2001. Pour l\u2019Allemagne, c\u2019est la confirmation : championne du monde, elle veut couronner cet hiver d\u2019une autre cons\u00e9cration europ\u00e9enne.<\/p>\n<p>Chacun arrive aff\u00fbt\u00e9. Pas de surprises majeures, peu d\u2019erreurs. Ce sera une bataille dans les duels : Sengun vs l\u2019int\u00e9rieur allemand, Osmani \u00e0 l\u2019aile, la mobilit\u00e9, la rapidit\u00e9. D\u00e9fensivement, qui l\u00e2chera le moins ? Qui prendra le rythme ? L\u2019endurance sera cl\u00e9.<br \/><a href=\"https:\/\/pensebet.com\/forfaits\/?utm_source=pensebet&amp;utm_medium=banner_pro&amp;utm_campaign=banner-pronos\" rel=\"nofollow noopener\" target=\"_blank\"><br \/><img loading=\"lazy\" decoding=\"async\" class=\"size-full wp-image-54351 lazyload\" style=\"border-radius: 20px;\" alt=\"Bouton PenseBet\" width=\"1000\" height=\"200\" title=\"Eurobasket : Finale entre l'Allemagne et la Turquie ce soir, 20H !\" src=\"https:\/\/www.europesays.com\/fr\/wp-content\/uploads\/2025\/09\/v2-bouton.jpg\"  data- data-eio-rwidth=\"1000\" data-eio-rheight=\"200\"\/><\/a><\/p>\n<p>Les clefs du match<\/p>\n<p>Int\u00e9rieur vs ext\u00e9rieur : La Turquie domine souvent la peinture, mais l\u2019Allemagne devra limiter les p\u00e9n\u00e9trations et forcer les tirs ext\u00e9rieurs.<\/p>\n<p>Turnovers &amp; rythme : Celui qui contraint l\u2019autre \u00e0 perdre le ballon aura souvent le tempo.<\/p>\n<p>Clutch time : Dans les deux derniers quarts-temps, l\u2019exp\u00e9rience comptera. Schr\u00f6der, Wagner d\u2019un c\u00f4t\u00e9 ; les cadres turcs de l\u2019autre.<\/p>\n<p>Le mental : La pression est maximale. Pour la Turquie, l\u2019ombre de 2001. Pour l\u2019Allemagne, le d\u00e9sir de ne pas d\u00e9cevoir apr\u00e8s le sacre mondial.<\/p>\n<p>Conclusion : ce qui pourrait faire basculer<\/p>\n<p>Ce soir, ce ne sera pas juste un match. C\u2019est le moment de v\u00e9rit\u00e9. Celui o\u00f9 les certitudes de toute une comp\u00e9tition seront test\u00e9es. La Turquie aurait la joie immense de soulever un troph\u00e9e jamais touch\u00e9. L\u2019Allemagne a l\u2019avantage historique, le roster, l\u2019exp\u00e9rience du haut niveau.<\/p>\n<p>Peu importe qui l\u2019emportera, ce sera un champion forg\u00e9 dans le feu : pas seulement par les comp\u00e9tences, mais par la constance, le mental, le courage de ne pas c\u00e9der \u00e0 la peur. Vingt minutes, trente, quarantaine : peu importe la dur\u00e9e, c\u2019est dans la tension, l\u2019effort jusqu\u2019au bout, que la l\u00e9gende se niche.<\/p>\n<p>\u00a0<\/p>\n<p>Le match pour la troisi\u00e8me place entre la Gr\u00e8ce et la Finlande se d\u00e9roulera quant \u00e0 lui \u00e0 16H.<\/p>\n<p>                                                                                                                                    &#13;<\/p>\n<ul class=\"pp-multiple-authors-boxes-ul author-ul-0\">&#13;<br \/>\n                                                                                                                                                                                                                                                                                                                                                            &#13;<\/p>\n<li class=\"pp-multiple-authors-boxes-li author_index_0 author_thomas-lancelin09gmail-com has-avatar\">&#13;\n<p>                                                                                                                                                                                                                <img loading=\"lazy\" decoding=\"async\" alt=\"Eurobasket : Finale entre l'Allemagne et la Turquie ce soir, 20H !\" class=\"multiple_authors_guest_author_avatar avatar lazyload\" height=\"80\" width=\"80\" title=\"Eurobasket : Finale entre l'Allemagne et la Turquie ce soir, 20H !\" src=\"https:\/\/www.europesays.com\/fr\/wp-content\/uploads\/2025\/09\/Logo-base.jpg\"  data-eio-rwidth=\"576\" data-eio-rheight=\"576\"\/><br \/>\n                                                                                                                                    &#13;<br \/>\n                                                            &#13;<\/p>\n<p class=\"pp-author-boxes-description multiple-authors-description author-description-0\">&#13;<br \/>\n                                                                                                                                                    Fondateur du M\u00e9dia basket <a href=\"https:\/\/www.instagram.com\/time_out_fr\/?next=%252\" rel=\"nofollow noopener\" target=\"_blank\">Time_Out_fr<\/a> sur les r\u00e9seaux sociaux, j\u2019\u00e9cris \u00e9galement pour le site <a href=\"https:\/\/leroster.com\/\" rel=\"nofollow noopener\" target=\"_blank\">LeRoster<\/a> depuis 2024 tout en participant \u00e0 l\u2019aventure <a href=\"https:\/\/pensebet.com\/categorie\/antiseches\/nba\/\" rel=\"nofollow noopener\" target=\"_blank\">PenseBet<\/a> depuis 2025 afin de couvrir le plus possible l\u2019actualit\u00e9 de ce sport.                                                                                                                                                <\/p>\n<p>                                                                                                                            &#13;\n                                                                                                                                                                                                                        <\/li>\n<p>&#13;\n                                                                                                                                                                                                                                    <\/ul>\n<p>&#13;<\/p>\n<p>        <script async src=\"\/\/www.instagram.com\/embed.js\"><\/script><\/p>\n","protected":false},"excerpt":{"rendered":"Ce soir \u00e0 Riga : Allemagne vs Turquie, le titre se joue en grand Riga vibre d\u00e9j\u00e0. Nous&hellip;\n","protected":false},"author":2,"featured_media":390338,"comment_status":"","ping_status":"","sticky":false,"template":"","format":"standard","meta":{"footnotes":""},"categories":[1587],"tags":[11,672,1804,1805,1803,1777,674,1801,12,1802],"class_list":{"0":"post-390337","1":"post","2":"type-post","3":"status-publish","4":"format-standard","5":"has-post-thumbnail","7":"category-allemagne","8":"tag-actualites","9":"tag-allemagne","10":"tag-bundesrepublik-deutschland","11":"tag-de","12":"tag-deutschland","13":"tag-eu","14":"tag-europe","15":"tag-germany","16":"tag-news","17":"tag-republique-federale-dallemagne"},"share_on_mastodon":{"url":"https:\/\/pubeurope.com\/@fr\/115202933910786168","error":""},"_links":{"self":[{"href":"https:\/\/www.europesays.com\/fr\/wp-json\/wp\/v2\/posts\/390337","targetHints":{"allow":["GET"]}}],"collection":[{"href":"https:\/\/www.europesays.com\/fr\/wp-json\/wp\/v2\/posts"}],"about":[{"href":"https:\/\/www.europesays.com\/fr\/wp-json\/wp\/v2\/types\/post"}],"author":[{"embeddable":true,"href":"https:\/\/www.europesays.com\/fr\/wp-json\/wp\/v2\/users\/2"}],"replies":[{"embeddable":true,"href":"https:\/\/www.europesays.com\/fr\/wp-json\/wp\/v2\/comments?post=390337"}],"version-history":[{"count":0,"href":"https:\/\/www.europesays.com\/fr\/wp-json\/wp\/v2\/posts\/390337\/revisions"}],"wp:featuredmedia":[{"embeddable":true,"href":"https:\/\/www.europesays.com\/fr\/wp-json\/wp\/v2\/media\/390338"}],"wp:attachment":[{"href":"https:\/\/www.europesays.com\/fr\/wp-json\/wp\/v2\/media?parent=390337"}],"wp:term":[{"taxonomy":"category","embeddable":true,"href":"https:\/\/www.europesays.com\/fr\/wp-json\/wp\/v2\/categories?post=390337"},{"taxonomy":"post_tag","embeddable":true,"href":"https:\/\/www.europesays.com\/fr\/wp-json\/wp\/v2\/tags?post=390337"}],"curies":[{"name":"wp","href":"https:\/\/api.w.org\/{rel}","templated":true}]}}