{"id":390339,"date":"2025-09-14T13:40:13","date_gmt":"2025-09-14T13:40:13","guid":{"rendered":"https:\/\/www.europesays.com\/fr\/390339\/"},"modified":"2025-09-14T13:40:13","modified_gmt":"2025-09-14T13:40:13","slug":"tomates-cerises-marocaines-contaminees-au-metal-leurope-interdit-limportation","status":"publish","type":"post","link":"https:\/\/www.europesays.com\/fr\/390339\/","title":{"rendered":"Tomates cerises marocaines contamin\u00e9es au m\u00e9tal : l&rsquo;Europe interdit l&rsquo;importation"},"content":{"rendered":"<p><img loading=\"lazy\" decoding=\"async\" width=\"696\" height=\"392\" class=\"entry-thumb\" src=\"https:\/\/www.europesays.com\/fr\/wp-content\/uploads\/2025\/09\/tomates-cerises-marocaines-696x392.jpg\"   alt=\"Tomates cerises marocaines\" title=\"Tomates cerises marocaines\"\/>Tomates cerises marocaines<\/p>\n<p>Les autorit\u00e9s sanitaires europ\u00e9ennes ont d\u00e9clench\u00e9 une alerte grave apr\u00e8s la d\u00e9couverte d\u2019une contamination m\u00e9tallique dans des tomates cerises marocaines import\u00e9es aux Pays-Bas. Cette nouvelle notification du syst\u00e8me RASFF s\u2019inscrit dans une s\u00e9rie d\u2019incidents similaires qui fragilisent la position du Maroc sur le march\u00e9 europ\u00e9en des fruits et l\u00e9gumes.<\/p>\n<p>Le syst\u00e8me d\u2019alerte rapide pour les denr\u00e9es alimentaires et les aliments pour animaux (RASFF) de l\u2019Union europ\u00e9enne vient d\u2019\u00e9mettre une notification pr\u00e9occupante concernant un lot de tomates cerises en provenance du Maroc. Cette alerte, class\u00e9e comme \u00ab grave \u00bb par les autorit\u00e9s sanitaires europ\u00e9ennes, fait suite \u00e0 la d\u00e9couverte d\u2019une contamination par un m\u00e9tal non identifi\u00e9 dans des produits import\u00e9s aux Pays-Bas.<\/p>\n<p>Une mesure de protection imm\u00e9diate<\/p>\n<p>Face \u00e0 cette contamination m\u00e9tallique dont la nature exacte reste \u00e0 d\u00e9terminer, les autorit\u00e9s n\u00e9erlandaises ont imm\u00e9diatement suspendu l\u2019importation du lot concern\u00e9. Cette d\u00e9cision s\u2019inscrit dans le cadre des protocoles stricts de s\u00e9curit\u00e9 alimentaire de l\u2019UE, qui privil\u00e9gient toujours le principe de pr\u00e9caution lorsqu\u2019un risque potentiel pour la sant\u00e9 publique est identifi\u00e9.<\/p>\n<p>La pr\u00e9sence de m\u00e9taux lourds dans les produits alimentaires peut pr\u00e9senter des risques significatifs pour la sant\u00e9 humaine, notamment en cas d\u2019exposition prolong\u00e9e ou de consommation r\u00e9guli\u00e8re. Les sympt\u00f4mes d\u2019une intoxication aux m\u00e9taux lourds peuvent varier selon le type de m\u00e9tal et inclure des troubles digestifs, neurologiques ou r\u00e9naux.<\/p>\n<p>Un probl\u00e8me r\u00e9current qui inqui\u00e8te et cache des enjeux \u00e9conomiques consid\u00e9rables<\/p>\n<p>Cette nouvelle alerte s\u2019ajoute \u00e0 une s\u00e9rie de notifications similaires \u00e9mises ces derniers mois par le RASFF concernant des produits agricoles marocains. Les fruits et l\u00e9gumes du royaume ch\u00e9rifien ont fait l\u2019objet de plusieurs signalements pour diverses infractions aux normes europ\u00e9ennes, qu\u2019il s\u2019agisse de d\u00e9passements de limites maximales de r\u00e9sidus de pesticides ou de contaminations diverses.<\/p>\n<p>Cette r\u00e9currence soul\u00e8ve des questions sur les pratiques agricoles et les contr\u00f4les qualit\u00e9 en amont de la cha\u00eene d\u2019exportation. Le Maroc, qui figure parmi les principaux fournisseurs de fruits et l\u00e9gumes de l\u2019Union europ\u00e9enne, notamment pendant la p\u00e9riode hivernale, se trouve confront\u00e9 \u00e0 un d\u00e9fi majeur pour maintenir sa position sur ce march\u00e9 strat\u00e9gique.<\/p>\n<p>En effet, les exportations agricoles vers l\u2019Europe repr\u00e9sentent un secteur vital pour l\u2019\u00e9conomie marocaine, g\u00e9n\u00e9rant des milliards d\u2019euros de revenus annuels et employant des centaines de milliers de personnes. Les tomates, en particulier, constituent l\u2019un des produits phares de ces exportations, le Maroc \u00e9tant l\u2019un des premiers fournisseurs du march\u00e9 europ\u00e9en.<\/p>\n<p>Ces alertes r\u00e9p\u00e9t\u00e9es risquent d\u2019<a href=\"https:\/\/www.afrik.com\/guerre-de-la-tomate-l-europe-se-revolte-contre-le-maroc\" target=\"_blank\" rel=\"noopener\">\u00e9roder la confiance des consommateurs europ\u00e9ens<\/a> et pourraient inciter les distributeurs \u00e0 se tourner vers d\u2019autres sources d\u2019approvisionnement. La concurrence est d\u00e9j\u00e0 vive avec d\u2019autres pays m\u00e9diterran\u00e9ens comme l\u2019Espagne, la Turquie ou l\u2019\u00c9gypte, qui cherchent \u00e9galement \u00e0 consolider leurs parts de march\u00e9.<\/p>\n<p>Vers un renforcement des contr\u00f4les ?<\/p>\n<p>Cette situation pourrait conduire \u00e0 un durcissement des contr\u00f4les aux fronti\u00e8res europ\u00e9ennes pour les produits agricoles marocains. L\u2019Union europ\u00e9enne dispose d\u00e9j\u00e0 d\u2019un arsenal r\u00e9glementaire strict en mati\u00e8re de s\u00e9curit\u00e9 alimentaire, mais ces incidents r\u00e9p\u00e9t\u00e9s pourraient justifier une surveillance accrue, voire des audits syst\u00e9matiques des exploitations exportatrices.<\/p>\n<p>La r\u00e9solution de cette probl\u00e9matique n\u00e9cessite une collaboration \u00e9troite entre les autorit\u00e9s marocaines et europ\u00e9ennes. Des programmes de coop\u00e9ration technique existent d\u00e9j\u00e0, mais leur intensification pourrait s\u2019av\u00e9rer n\u00e9cessaire pour garantir que les produits export\u00e9s respectent syst\u00e9matiquement les normes europ\u00e9ennes.<\/p>\n","protected":false},"excerpt":{"rendered":"Tomates cerises marocaines Les autorit\u00e9s sanitaires europ\u00e9ennes ont d\u00e9clench\u00e9 une alerte grave apr\u00e8s la d\u00e9couverte d\u2019une contamination m\u00e9tallique&hellip;\n","protected":false},"author":2,"featured_media":390340,"comment_status":"","ping_status":"","sticky":false,"template":"","format":"standard","meta":{"footnotes":""},"categories":[1586],"tags":[11,52258,215,1777,674,1011,27,2223,12,25,364],"class_list":{"0":"post-390339","1":"post","2":"type-post","3":"status-publish","4":"format-standard","5":"has-post-thumbnail","7":"category-europe","8":"tag-actualites","9":"tag-agro-alimentaire","10":"tag-commerce","11":"tag-eu","12":"tag-europe","13":"tag-fr","14":"tag-france","15":"tag-maroc","16":"tag-news","17":"tag-republique-francaise","18":"tag-union-europeenne"},"share_on_mastodon":{"url":"https:\/\/pubeurope.com\/@fr\/115202937828755393","error":""},"_links":{"self":[{"href":"https:\/\/www.europesays.com\/fr\/wp-json\/wp\/v2\/posts\/390339","targetHints":{"allow":["GET"]}}],"collection":[{"href":"https:\/\/www.europesays.com\/fr\/wp-json\/wp\/v2\/posts"}],"about":[{"href":"https:\/\/www.europesays.com\/fr\/wp-json\/wp\/v2\/types\/post"}],"author":[{"embeddable":true,"href":"https:\/\/www.europesays.com\/fr\/wp-json\/wp\/v2\/users\/2"}],"replies":[{"embeddable":true,"href":"https:\/\/www.europesays.com\/fr\/wp-json\/wp\/v2\/comments?post=390339"}],"version-history":[{"count":0,"href":"https:\/\/www.europesays.com\/fr\/wp-json\/wp\/v2\/posts\/390339\/revisions"}],"wp:featuredmedia":[{"embeddable":true,"href":"https:\/\/www.europesays.com\/fr\/wp-json\/wp\/v2\/media\/390340"}],"wp:attachment":[{"href":"https:\/\/www.europesays.com\/fr\/wp-json\/wp\/v2\/media?parent=390339"}],"wp:term":[{"taxonomy":"category","embeddable":true,"href":"https:\/\/www.europesays.com\/fr\/wp-json\/wp\/v2\/categories?post=390339"},{"taxonomy":"post_tag","embeddable":true,"href":"https:\/\/www.europesays.com\/fr\/wp-json\/wp\/v2\/tags?post=390339"}],"curies":[{"name":"wp","href":"https:\/\/api.w.org\/{rel}","templated":true}]}}