{"id":390341,"date":"2025-09-14T13:41:35","date_gmt":"2025-09-14T13:41:35","guid":{"rendered":"https:\/\/www.europesays.com\/fr\/390341\/"},"modified":"2025-09-14T13:41:35","modified_gmt":"2025-09-14T13:41:35","slug":"israel-sinsurge-contre-une-proposition-dursula-von-der-leyen","status":"publish","type":"post","link":"https:\/\/www.europesays.com\/fr\/390341\/","title":{"rendered":"Isra\u00ebl s&rsquo;insurge contre une proposition d&rsquo;Ursula von\u00a0der\u00a0Leyen"},"content":{"rendered":"<p>            <img decoding=\"async\" alt=\"Ursula von der Leyen.\" src=\"https:\/\/www.europesays.com\/fr\/wp-content\/uploads\/2025\/09\/capture-decran-2025-09-10-a-16.12.12.jpg\" width=\"375\" height=\"250\" loading=\"lazy\"\/><\/p>\n<p>\n    Ursula von der Leyen.<\/p>\n<p>                AFP<br \/>\n                                        \/<br \/>\n                                                    \u00a9 SEBASTIEN BOZON<\/p>\n<p>La pr\u00e9sidente de la Commission europ\u00e9enne tape du poing sur la table. Lors de son discours annuel sur l\u2019\u00e9tat de l\u2019Union, ce mercredi\u00a010\u00a0septembre, <a href=\"https:\/\/www.lejdd.fr\/International\/josephine-staron-leurope-ou-lete-des-humiliations-161620\" target=\"_blank\" rel=\"nofollow noopener\">Ursula von\u00a0der\u00a0Leyen<\/a> a pr\u00f4n\u00e9 la suspension partielle de l\u2019accord d\u2019association entre l\u2019Union europ\u00e9enne et <a href=\"https:\/\/www.lejdd.fr\/International\/gaza-quest-ce-que-le-projet-great-trust-161487\" target=\"_blank\" rel=\"nofollow noopener\">Isra\u00ebl<\/a>, face \u00e0 une situation \u00ab\u00a0inacceptable\u00a0\u00bb dans la bande de Gaza, relate <a href=\"https:\/\/fr.euronews.com\/my-europe\/2025\/09\/10\/guerre-a-gaza-ursula-von-der-leyen-annonce-larret-de-tous-les-paiements-a-israel\" target=\"_blank\" rel=\"nofollow noopener\">Euronews<\/a>.<\/p>\n<p>    La suite apr\u00e8s cette publicit\u00e9<\/p>\n<p>\u00ab\u00a0Nous arr\u00eaterons tous les paiements dans ces domaines\u00a0\u00bb, a-t-elle d\u00e9clar\u00e9 devant les eurod\u00e9put\u00e9s, pr\u00e9cisant que la coop\u00e9ration de Bruxelles avec la soci\u00e9t\u00e9 civile isra\u00e9lienne et le m\u00e9morial de la Shoah Yad Vashem ne seront pas affect\u00e9s. L\u2019ancienne ministre allemande a ensuite d\u00e9nonc\u00e9 \u00ab\u00a0une famine provoqu\u00e9e par l\u2019homme\u00a0\u00bb \u00e0 Gaza et accus\u00e9 Isra\u00ebl de \u00ab\u00a0saper la solution \u00e0 deux \u00c9tats\u00a0\u00bb.<\/p>\n<p>    La suite apr\u00e8s cette publicit\u00e9<\/p>\n<p>Isra\u00ebl d\u00e9nonce un\u00a0\u00ab\u00a0mauvais message\u00a0\u00bb <\/p>\n<p>Ursula von\u00a0der\u00a0Leyen a \u00e9galement tenu \u00e0 frapper fort contre le gouvernement de <a href=\"https:\/\/www.lejdd.fr\/International\/gaza-les-revelations-du-dernier-rapport-confidentiel-de-larmee-israelienne-161472\" target=\"_blank\" rel=\"nofollow noopener\">Benyamin Netanyahou<\/a> en sugg\u00e9rant de sanctionner les \u00ab\u00a0ministres extr\u00e9mistes\u00a0\u00bb isra\u00e9liens. Quant \u00e0 la suspension partielle de l\u2019accord d\u2019association entre l\u2019UE et Isra\u00ebl sur les questions commerciales, la pr\u00e9sidente de la Commission europ\u00e9enne a reconnu qu\u2019elle \u00ab\u00a0est consciente qu\u2019il sera difficile de trouver des majorit\u00e9s\u00a0\u00bb.<\/p>\n<p>    La suite apr\u00e8s cette publicit\u00e9<\/p>\n<p>    La suite apr\u00e8s cette publicit\u00e9<\/p>\n<p>Dans la foul\u00e9e, le ministre isra\u00e9lien des Affaires \u00e9trang\u00e8res, <a href=\"https:\/\/www.lejdd.fr\/International\/tuerie-antisemite-de-washington-israel-accuse-des-pays-europeens-dincitation-a-la-haine-158355\" target=\"_blank\" rel=\"nofollow noopener\">Gideon Saar<\/a>, a accus\u00e9 Ursula von\u00a0der\u00a0Leyen d\u2019envoyer un \u00ab\u00a0mauvais message\u00a0\u00bb et a estim\u00e9 que l\u2019Europe \u00ab\u00a0renforce le Hamas et ses alli\u00e9s du Moyen-Orient\u00a0\u00bb avec ses mesures. \u00ab\u00a0Isra\u00ebl m\u00e8ne une guerre existentielle contre les ennemis extr\u00e9mistes qui cherchent \u00e0 l\u2019\u00e9liminer. La communaut\u00e9 internationale doit soutenir Isra\u00ebl dans ce combat\u00a0\u00bb, a-t-il poursuivi.<\/p>\n","protected":false},"excerpt":{"rendered":"Ursula von der Leyen. AFP \/ \u00a9 SEBASTIEN BOZON La pr\u00e9sidente de la Commission europ\u00e9enne tape du poing&hellip;\n","protected":false},"author":2,"featured_media":390342,"comment_status":"","ping_status":"","sticky":false,"template":"","format":"standard","meta":{"footnotes":""},"categories":[1586],"tags":[11,1777,674,1779,1011,27,12,25,1778,364],"class_list":{"0":"post-390341","1":"post","2":"type-post","3":"status-publish","4":"format-standard","5":"has-post-thumbnail","7":"category-europe","8":"tag-actualites","9":"tag-eu","10":"tag-europe","11":"tag-european-union","12":"tag-fr","13":"tag-france","14":"tag-news","15":"tag-republique-francaise","16":"tag-ue","17":"tag-union-europeenne"},"share_on_mastodon":{"url":"https:\/\/pubeurope.com\/@fr\/115202941702888462","error":""},"_links":{"self":[{"href":"https:\/\/www.europesays.com\/fr\/wp-json\/wp\/v2\/posts\/390341","targetHints":{"allow":["GET"]}}],"collection":[{"href":"https:\/\/www.europesays.com\/fr\/wp-json\/wp\/v2\/posts"}],"about":[{"href":"https:\/\/www.europesays.com\/fr\/wp-json\/wp\/v2\/types\/post"}],"author":[{"embeddable":true,"href":"https:\/\/www.europesays.com\/fr\/wp-json\/wp\/v2\/users\/2"}],"replies":[{"embeddable":true,"href":"https:\/\/www.europesays.com\/fr\/wp-json\/wp\/v2\/comments?post=390341"}],"version-history":[{"count":0,"href":"https:\/\/www.europesays.com\/fr\/wp-json\/wp\/v2\/posts\/390341\/revisions"}],"wp:featuredmedia":[{"embeddable":true,"href":"https:\/\/www.europesays.com\/fr\/wp-json\/wp\/v2\/media\/390342"}],"wp:attachment":[{"href":"https:\/\/www.europesays.com\/fr\/wp-json\/wp\/v2\/media?parent=390341"}],"wp:term":[{"taxonomy":"category","embeddable":true,"href":"https:\/\/www.europesays.com\/fr\/wp-json\/wp\/v2\/categories?post=390341"},{"taxonomy":"post_tag","embeddable":true,"href":"https:\/\/www.europesays.com\/fr\/wp-json\/wp\/v2\/tags?post=390341"}],"curies":[{"name":"wp","href":"https:\/\/api.w.org\/{rel}","templated":true}]}}