{"id":390343,"date":"2025-09-14T13:42:14","date_gmt":"2025-09-14T13:42:14","guid":{"rendered":"https:\/\/www.europesays.com\/fr\/390343\/"},"modified":"2025-09-14T13:42:14","modified_gmt":"2025-09-14T13:42:14","slug":"pourquoi-les-deux-finales-du-100-m-ont-elles-lieu-le-meme-jour-a-sept-minutes-decart-lequipe","status":"publish","type":"post","link":"https:\/\/www.europesays.com\/fr\/390343\/","title":{"rendered":"Pourquoi les deux finales du 100 m ont-elles lieu le m\u00eame jour \u00e0 sept minutes d&#039;\u00e9cart &#8211; L&#039;\u00c9quipe"},"content":{"rendered":"<ol>\n<li><a href=\"https:\/\/news.google.com\/rss\/articles\/CBMi1AFBVV95cUxOLTlPMjBoTHNkR1d4MHhyeTVZcWMxUXFGUTl1TlNRclFJQ2FmZVU4Njl3V3NBWXJNZndVUXhneVVuQVBsQ19JMDZtYk95Rlh3QURLVlFpUUVWOHZ6SkVyRGlBVFN1dXhiNWhTSWVyZkZRcnBTdGFfbmM0Q2ZKMlpiMWM3WHVQanZtSVBiaXNaZm5VX1F2YVo0X3dRZUZINGZmZGdMUGNFTWVCTzJhbEgzUTdrdDVWQTQ3VnNmb2pBY2ZrUUJXUUw2SnBycVdOQVQwRFhiMw?oc=5\" target=\"_blank\" rel=\"nofollow noopener\">Pourquoi les deux finales du 100 m ont-elles lieu le m\u00eame jour \u00e0 sept minutes d&rsquo;\u00e9cart<\/a>&nbsp;&nbsp;L&rsquo;\u00c9quipe<\/li>\n<li><a href=\"https:\/\/news.google.com\/rss\/articles\/CBMivgFBVV95cUxQbWh1UTZpbDJSVTN5ekdxZEhHWkxFTkwtUTV4bzlhMEx2djQtOUE1SXIyTGNsYnNHejZzSF8yODlvbFRoa2FqZ2ZhTVBFLVM4VEgxS1lfVkRPVUlJWGFrQmFFbUo0OW1JVmVUcXd0aDdTckF1SEs0MDlTSTlSMFczYVppNzF0eTNKUzNVNG5XbldfaGpILWhKdVAwX3RXUTJNeUpTLWNNQ1NoU1Axd2FHWDM5cG1kZHB0VGkxVkNR?oc=5\" target=\"_blank\" rel=\"nofollow noopener\">Apr\u00e8s Bolt, Seville redonne l&rsquo;or sur 100 m \u00e0 la Jama\u00efque<\/a>&nbsp;&nbsp;Eurosport<\/li>\n<li><a href=\"https:\/\/news.google.com\/rss\/articles\/CBMi1wFBVV95cUxNWDBEd2xHU1VyQVo3djJNbU5lbkRqcXJySUxMNkdObS1QWERyZXRqQ3M1TjZtRmY1eVA4Q2tyQUZ6YUtRUGtlVHVOVkpNZmE5cVViU0gtLXFmbjk2dlNzSWVGNEd4VGNFdDhxUi1fa3g5VldrbWNhS2xKcXdQZHVvVXFNWWpsaTVzZ29fakZKb3Y1WThMR2gtc0NYU1kyOHJHNmRSZUYtcWlTTjNkbExUWE9HRkhOZl83bVdtMURYUWk0aEZIRHpmMTNUQzBTZUxvbWdqY1BmYw?oc=5\" target=\"_blank\" rel=\"nofollow noopener\">Mondiaux d\u2019athl\u00e9tisme : Melissa Jefferson-Wooden d\u00e9croche l\u2019or sur le 100 m, avec un record \u00e0 la cl\u00e9<\/a>&nbsp;&nbsp;Le Figaro<\/li>\n<li><a href=\"https:\/\/news.google.com\/rss\/articles\/CBMi5AFBVV95cUxQQUZGNFJ4N3RKZ1R4S0RXU2VhUVVUYUlFUVYzTm9uMzZSVWhkX051dnNRYUR4Y3R2VExNVGUzWWFUR2d2U1k5aFJrM3ZHOXlGNHRNZTlsekh5U3oxTHpNSnRRUHRXRGF2VHYxd3k2VkhpelZXUXA5M29KeFljZWtGT0ZwRjRQUGJsUnRLNXQ4MHFUOTNxU000aWRCbmNCV1BFVk9TTm5RYlhPVDBPbEdKdjlPMEtVZnBPOHZHelpqcGhDWGExa1c0VHdDMkR3aUxlNm5aT3htdWZ1MDVUZC1ZUlVBSDU?oc=5\" target=\"_blank\" rel=\"nofollow noopener\">Athl\u00e9tisme: Alfred et Thompson envoient un signal fort avant les finales du 100 m\u00e8tres<\/a>&nbsp;&nbsp;La Provence<\/li>\n<li><a href=\"https:\/\/news.google.com\/rss\/articles\/CBMi9wFBVV95cUxONzl6d05aY2JFMmwxekx2aFJuQ3FVWGVOZ0tyR0hhVS0ya2QwREd1NU5OUERPbHh3anFXcGNaQkszX2hrWTJINWkzX1NJUlJCTTlRbWEzUzU0ck1rektCd0NDUUVvQWdJejhfME10WnpybFNCdld3d3FZU3lwRE5EN3lNRWxLNTlYaEtwa2stbFhTdnhoZ0o2MGZkUTgtQTg4YzVmaVFwb1M2OGZUcHVHQWxMVzdlWFZ1LTJoYUxJRWFHeGpmZWh1TGlTSjFSdE1lenU3VnctQ19OdkpYMGdaRVBKRlVQR0wwUEowRm03aTJqTmZLdF93?oc=5\" target=\"_blank\" rel=\"nofollow noopener\">Mondiaux d\u2019athl\u00e9tisme. \u00c0 quelle heure et sur quelle cha\u00eene suivre la finale du 100 m ?<\/a>&nbsp;&nbsp;Ouest-France<\/li>\n<\/ol>\n","protected":false},"excerpt":{"rendered":"Pourquoi les deux finales du 100 m ont-elles lieu le m\u00eame jour \u00e0 sept minutes d&rsquo;\u00e9cart&nbsp;&nbsp;L&rsquo;\u00c9quipe Apr\u00e8s Bolt,&hellip;\n","protected":false},"author":2,"featured_media":390344,"comment_status":"","ping_status":"","sticky":false,"template":"","format":"standard","meta":{"footnotes":""},"categories":[2],"tags":[11,1011,27,12,25],"class_list":{"0":"post-390343","1":"post","2":"type-post","3":"status-publish","4":"format-standard","5":"has-post-thumbnail","7":"category-actualites","8":"tag-actualites","9":"tag-fr","10":"tag-france","11":"tag-news","12":"tag-republique-francaise"},"share_on_mastodon":{"url":"https:\/\/pubeurope.com\/@fr\/115202945637950838","error":""},"_links":{"self":[{"href":"https:\/\/www.europesays.com\/fr\/wp-json\/wp\/v2\/posts\/390343","targetHints":{"allow":["GET"]}}],"collection":[{"href":"https:\/\/www.europesays.com\/fr\/wp-json\/wp\/v2\/posts"}],"about":[{"href":"https:\/\/www.europesays.com\/fr\/wp-json\/wp\/v2\/types\/post"}],"author":[{"embeddable":true,"href":"https:\/\/www.europesays.com\/fr\/wp-json\/wp\/v2\/users\/2"}],"replies":[{"embeddable":true,"href":"https:\/\/www.europesays.com\/fr\/wp-json\/wp\/v2\/comments?post=390343"}],"version-history":[{"count":0,"href":"https:\/\/www.europesays.com\/fr\/wp-json\/wp\/v2\/posts\/390343\/revisions"}],"wp:featuredmedia":[{"embeddable":true,"href":"https:\/\/www.europesays.com\/fr\/wp-json\/wp\/v2\/media\/390344"}],"wp:attachment":[{"href":"https:\/\/www.europesays.com\/fr\/wp-json\/wp\/v2\/media?parent=390343"}],"wp:term":[{"taxonomy":"category","embeddable":true,"href":"https:\/\/www.europesays.com\/fr\/wp-json\/wp\/v2\/categories?post=390343"},{"taxonomy":"post_tag","embeddable":true,"href":"https:\/\/www.europesays.com\/fr\/wp-json\/wp\/v2\/tags?post=390343"}],"curies":[{"name":"wp","href":"https:\/\/api.w.org\/{rel}","templated":true}]}}