{"id":390352,"date":"2025-09-14T13:48:13","date_gmt":"2025-09-14T13:48:13","guid":{"rendered":"https:\/\/www.europesays.com\/fr\/390352\/"},"modified":"2025-09-14T13:48:13","modified_gmt":"2025-09-14T13:48:13","slug":"coupe-davis-raphael-collignon-digne-successeur-de-steve-darcis-on-peut-regarder-tous-les-pays-droit-dans-les-yeux","status":"publish","type":"post","link":"https:\/\/www.europesays.com\/fr\/390352\/","title":{"rendered":"Coupe Davis \u2013 Rapha\u00ebl Collignon digne successeur de Steve Darcis\u00a0: \u00ab\u00a0On peut regarder tous les pays droit dans les yeux\u00a0\u00bb"},"content":{"rendered":"<p class=\"text-left ap-StoryElement ap-StoryElement--mb ap-StoryText\">\u00ab\u00a0Comme lors de ma victoire de samedi contre Alex de Minaur, j&rsquo;ai voulu me montrer conqu\u00e9rant sur le court, expliquait tout sourire Rapha\u00ebl Collignon, le grand h\u00e9ros du week-end. Je voulais assumer mes responsabilit\u00e9s dans un match o\u00f9 la pression \u00e9tait plus grande. Je me suis prouv\u00e9 pas mal de choses ce week-end. Notamment la mani\u00e8re d&rsquo;aborder une telle rencontre. Je dois aussi avouer que je n&rsquo;\u00e9tais pas au top physiquement apr\u00e8s la longue et difficile rencontre de samedi. Cela a \u00e9t\u00e9 une course contre-la-montre pour me retaper. Je remercie le staff.\u00a0\u00bb<\/p>\n<blockquote class=\"ap-StoryQuote ap-StoryQuote--pullquote\"><p>guillement<\/p>\n<p class=\"ap-StoryQuote-text\">Steve m&rsquo;a rassur\u00e9.<\/p>\n<\/blockquote>\n<p class=\"ap-StoryElement ap-StoryElement--mb ap-StoryText\">La pr\u00e9sence de Steve Darcis, un habitu\u00e9 de ses matchs couperet o\u00f9 il a souvent brill\u00e9, sur son banc a bien \u00e9videmment aid\u00e9 notre compatriote dans ce qui \u00e9tait une premi\u00e8re pour lui.<\/p>\n<p><a href=\"https:\/\/www.dhnet.be\/sports\/tennis\/2025\/09\/13\/coupe-davis-steve-darcis-fier-de-ses-joueurs-cest-un-miracle-VFNNZAKVQ5CP7PTBHWBQWPC6XI\/\" target=\"_blank\" rel=\"noopener noreferrer nofollow\" class=\"ap-StoryInterstitialLink ap-StoryElement ap-StoryElement--mb\">Coupe Davis \u2013 Steve Darcis fier de ses joueurs : \u00ab\u00a0C&rsquo;est un miracle\u00a0\u00bb<\/a><\/p>\n<p class=\"text-left ap-StoryElement ap-StoryElement--mb ap-StoryText\">\u00ab\u00a0Il m&rsquo;a rassur\u00e9 sur le fait de disputer un cinqui\u00e8me match d\u00e9cisif dans une rencontre de Coupe Davis. Il m&rsquo;a permis de rester sur le bon chemin pendant ce duel contre Aleksandar Vukic. C&rsquo;\u00e9tait important pour g\u00e9rer les moments compliqu\u00e9s et mon stress. J&rsquo;ai aussi trouv\u00e9 de l&rsquo;\u00e9nergie au niveau du banc avec mes \u00e9quipiers (NdlR : qui saluaient bruyamment chaque ace de Rapha\u00ebl) et le staff. Je suis fier de moi et de l&rsquo;\u00e9quipe. Ce fut un week-end exceptionnel.\u00a0\u00bb<\/p>\n<blockquote class=\"ap-StoryQuote ap-StoryQuote--pullquote\"><p>guillement<\/p>\n<p class=\"ap-StoryQuote-text\">Quand j&rsquo;ai vu son premier jeu, je me suis dit que mon discours ne devait pas \u00eatre top.<\/p>\n<\/blockquote>\n<p class=\"text-left ap-StoryElement ap-StoryElement--mb ap-StoryText\">Avant ce duel d\u00e9cisif, Shark a bien \u00e9videmment \u00e9voqu\u00e9 ses exp\u00e9riences de son pass\u00e9 de joueur en Coupe Davis et surtout des cinqui\u00e8mes matchs : \u00ab\u00a0C&rsquo;\u00e9tait important pour lui de savoir que le mec assis \u00e0 c\u00f4t\u00e9 de lui sur le banc a d\u00e9j\u00e0 connu des matchs de ce style. Quand on voit son premier jeu catastrophique, on peut se dire que mon discours n&rsquo;a pas \u00e9t\u00e9 terrible (rires). Raf a \u00e9t\u00e9 tr\u00e8s fort ce week-end et il a bien \u00e9cout\u00e9 mes messages. On a v\u00e9cu un vrai week-end de Coupe Davis avec des hauts, des bas et des rebondissements. Et sortir de l\u00e0 avec un tel succ\u00e8s contre une telle \u00e9quipe d&rsquo;Australie, c&rsquo;est \u00e9norme. Je suis fier de leur parcours\u00a0\u00bb<\/p>\n<p><img loading=\"lazy\" decoding=\"async\" class=\"w-full lazyload lazyload--opacity object-contain\" style=\"aspect-ratio:150 \/ 100;opacity:1\" alt=\"Belgium\ufffds Raphael Collignon (L) celebrates with team captain Steve Darcis after defeating Australia\ufffds Alek Vukic during the Davis Cup second-round qualifier tennis match at Ken Rosewall Arena in Sydney on September 14, 2025. (Photo by DAVID GRAY \/ AFP) \/ -- IMAGE RESTRICTED TO EDITORIAL USE - STRICTLY NO COMMERCIAL USE --\" width=\"768\" height=\"512\" fetchpriority=\"auto\" src=\"https:\/\/www.europesays.com\/fr\/wp-content\/uploads\/2025\/04\/1743819792_235_S5VKD3X55FFF3BW6V4SEHXNP7I.png\"  data- data-optimumx=\"1\"\/>Steve Darcis apr\u00e8s la victoire belge en Coupe Davis. \u00a9AFP or licensors<\/p>\n<p class=\"ap-StoryElement ap-StoryElement--mb ap-StoryText\">Avec sa victoire contre Casper Ruud \u00e0 l&rsquo;US Open et celle de ce week-end contre Alex de Minaur, Rapha\u00ebl Collignon a franchi une nouvelle \u00e9tape dans sa jeune carri\u00e8re (23 ans) au plus haut niveau.<\/p>\n<p class=\"text-left ap-StoryElement ap-StoryElement--mb ap-StoryText\">\u00ab\u00a0Je sais que je dois encore m&rsquo;am\u00e9liorer mentalement pour mieux g\u00e9rer mon stress et donc les moments compliqu\u00e9s dans un match ou un tournoi, ajoutait le Li\u00e9geois. Je me suis prouv\u00e9 ces derni\u00e8res semaines que je suis capable de battre des bons joueurs et de bien g\u00e9rer les moments importants. Je dois absolument conserver cela pour la suite de ma carri\u00e8re.\u00a0\u00bb<\/p>\n<p><a href=\"https:\/\/www.dhnet.be\/sports\/tennis\/2025\/09\/14\/coupe-davis-de-minaur-triomphe-de-bergs-et-force-un-match-decisif-entre-la-belgique-et-laustralie-A6XT2PHEKZGB5I6KTAV6ICHOBA\/\" target=\"_blank\" rel=\"noopener noreferrer nofollow\" class=\"ap-StoryInterstitialLink ap-StoryElement ap-StoryElement--mb\">La victoire de la Belgique en Australie.<\/a><\/p>\n<p class=\"ap-StoryElement ap-StoryElement--mb ap-StoryText\">En Italie dans quelques semaines, dans un format \u00e0 \u00e9limination directe commen\u00e7ant en quarts de finale, la Belgique qui retrouvera l&rsquo;Italie, l&rsquo;Argentine, la France, l&rsquo;Allemagne, la R\u00e9publique tch\u00e8que, l&rsquo;Autriche et le vainqueur du duel entre l&rsquo;Espagne et le Danemark se montrera ambitieuse.<\/p>\n<p class=\"text-left ap-StoryElement ap-StoryElement--mb ap-StoryText\">\u00ab\u00a0Notre \u00e9quipe est jeune et volontaire, analysait Rapha\u00ebl Collignon. On a prouv\u00e9 en Australie qu&rsquo;on pouvait battre un pays fort. Il y a un bon m\u00e9lange entre la jeunesse de Zizou Bergs, Alexander Blockx ou Gauthier Onclin et l&rsquo;exp\u00e9rience de notre paire de double. On peut regarder tous les autres pays droit dans les yeux sans trembler.\u00a0\u00bb<\/p>\n<p class=\"text-left ap-StoryElement ap-StoryElement--mb ap-StoryText\">Du c\u00f4t\u00e9 du capitaine, il n&rsquo;est pas question de se rendre \u00e0 Bologne en victime consentante : \u00ab\u00a0On sera ambitieux avec un bon groupe o\u00f9 il y a pas mal de jeunes qui montent. On a toujours eu en Coupe Davis des joueurs motiv\u00e9s. Ici c&rsquo;est encore le cas avec des gars qui ont accept\u00e9 de venir en Australie \u00e0 un moment d\u00e9licat de la saison. Et je suis fier d&rsquo;\u00eatre le capitaine d&rsquo;une telle \u00e9quipe. Il y a du talent, de la jeunesse et de l&rsquo;envie dans ce groupe.\u00a0\u00bb<\/p>\n","protected":false},"excerpt":{"rendered":"\u00ab\u00a0Comme lors de ma victoire de samedi contre Alex de Minaur, j&rsquo;ai voulu me montrer conqu\u00e9rant sur le&hellip;\n","protected":false},"author":2,"featured_media":390353,"comment_status":"","ping_status":"","sticky":false,"template":"","format":"standard","meta":{"footnotes":""},"categories":[1415],"tags":[1011,27,1227,60,1467],"class_list":{"0":"post-390352","1":"post","2":"type-post","3":"status-publish","4":"format-standard","5":"has-post-thumbnail","7":"category-tennis","8":"tag-fr","9":"tag-france","10":"tag-horizontal","11":"tag-sports","12":"tag-tennis"},"share_on_mastodon":{"url":"https:\/\/pubeurope.com\/@fr\/115202969387192066","error":""},"_links":{"self":[{"href":"https:\/\/www.europesays.com\/fr\/wp-json\/wp\/v2\/posts\/390352","targetHints":{"allow":["GET"]}}],"collection":[{"href":"https:\/\/www.europesays.com\/fr\/wp-json\/wp\/v2\/posts"}],"about":[{"href":"https:\/\/www.europesays.com\/fr\/wp-json\/wp\/v2\/types\/post"}],"author":[{"embeddable":true,"href":"https:\/\/www.europesays.com\/fr\/wp-json\/wp\/v2\/users\/2"}],"replies":[{"embeddable":true,"href":"https:\/\/www.europesays.com\/fr\/wp-json\/wp\/v2\/comments?post=390352"}],"version-history":[{"count":0,"href":"https:\/\/www.europesays.com\/fr\/wp-json\/wp\/v2\/posts\/390352\/revisions"}],"wp:featuredmedia":[{"embeddable":true,"href":"https:\/\/www.europesays.com\/fr\/wp-json\/wp\/v2\/media\/390353"}],"wp:attachment":[{"href":"https:\/\/www.europesays.com\/fr\/wp-json\/wp\/v2\/media?parent=390352"}],"wp:term":[{"taxonomy":"category","embeddable":true,"href":"https:\/\/www.europesays.com\/fr\/wp-json\/wp\/v2\/categories?post=390352"},{"taxonomy":"post_tag","embeddable":true,"href":"https:\/\/www.europesays.com\/fr\/wp-json\/wp\/v2\/tags?post=390352"}],"curies":[{"name":"wp","href":"https:\/\/api.w.org\/{rel}","templated":true}]}}