{"id":390354,"date":"2025-09-14T13:50:15","date_gmt":"2025-09-14T13:50:15","guid":{"rendered":"https:\/\/www.europesays.com\/fr\/390354\/"},"modified":"2025-09-14T13:50:15","modified_gmt":"2025-09-14T13:50:15","slug":"les-classements-apres-le-gp-de-saint-marin-2025","status":"publish","type":"post","link":"https:\/\/www.europesays.com\/fr\/390354\/","title":{"rendered":"Les classements apr\u00e8s le GP de Saint-Marin 2025"},"content":{"rendered":"<p>Au lendemain de la victoire lors du sprint de Marco Bezzechi (Aprilia), l&rsquo;Italien s&rsquo;\u00e9lan\u00e7ait en pole position et pouvait contrarier les plans de Marc Marquez (Ducati Lonovo). C&rsquo;est mal conna\u00eetre l&rsquo;Espagnol, intraitable sur la piste de Misano (Saint-Marin) dimanche. Le Catalan s&rsquo;est impos\u00e9 avec brio et a fait un nouveau pas vers le titre de champion du monde de MotoGP. C&rsquo;est sa 73e victoire en MotoGP. Il reste encore 6 Grands Prix mais le leader du classement pourra \u00eatre sacr\u00e9 champion du monde au <a href=\"https:\/\/www.20minutes.fr\/dossier\/japon\" class=\"c-link c-link--is-underlined\" rel=\"nofollow noopener\" target=\"_blank\">Japon<\/a> dans deux semaines.<\/p>\n<p class=\"mb-xxl@xs color-ultramarine font-weight-semi-bold@xs font-source-serif-pro heading-s@xs\">L\u2019acc\u00e8s \u00e0 ce contenu a \u00e9t\u00e9 bloqu\u00e9 afin de respecter votre choix de consentement<\/p>\n<p class=\"mb-m@xs text-l@xs\">En cliquant sur\u00ab J\u2019accepte \u00bb, vous acceptez le d\u00e9p\u00f4t de cookies par des services externes et aurez ainsi acc\u00e8s aux contenus de nos partenaires.<\/p>\n<p class=\"mb-xl@xs text-s@xs\">Plus d\u2019informations sur la page<a href=\"https:\/\/www.20minutes.fr\/gestion-cookies\" class=\"mx-xxs@xs color-ultramarine\" rel=\"nofollow noopener\" target=\"_blank\">Politique de gestion des cookies<\/a><\/p>\n<p>J\u2019accepteMarc Marquez r\u00e9ussit la course parfaite<\/p>\n<p>L&rsquo;Espagnol, parti\u00a0\u00e0 la 4e place, a rapidement doubl\u00e9 deux adversaires (Alex Marquez et Fabio Quartararo). Au 12e tour, il a ensuite profit\u00e9 d&rsquo;une erreur de  Marco Bezzechi (Aprilia), qui a laiss\u00e9 la porte grande ouverte pour s&#8217;emparer de la place de leader. L&rsquo;Italien a tent\u00e9 de reprendre le pr\u00e9cieux s\u00e9same jusqu&rsquo;au dernier tour, en prenant tous les risques, en vain. Il revient tout de m\u00eame \u00e0 huit points de la troisi\u00e8me place du championnat, occup\u00e9e par Peco Bagnaia. Alex Marquez termine troisi\u00e8me aujourd&rsquo;hui, consolidant ainsi sa deuxi\u00e8me place au championnat.<\/p>\n<p>\u00c0 noter que le <a href=\"https:\/\/www.20minutes.fr\/dossier\/francais\" class=\"c-link c-link--is-underlined\" rel=\"nofollow noopener\" target=\"_blank\">Fran\u00e7ais<\/a> Johann Zarco (<a href=\"https:\/\/www.20minutes.fr\/dossier\/honda\" class=\"c-link c-link--is-underlined\" rel=\"nofollow noopener\" target=\"_blank\">Honda<\/a> LCR) a chut\u00e9 et abandonn\u00e9 pour la troisi\u00e8me fois cons\u00e9cutive. Son compatriote Fabio Quartararo (Yamaha) termine 8e.<\/p>\n<p>Le classement du GP de Saint-Marin en MotoGP<\/p>\n<ol>\n<li>MARC MARQUEZ &#8211; DUCATI LENOVO TEAM\t41m20.898s<\/li>\n<li>MARCO BEZZECCHI &#8211; APRILIA RACING\t+0.568s<\/li>\n<li>ALEX MARQUEZ &#8211; BK8 GRESINI RACING\t+7.734s<\/li>\n<li>FRANCO MORBIDELLI &#8211; PERTAMINA ENDURO VR46 RACING TEAM\t+10.379s<\/li>\n<li>FABIO DI GIANNANTONIO &#8211; PERTAMINA ENDURO VR46 RACING TEAM +11.330s<\/li>\n<li>FERMIN ALDEGUER &#8211; BK8 GRESINI RACING\t+16.069s<\/li>\n<li>LUCA MARINI &#8211; REPSOL HONDA TEAM\t+17.965s<\/li>\n<li>FABIO QUARTARARO &#8211; MONSTER ENERGY YAMAHA\t+20.964s<\/li>\n<li>MIGUEL OLIVEIRA &#8211; PRIMA PRAMAC RACING\t+21.565s<\/li>\n<li>BRAD BINDER &#8211; RED BULL KTM FACTORY RACING\t+23.109s<\/li>\n<li>RAUL FERNANDEZ &#8211; TRACKHOUSE MOTOGP TEAM\t+24.592s<\/li>\n<li>JACK MILLER &#8211; PRIMA PRAMAC RACING\t+27.492s<\/li>\n<li>JORGE MARTIN &#8211; APRILIA RACING\t+29.937s<\/li>\n<li>AUGUSTO FERNANDEZ &#8211; PRIMA PRAMAC RACING\t+61.504s<\/li>\n<li>SOMKIAT CHANTRA &#8211; LCR HONDA\t+61.932s<\/li>\n<li>JOHANN ZARCO &#8211; LCR HONDA\t+86.556s<\/li>\n<li>ENEA BASTIANINI &#8211; RED BULL KTM TECH3\tDNF<\/li>\n<li>ALEX RINS &#8211; MONSTER ENERGY YAMAHA\tDNF<\/li>\n<li>FRANCESCO BAGNAIA &#8211; DUCATI LENOVO TEAM\tDNF<\/li>\n<li>PEDRO ACOSTA &#8211; RED BULL KTM FACTORY RACING\tDNF<\/li>\n<li>MAVERICK VI\u00d1ALES &#8211; RED BULL KTM TECH3\tDNF<\/li>\n<li>AI OGURA &#8211; TRACKHOUSE MOTOGP TEAM\tDNF<\/li>\n<li>JOAN MIR &#8211; REPSOL HONDA TEAM\tDNF<\/li>\n<\/ol>\n<p>Le classement du championnat du monde de MotoGP<\/p>\n<ol>\n<li>Marc Marquez (Ducati Lonovo) &#8211; 512 points<\/li>\n<li>Alex Marquez (Ducati Gresini) &#8211; 330 points<\/li>\n<li>Peco Bagnaia (Ducati Lonovo) &#8211; 237 points<\/li>\n<li>Marco Bezzechi (Aprilia) &#8211; 229 points<\/li>\n<li>Pedro Acosta (KTM Racing) &#8211; 188 points<\/li>\n<li>Fabio Di Giannantonio (Team VR 46) &#8211; 180 points<\/li>\n<li>Franco Morbidelli (Team VR 46) &#8211; 179 points<\/li>\n<li>Fermin Aldeguer (Ducati Gresini) &#8211; 141 points<\/li>\n<li>Fabio Quartararo (Yamaha) &#8211; 137 points <\/li>\n<li>Johann Zarco (LCR Honda) &#8211; 117 points<\/li>\n<li>Brad Binder (KTM Racing) &#8211; 101 points<\/li>\n<li>Luca Marini (Honda HRC Castrol &#8211; 94points<\/li>\n<li>Enea Bastianini (Red Bull KTM Tech3) &#8211; 84 points<\/li>\n<li>Raul Fernandez (Trackhouse MotoGP Team ) &#8211; 84 points<\/li>\n<li>Maverick Vi\u00f1ales (Red Bull KTM Tech3) &#8211; 72 points<\/li>\n<li>Ai Ogura (Trackhouse MotoGP Team) &#8211; 69 points\t<\/li>\n<li>Jack Miller (Prima Pramac Yamaha MotoGP) &#8211;  58 points<\/li>\n<li>Joan Mir (Honda HRC Castrol) &#8211; 50 points<\/li>\n<li>Alex Rins(Yamaha) &#8211; 45 points<\/li>\n<li>Jorge Martin (Aprilia) &#8211; 34 points<\/li>\n<li>Miguel Oliveira (Prima Pramac Yamaha MotoGP) &#8211; 24 points<\/li>\n<li>Pol Espargaro (KTM Tech3) &#8211; 16 points<\/li>\n<li>Takaaki Nakagami (Honda HRC Castrol) &#8211; 10 points<\/li>\n<li>Lorenzo Savadori (Aprilia) &#8211; 8 points<\/li>\n<li>Augusto Fernandez (Yamaha) &#8211; 8 points<\/li>\n<li>Somkiat Chantra (Honda LCR) &#8211; 2 points<\/li>\n<li>Aleix Espargaro (Honda HRC Team) &#8211; 0 point<\/li>\n<\/ol>\n<p><a href=\"https:\/\/www.motogp.com\/fr\/world-standing\/2025\/motogp\/championship-standings\" target=\"_blank\" class=\"c-link c-btn c-btn--primary\" rel=\"nofollow noopener\">Le classement g\u00e9n\u00e9ral complet du championnat du monde de MotoGP<\/a><\/p>\n<p>Dans deux semaines, les pilotes ont rendez-vous pour le Grand Prix de MotoGP du Japon.<\/p>\n","protected":false},"excerpt":{"rendered":"Au lendemain de la victoire lors du sprint de Marco Bezzechi (Aprilia), l&rsquo;Italien s&rsquo;\u00e9lan\u00e7ait en pole position et&hellip;\n","protected":false},"author":2,"featured_media":390355,"comment_status":"","ping_status":"","sticky":false,"template":"","format":"standard","meta":{"footnotes":""},"categories":[1413],"tags":[1976,1680,1011,27,1741,1457,6033,1456,517,60],"class_list":{"0":"post-390354","1":"post","2":"type-post","3":"status-publish","4":"format-standard","5":"has-post-thumbnail","7":"category-moto","8":"tag-auto-moto","9":"tag-fabio-quartararo","10":"tag-fr","11":"tag-france","12":"tag-johann-zarco","13":"tag-moto","14":"tag-moto-gp","15":"tag-motocycle","16":"tag-sport","17":"tag-sports"},"share_on_mastodon":{"url":"https:\/\/pubeurope.com\/@fr\/115202976881654235","error":""},"_links":{"self":[{"href":"https:\/\/www.europesays.com\/fr\/wp-json\/wp\/v2\/posts\/390354","targetHints":{"allow":["GET"]}}],"collection":[{"href":"https:\/\/www.europesays.com\/fr\/wp-json\/wp\/v2\/posts"}],"about":[{"href":"https:\/\/www.europesays.com\/fr\/wp-json\/wp\/v2\/types\/post"}],"author":[{"embeddable":true,"href":"https:\/\/www.europesays.com\/fr\/wp-json\/wp\/v2\/users\/2"}],"replies":[{"embeddable":true,"href":"https:\/\/www.europesays.com\/fr\/wp-json\/wp\/v2\/comments?post=390354"}],"version-history":[{"count":0,"href":"https:\/\/www.europesays.com\/fr\/wp-json\/wp\/v2\/posts\/390354\/revisions"}],"wp:featuredmedia":[{"embeddable":true,"href":"https:\/\/www.europesays.com\/fr\/wp-json\/wp\/v2\/media\/390355"}],"wp:attachment":[{"href":"https:\/\/www.europesays.com\/fr\/wp-json\/wp\/v2\/media?parent=390354"}],"wp:term":[{"taxonomy":"category","embeddable":true,"href":"https:\/\/www.europesays.com\/fr\/wp-json\/wp\/v2\/categories?post=390354"},{"taxonomy":"post_tag","embeddable":true,"href":"https:\/\/www.europesays.com\/fr\/wp-json\/wp\/v2\/tags?post=390354"}],"curies":[{"name":"wp","href":"https:\/\/api.w.org\/{rel}","templated":true}]}}