{"id":390356,"date":"2025-09-14T13:51:27","date_gmt":"2025-09-14T13:51:27","guid":{"rendered":"https:\/\/www.europesays.com\/fr\/390356\/"},"modified":"2025-09-14T13:51:27","modified_gmt":"2025-09-14T13:51:27","slug":"cardile-est-sous-le-charme-daston-martin-f1","status":"publish","type":"post","link":"https:\/\/www.europesays.com\/fr\/390356\/","title":{"rendered":"Cardile est sous le charme d&rsquo;Aston Martin F1"},"content":{"rendered":"<p>14 septembre 2025 &#8211; 13:18<\/p>\n<p class=\"mt-5\">Enrico Cardile, le nouveau directeur technique d\u2019Aston Martin F1, a fait ses grands d\u00e9buts dans l\u2019\u00e9quipe apr\u00e8s avoir \u00e9t\u00e9 retenu plusieurs mois par Ferrari. L\u2019Italien a ainsi pu d\u00e9buter son travail, et il a aussi expliqu\u00e9 ce qu\u2019il fait au sein de l\u2019\u00e9quipe, et ce qu\u2019il supervise.<\/p>\n<p class=\"mt-5\">\u00ab\u00a0Je suis tr\u00e8s heureux d\u2019avoir commenc\u00e9 \u00e0 travailler pour Aston Martin\u00a0\u00bb a-t-il d\u00e9clar\u00e9. \u00ab\u00a0C\u2019est tr\u00e8s excitant de faire partie de cette \u00e9quipe, car je crois sinc\u00e8rement et fermement qu\u2019elle a tout ce qu\u2019il faut.\u00a0\u00bb<\/p>\n<p class=\"mt-5\">\u00ab\u00a0Ma mission consiste \u00e0 superviser le d\u00e9veloppement de la voiture, \u00e0 m\u2019occuper des performances, de l\u2019a\u00e9rodynamique, de la conception technique et des essais, en gros toutes les activit\u00e9s depuis l\u2019id\u00e9e jusqu\u2019\u00e0 la piste.\u00a0\u00bb<\/p>\n<p class=\"mt-5\">Le niveau de pr\u00e9paration affich\u00e9 par Aston Martin a impressionn\u00e9 le nouveau directeur technique, qui a pu voir des infrastructures tr\u00e8s d\u00e9velopp\u00e9es \u00e0 l\u2019usine tr\u00e8s r\u00e9cente install\u00e9e \u00e0 Silverstone.<\/p>\n<p class=\"mt-5\">\u00ab\u00a0Beaucoup de choses m\u2019ont impressionn\u00e9 positivement. Le campus est absolument incroyable, et en tant qu\u2019ing\u00e9nieur, la soufflerie est vraiment \u00e9poustouflante par toute la technologie qu\u2019elle renferme, par son niveau d\u2019avancement.\u00a0\u00bb<\/p>\n<p class=\"mt-5\">Cardile a \u00e9t\u00e9 impressionn\u00e9 par le travail d\u00e9j\u00e0 abattu du c\u00f4t\u00e9 d\u2019Andy Cowell, team principal, o\u00f9 Adrian Newey, directeur technique en chef\u00a0: \u00ab\u00a0Il y a la vision sans compromis d\u2019Adrian Newey et la volont\u00e9 constante d\u2019am\u00e9liorer et de perfectionner chaque d\u00e9tail de la voiture.\u00a0\u00bb<\/p>\n<p class=\"mt-5\">\u00ab\u00a0Avec Andy Cowell, j\u2019ai trouv\u00e9 un ing\u00e9nieur tr\u00e8s rigoureux. Tout comme Adrian, il pr\u00eate attention \u00e0 chaque d\u00e9tail du processus et \u00e0 la fa\u00e7on dont nous travaillons, ce qui nous permet d\u2019\u00eatre la meilleure \u00e9quipe du plateau.\u00a0\u00bb<\/p>\n<p class=\"mt-5\">\u00ab\u00a0Les gens sont extr\u00eamement ouverts \u00e0 relever ces d\u00e9fis ensemble. Ils sont tr\u00e8s ouverts au changement dans leur fa\u00e7on de faire les choses. Il y a une forte volont\u00e9 de progresser, de s\u2019am\u00e9liorer. Nous aurons besoin de temps pour grandir. Tout en grandissant, nous ferons de notre mieux pour obtenir d\u2019excellents r\u00e9sultats.\u00a0\u00bb<\/p>\n","protected":false},"excerpt":{"rendered":"14 septembre 2025 &#8211; 13:18 Enrico Cardile, le nouveau directeur technique d\u2019Aston Martin F1, a fait ses grands&hellip;\n","protected":false},"author":2,"featured_media":390357,"comment_status":"","ping_status":"","sticky":false,"template":"","format":"standard","meta":{"footnotes":""},"categories":[1412],"tags":[1451,1452,1453,1454,1455,1011,27,60],"class_list":{"0":"post-390356","1":"post","2":"type-post","3":"status-publish","4":"format-standard","5":"has-post-thumbnail","7":"category-f1","8":"tag-f1","9":"tag-formula-1","10":"tag-formula1","11":"tag-formule-1","12":"tag-formule1","13":"tag-fr","14":"tag-france","15":"tag-sports"},"share_on_mastodon":{"url":"https:\/\/pubeurope.com\/@fr\/115202980794153197","error":""},"_links":{"self":[{"href":"https:\/\/www.europesays.com\/fr\/wp-json\/wp\/v2\/posts\/390356","targetHints":{"allow":["GET"]}}],"collection":[{"href":"https:\/\/www.europesays.com\/fr\/wp-json\/wp\/v2\/posts"}],"about":[{"href":"https:\/\/www.europesays.com\/fr\/wp-json\/wp\/v2\/types\/post"}],"author":[{"embeddable":true,"href":"https:\/\/www.europesays.com\/fr\/wp-json\/wp\/v2\/users\/2"}],"replies":[{"embeddable":true,"href":"https:\/\/www.europesays.com\/fr\/wp-json\/wp\/v2\/comments?post=390356"}],"version-history":[{"count":0,"href":"https:\/\/www.europesays.com\/fr\/wp-json\/wp\/v2\/posts\/390356\/revisions"}],"wp:featuredmedia":[{"embeddable":true,"href":"https:\/\/www.europesays.com\/fr\/wp-json\/wp\/v2\/media\/390357"}],"wp:attachment":[{"href":"https:\/\/www.europesays.com\/fr\/wp-json\/wp\/v2\/media?parent=390356"}],"wp:term":[{"taxonomy":"category","embeddable":true,"href":"https:\/\/www.europesays.com\/fr\/wp-json\/wp\/v2\/categories?post=390356"},{"taxonomy":"post_tag","embeddable":true,"href":"https:\/\/www.europesays.com\/fr\/wp-json\/wp\/v2\/tags?post=390356"}],"curies":[{"name":"wp","href":"https:\/\/api.w.org\/{rel}","templated":true}]}}