{"id":390368,"date":"2025-09-14T13:57:12","date_gmt":"2025-09-14T13:57:12","guid":{"rendered":"https:\/\/www.europesays.com\/fr\/390368\/"},"modified":"2025-09-14T13:57:12","modified_gmt":"2025-09-14T13:57:12","slug":"isabelle-mergault-vexee-laurent-ruquier-oblige-dintervenir-apres-les-propos-dun-de-ses-collegues-aux-grosses-tetes","status":"publish","type":"post","link":"https:\/\/www.europesays.com\/fr\/390368\/","title":{"rendered":"Isabelle Mergault vex\u00e9e : Laurent Ruquier oblig\u00e9 d\u2019intervenir apr\u00e8s les propos d\u2019un de ses coll\u00e8gues aux Grosses T\u00eates"},"content":{"rendered":"<p>L&rsquo;atmosph\u00e8re s&rsquo;est tendue dans l&rsquo;\u00e9mission phare de RTL ce<br \/>\nmercredi. En direct, <a href=\"https:\/\/www.closermag.fr\/people\/quand-on-sachete-ruquier-cest-quon-a-plus-dargent-violente-attaque-de-deux-stars-de-lhumour-3578006\" target=\"_blank\" rel=\"noopener\"><br \/>\nl&rsquo;animateur vedette<\/a> a d\u00fb g\u00e9rer un conflit entre deux de ses<br \/>\nfid\u00e8les collaborateurs apr\u00e8s des d\u00e9clarations blessantes lors d&rsquo;un<br \/>\n\u00e9v\u00e9nement priv\u00e9.<\/p>\n<p>Une soir\u00e9e qui vire au r\u00e8glement de comptes<\/p>\n<p>Tout commence lors de la c\u00e9l\u00e9bration des noces d&rsquo;or de <a href=\"https:\/\/www.closermag.fr\/people\/chantal-ladesou-ou-vit-lactrice-3523265\" target=\"_blank\" rel=\"noopener\"><br \/>\nChantal Ladesou<\/a>. Durant cette soir\u00e9e festive, <a href=\"https:\/\/www.closermag.fr\/people\/jeanfi-janssens-de-quoi-est-mort-tragiquement-son-frere-alexandre-3519604\" target=\"_blank\" rel=\"noopener\"><br \/>\nJeanfi Janssen<\/a>s rencontre Jean-Louis Barcelona, acteur<br \/>\nr\u00e9current dans les spectacles d&rsquo;Isabelle Mergault. Ce dernier<br \/>\ninterroge l&rsquo;humoriste sur l&rsquo;ambiance qui r\u00e8gne dans l&rsquo;\u00e9mission<br \/>\nradiophonique. Les propos qui suivent vont d\u00e9clencher une v\u00e9ritable<br \/>\ntemp\u00eate.<\/p>\n<p>Selon les r\u00e9v\u00e9lations faites \u00e0 l&rsquo;antenne, le chroniqueur aurait<br \/>\ntenu des mots particuli\u00e8rement durs. \u00ab\u00a0Mergault, c&rsquo;est une<br \/>\nm\u00e9chante. Elle n&rsquo;aime personne, elle est hypocrite. Laurent a piti\u00e9<br \/>\nd&rsquo;elle, c&rsquo;est pour \u00e7a qu&rsquo;il la garde. Il la garde uniquement parce<br \/>\nqu&rsquo;elle fait le job, mais il ne peut pas la saquer, preuve en est,<br \/>\nelle est jamais invit\u00e9e nulle part !\u00a0\u00bb, rapporte l&rsquo;actrice,<br \/>\nvisiblement affect\u00e9e par ces accusations. Des mots qui contrastent<br \/>\navec l&rsquo;image qu&rsquo;elle avait de leur relation professionnelle.<\/p>\n<p>La version de Jeanfi Janssens divise<\/p>\n<p>Face aux accusations, l&rsquo;humoriste belge conteste fermement cette<br \/>\nversion des faits. \u00ab\u00a0Mais ce n&rsquo;est pas vrai, je n&rsquo;ai pas dit<br \/>\ntout \u00e7a ! (&#8230;) J&rsquo;ai dit : &lsquo;Je m&rsquo;entends bien avec tout le monde \u00e0<br \/>\npart Isabelle, elle est parfois un peu compliqu\u00e9e, elle peut \u00eatre<br \/>\njalouse et envieuse'\u00a0\u00bb, se d\u00e9fend-il lors de l&rsquo;\u00e9mission. Cette<br \/>\ntentative d&rsquo;explication ne semble toutefois pas convaincre sa<br \/>\ncoll\u00e8gue.<\/p>\n<p>L&rsquo;ancienne r\u00e9alisatrice avait pourtant confi\u00e9 sa sympathie pour<br \/>\nson confr\u00e8re avant d&rsquo;apprendre ces r\u00e9v\u00e9lations. \u00ab\u00a0J&rsquo;adore ce mec<br \/>\n! Il me fait rire, il est dr\u00f4le, il est gentil\u00a0\u00bb, avait-elle<br \/>\nd\u00e9clar\u00e9 \u00e0 Jean-Louis Barcelona quand celui-ci l&rsquo;avait contact\u00e9e<br \/>\npour lui rapporter les propos tenus. Un contraste saisissant avec<br \/>\nla suite des \u00e9v\u00e9nements.<\/p>\n<p>Laurent Ruquier endosse le r\u00f4le de<br \/>\nm\u00e9diateur<\/p>\n<p>Conscient de la gravit\u00e9 de la situation, le <a href=\"https:\/\/www.closermag.fr\/people\/laurent-ruquier-un-peu-fache-avec-thierry-ardisson-et-apres-sa-mort-il-remet-leur-brouille-sur-la-table-3576005\" target=\"_blank\" rel=\"noopener\"><br \/>\nma\u00eetre des lieux<\/a> a d\u00fb intervenir rapidement. \u00ab\u00a0Il m&rsquo;appelle<br \/>\nd\u00e8s le lendemain en pleurs, en me disant &lsquo;tu sais, Isabelle va m&rsquo;en<br \/>\nvouloir&rsquo;. Je prends mon casque de l&rsquo;ONU, le casque bleu que je<br \/>\nsuis. Et l\u00e0-devant vous, mesdames et messieurs, vous assistez \u00e0 la<br \/>\ngrande r\u00e9conciliation\u00a0\u00bb, explique l&rsquo;animateur avec son humour<br \/>\nhabituel.<\/p>\n<p>Cette m\u00e9diation publique s&rsquo;av\u00e8re n\u00e9cessaire pour pr\u00e9server<br \/>\nl&rsquo;harmonie de <a href=\"https:\/\/www.closermag.fr\/tv_tele_realite\/les-grosses-tetes-je-me-leve-je-te-fous-un-pain-vive-altercation-entre-une-societaire-historique-et-une-petite-nouvelle-3486915\" target=\"_blank\" rel=\"noopener\"><br \/>\nl&rsquo;\u00e9quipe<\/a>. \u00ab\u00a0Ce sont deux amis, voil\u00e0 pourquoi j&rsquo;ai envie<br \/>\nqu&rsquo;ils se r\u00e9concilient l&rsquo;un et l&rsquo;autre. Parfois, il y a des<br \/>\nchicaneries, c&rsquo;est comme \u00e7a dans nos m\u00e9tiers\u00a0\u00bb, justifie le<br \/>\npr\u00e9sentateur. Malgr\u00e9 cette tentative de r\u00e9conciliation, le sujet<br \/>\nsera \u00e9voqu\u00e9 \u00e0 plusieurs reprises durant l&rsquo;\u00e9mission, t\u00e9moignant de<br \/>\nla persistance des tensions.<\/p>\n","protected":false},"excerpt":{"rendered":"L&rsquo;atmosph\u00e8re s&rsquo;est tendue dans l&rsquo;\u00e9mission phare de RTL ce mercredi. En direct, l&rsquo;animateur vedette a d\u00fb g\u00e9rer un&hellip;\n","protected":false},"author":2,"featured_media":390369,"comment_status":"","ping_status":"","sticky":false,"template":"","format":"standard","meta":{"footnotes":""},"categories":[1356],"tags":[548,58,59,1011,27,52127,252,1364],"class_list":{"0":"post-390368","1":"post","2":"type-post","3":"status-publish","4":"format-standard","5":"has-post-thumbnail","7":"category-television","8":"tag-article-simple","9":"tag-divertissement","10":"tag-entertainment","11":"tag-fr","12":"tag-france","13":"tag-isabelle-mergault","14":"tag-television","15":"tag-tv"},"share_on_mastodon":{"url":"https:\/\/pubeurope.com\/@fr\/115203004527697819","error":""},"_links":{"self":[{"href":"https:\/\/www.europesays.com\/fr\/wp-json\/wp\/v2\/posts\/390368","targetHints":{"allow":["GET"]}}],"collection":[{"href":"https:\/\/www.europesays.com\/fr\/wp-json\/wp\/v2\/posts"}],"about":[{"href":"https:\/\/www.europesays.com\/fr\/wp-json\/wp\/v2\/types\/post"}],"author":[{"embeddable":true,"href":"https:\/\/www.europesays.com\/fr\/wp-json\/wp\/v2\/users\/2"}],"replies":[{"embeddable":true,"href":"https:\/\/www.europesays.com\/fr\/wp-json\/wp\/v2\/comments?post=390368"}],"version-history":[{"count":0,"href":"https:\/\/www.europesays.com\/fr\/wp-json\/wp\/v2\/posts\/390368\/revisions"}],"wp:featuredmedia":[{"embeddable":true,"href":"https:\/\/www.europesays.com\/fr\/wp-json\/wp\/v2\/media\/390369"}],"wp:attachment":[{"href":"https:\/\/www.europesays.com\/fr\/wp-json\/wp\/v2\/media?parent=390368"}],"wp:term":[{"taxonomy":"category","embeddable":true,"href":"https:\/\/www.europesays.com\/fr\/wp-json\/wp\/v2\/categories?post=390368"},{"taxonomy":"post_tag","embeddable":true,"href":"https:\/\/www.europesays.com\/fr\/wp-json\/wp\/v2\/tags?post=390368"}],"curies":[{"name":"wp","href":"https:\/\/api.w.org\/{rel}","templated":true}]}}