{"id":39038,"date":"2025-04-20T14:03:12","date_gmt":"2025-04-20T14:03:12","guid":{"rendered":"https:\/\/www.europesays.com\/fr\/39038\/"},"modified":"2025-04-20T14:03:12","modified_gmt":"2025-04-20T14:03:12","slug":"le-chantier-du-futur-hotel-des-polices-de-nice-prend-de-la-hauteur","status":"publish","type":"post","link":"https:\/\/www.europesays.com\/fr\/39038\/","title":{"rendered":"Le chantier du futur h\u00f4tel des polices de Nice prend de la hauteur"},"content":{"rendered":"<p>Ils montent, montent, les murs du futur <a href=\"https:\/\/www.nicematin.com\/securite\/coursives-et-arches-conservees-dans-la-cour-d-honneur-une-nouvelle-visite-de-chantier-pour-le-futur-hotel-des-polices-de-nice-qui-sera-livre-fin-2025-debut-2026-976956?t=1744992429\" rel=\"nofollow noopener\" target=\"_blank\">h\u00f4tel des polices<\/a>. Si du c\u00f4t\u00e9 de la fa\u00e7ade historique de 1858, le chantier n\u2019est pas particuli\u00e8rement surprenant \u2013 tout simplement parce qu\u2019elle a \u00e9t\u00e9 conserv\u00e9e \u2013 c\u2019est sur le c\u00f4t\u00e9 rue Edouard-Beri que l\u2019\u00e9volution est la plus impressionnante.<\/p>\n<p>Les passants commencent ainsi \u00e0 voir l\u2019enceinte du <a href=\"https:\/\/www.nicematin.com\/securite\/le-chantier-du-futur-hotel-des-polices-se-devoile-aux-nicois-en-attendant-la-livraison-fin-2025-958181\" rel=\"nofollow noopener\" target=\"_blank\">m\u00e9ga commissariat<\/a> telles qu\u2019elle sera une fois achev\u00e9e.<\/p>\n<p>On voit donc les hauts pans de b\u00e9ton comme s\u2019ils \u00e9taient cisel\u00e9s. Alberto Rubin, directeur d\u2019agence du cabinet d\u2019architectes Wilmotte et associ\u00e9s, qui collabore sur le projet avec le groupe Vinci Construction, expliquait lors d\u2019une visite avec des habitants du quartieren d\u00e9cembre 2023 que \u00ab\u00a0l\u2019id\u00e9e \u00e9tait de trouver une coh\u00e9sion entre les parties neuves et existantes. Le dessin de b\u00e9ton matric\u00e9 s\u2019inspire d\u2019un \u00e9l\u00e9ment typique de l\u2019architecture ni\u00e7oise: les volets. (&#8230;) Toujours en \u00e9cho \u00e0 l\u2019ancien, les pi\u00e8ces d\u2019angles et corniches seront reproduites.\u00a0\u00bb<\/p>\n<p>Voil\u00e0 donc pourquoi ce c\u00f4t\u00e9 du b\u00e2timent semble familier: il rappelle les persiennes m\u00e9diterran\u00e9ennes et devrait \u00eatre \u00e0 terme dans une teinte ocre claire.<\/p>\n<p><strong>Une visite pour le public le 26 avril<\/strong><\/p>\n<p>Le public \u2013 pas seulement les voisins \u2013 pourra les contempler mais surtout p\u00e9n\u00e9trer dans le chantier samedi prochain: la Ville organise une visite le 26 avril.<\/p>\n<p>Quatre sessions par groupes de 30 personnes sont programm\u00e9es pendant toute la matin\u00e9e. Attention toutefois, l\u2019acc\u00e8s pour les personnes \u00e0 mobilit\u00e9 r\u00e9duite n\u2019a pas encore \u00e9t\u00e9 r\u00e9alis\u00e9, la zone n\u2019est donc pas praticable en fauteuil roulant. L\u2019inscription peut \u00eatre compl\u00e9t\u00e9e sur le site <a href=\"https:\/\/my.weezevent.com\/visite-du-chantier-de-lhotel-des-polices-ouverte-a-tous-les-nicoises-et-nicois?_gl=1*19n3y9g*_gcl_au*OTQ1NDM0NjMyLjE3NDQ3ODc3ODAuNjA5MTczNzc3LjE3NDQ3ODc4NjMuMTc0NDc4Nzg2Mg..*_ga*NjQ3NTczOTc5LjE3NDQ3ODc3ODA.*_ga_39H9VBFX7G*MT\" target=\"_blank\" rel=\"noopener nofollow\">my.weezevent.com<\/a> (1).<\/p>\n<p>Le calendrier est jusqu\u2019ici respect\u00e9. Les travaux de reconstruction, les fondations et le gros \u0153uvre, ont d\u00e9but\u00e9 au deuxi\u00e8me semestre 2024. L\u2019am\u00e9nagement int\u00e9rieur le sera au deuxi\u00e8me semestre 2025. L\u2019h\u00f4tel des polices devrait \u00eatre livr\u00e9 \u00e0 la fin de l\u2019ann\u00e9e.<\/p>\n<p><strong>50.000 m\u00e8tres carr\u00e9s am\u00e9nag\u00e9s<\/strong><\/p>\n<p>Pour m\u00e9moire, cet \u00e9difice de 50.000m\u00b2 am\u00e9nag\u00e9s r\u00e9unira l\u2019ensemble des polices (nationale et municipale) ainsi que le centre d\u2019hypervision urbaine (auquel seront reli\u00e9es les quelque 5.000 cam\u00e9ras diss\u00e9min\u00e9es en ville), les renseignements territoriaux, etc. Soit environ 2.000 agents.<\/p>\n<p>Le projet est cofinanc\u00e9 par l\u2019\u00c9tat et la Ville, au prorata des surfaces occup\u00e9es.<\/p>\n<p>Le co\u00fbt global est estim\u00e9 \u00e0 239 millions d\u2019euros hors foncier, am\u00e9nagement du centre d\u2019hypervision urbain et requalification des abords.<\/p>\n<p>Seul rappel du pass\u00e9 des lieux: l\u2019inscription \u00ab\u00a0h\u00f4pital Saint-Roch\u00a0\u00bb sur le fronton qui retrouvera sa croix au sommet \u00e0 l\u2019issue des travaux.<\/p>\n<p>1. <a href=\"http:\/\/my.weezevent.com\/visite-du-chantier-de-lhotel-des-polices-ouverte-a-tous-les-nicoises-et-nicois\" target=\"_blank\" rel=\"noopener nofollow\">my.weezevent.com\/visite-du-chantier-de-lhotel-des-polices-ouverte-a-tous-les-nicoises-et-nicois<\/a><\/p>\n","protected":false},"excerpt":{"rendered":"Ils montent, montent, les murs du futur h\u00f4tel des polices. Si du c\u00f4t\u00e9 de la fa\u00e7ade historique de&hellip;\n","protected":false},"author":2,"featured_media":39039,"comment_status":"","ping_status":"","sticky":false,"template":"","format":"standard","meta":{"footnotes":""},"categories":[2819],"tags":[1111,11,1777,674,1011,27,12,2401,882,25,1352,3366],"class_list":{"0":"post-39038","1":"post","2":"type-post","3":"status-publish","4":"format-standard","5":"has-post-thumbnail","7":"category-nice","8":"tag-actu","9":"tag-actualites","10":"tag-eu","11":"tag-europe","12":"tag-fr","13":"tag-france","14":"tag-news","15":"tag-nice","16":"tag-provence-alpes-cote-dazur","17":"tag-republique-francaise","18":"tag-urbanisme","19":"tag-vie-locale"},"share_on_mastodon":{"url":"https:\/\/pubeurope.com\/@fr\/114370668441055708","error":""},"_links":{"self":[{"href":"https:\/\/www.europesays.com\/fr\/wp-json\/wp\/v2\/posts\/39038","targetHints":{"allow":["GET"]}}],"collection":[{"href":"https:\/\/www.europesays.com\/fr\/wp-json\/wp\/v2\/posts"}],"about":[{"href":"https:\/\/www.europesays.com\/fr\/wp-json\/wp\/v2\/types\/post"}],"author":[{"embeddable":true,"href":"https:\/\/www.europesays.com\/fr\/wp-json\/wp\/v2\/users\/2"}],"replies":[{"embeddable":true,"href":"https:\/\/www.europesays.com\/fr\/wp-json\/wp\/v2\/comments?post=39038"}],"version-history":[{"count":0,"href":"https:\/\/www.europesays.com\/fr\/wp-json\/wp\/v2\/posts\/39038\/revisions"}],"wp:featuredmedia":[{"embeddable":true,"href":"https:\/\/www.europesays.com\/fr\/wp-json\/wp\/v2\/media\/39039"}],"wp:attachment":[{"href":"https:\/\/www.europesays.com\/fr\/wp-json\/wp\/v2\/media?parent=39038"}],"wp:term":[{"taxonomy":"category","embeddable":true,"href":"https:\/\/www.europesays.com\/fr\/wp-json\/wp\/v2\/categories?post=39038"},{"taxonomy":"post_tag","embeddable":true,"href":"https:\/\/www.europesays.com\/fr\/wp-json\/wp\/v2\/tags?post=39038"}],"curies":[{"name":"wp","href":"https:\/\/api.w.org\/{rel}","templated":true}]}}