{"id":390382,"date":"2025-09-14T14:05:11","date_gmt":"2025-09-14T14:05:11","guid":{"rendered":"https:\/\/www.europesays.com\/fr\/390382\/"},"modified":"2025-09-14T14:05:11","modified_gmt":"2025-09-14T14:05:11","slug":"kiev-revendique-des-attaques-sur-le-reseau-ferre-russe-au-moins-3-morts","status":"publish","type":"post","link":"https:\/\/www.europesays.com\/fr\/390382\/","title":{"rendered":"Kiev revendique des attaques sur le r\u00e9seau ferr\u00e9 russe, au moins 3 morts"},"content":{"rendered":"<p>Les faits se sont produits dans les r\u00e9gions russes d\u2019Oriol et de L\u00e9ningrad, selon des sources ukrainiennes.<\/p>\n<p class=\"fig-paragraph\">Une source au sein du renseignement militaire ukrainien (GUR) a affirm\u00e9 dimanche \u00e0 l\u2019AFP que l\u2019Ukraine \u00e9tait responsable de deux op\u00e9rations de sabotage ce week-end sur le r\u00e9seau ferroviaire russe, qui ont fait au moins trois morts.<\/p>\n<p class=\"fig-paragraph\">Dans un message transmis \u00e0 l\u2019AFP, cette source anonyme affirme que le GUR, en coop\u00e9ration avec des unit\u00e9s de l\u2019arm\u00e9e, a men\u00e9 l\u2019attaque de samedi dans la r\u00e9gion russe d\u2019Oriol et ainsi qu\u2019une autre dimanche matin dans la r\u00e9gion de L\u00e9ningrad.<\/p>\n","protected":false},"excerpt":{"rendered":"Les faits se sont produits dans les r\u00e9gions russes d\u2019Oriol et de L\u00e9ningrad, selon des sources ukrainiennes. Une&hellip;\n","protected":false},"author":2,"featured_media":390383,"comment_status":"","ping_status":"","sticky":false,"template":"","format":"standard","meta":{"footnotes":""},"categories":[5],"tags":[1111,47,11,1109,1112,118,1108,107,1106,1107,1011,27,1110,1114,14,12,1113,316,28],"class_list":{"0":"post-390382","1":"post","2":"type-post","3":"status-publish","4":"format-standard","5":"has-post-thumbnail","7":"category-international","8":"tag-actu","9":"tag-actualite","10":"tag-actualites","11":"tag-breves","12":"tag-depeches","13":"tag-faits-divers","14":"tag-fil","15":"tag-fil-info","16":"tag-flash","17":"tag-flash-actu","18":"tag-fr","19":"tag-france","20":"tag-informations","21":"tag-infos","22":"tag-international","23":"tag-news","24":"tag-nouvelles","25":"tag-politique","26":"tag-world"},"share_on_mastodon":{"url":"https:\/\/pubeurope.com\/@fr\/115203035912286981","error":""},"_links":{"self":[{"href":"https:\/\/www.europesays.com\/fr\/wp-json\/wp\/v2\/posts\/390382","targetHints":{"allow":["GET"]}}],"collection":[{"href":"https:\/\/www.europesays.com\/fr\/wp-json\/wp\/v2\/posts"}],"about":[{"href":"https:\/\/www.europesays.com\/fr\/wp-json\/wp\/v2\/types\/post"}],"author":[{"embeddable":true,"href":"https:\/\/www.europesays.com\/fr\/wp-json\/wp\/v2\/users\/2"}],"replies":[{"embeddable":true,"href":"https:\/\/www.europesays.com\/fr\/wp-json\/wp\/v2\/comments?post=390382"}],"version-history":[{"count":0,"href":"https:\/\/www.europesays.com\/fr\/wp-json\/wp\/v2\/posts\/390382\/revisions"}],"wp:featuredmedia":[{"embeddable":true,"href":"https:\/\/www.europesays.com\/fr\/wp-json\/wp\/v2\/media\/390383"}],"wp:attachment":[{"href":"https:\/\/www.europesays.com\/fr\/wp-json\/wp\/v2\/media?parent=390382"}],"wp:term":[{"taxonomy":"category","embeddable":true,"href":"https:\/\/www.europesays.com\/fr\/wp-json\/wp\/v2\/categories?post=390382"},{"taxonomy":"post_tag","embeddable":true,"href":"https:\/\/www.europesays.com\/fr\/wp-json\/wp\/v2\/tags?post=390382"}],"curies":[{"name":"wp","href":"https:\/\/api.w.org\/{rel}","templated":true}]}}