{"id":390392,"date":"2025-09-14T14:14:16","date_gmt":"2025-09-14T14:14:16","guid":{"rendered":"https:\/\/www.europesays.com\/fr\/390392\/"},"modified":"2025-09-14T14:14:16","modified_gmt":"2025-09-14T14:14:16","slug":"notre-selection-du-livre-sur-la-place","status":"publish","type":"post","link":"https:\/\/www.europesays.com\/fr\/390392\/","title":{"rendered":"notre s\u00e9lection du Livre sur la Place"},"content":{"rendered":"<p>De 19\u00a0h \u00e0 20\u00a0h, Op\u00e9ra national de Nancy-Lorraine, <a href=\"https:\/\/www.estrepublicain.fr\/p\/place-stanislas\" target=\"_blank\" rel=\"noopener\">place Stanislas<\/a>\u00a0: lecture musicale de Jean-Marie Gustave Le Cl\u00e9zio. Une carte blanche au prix Nobel de litt\u00e9rature 2008 qui a choisi de lire ses textes fondateurs, accompagn\u00e9 par ses amis musiciens Liselotte Hamm et Jean-Marie Hummel. L\u2019occasion ou jamais de croiser le regard de l\u2019\u00e9crivain voyageur. Entr\u00e9e sur r\u00e9servation, billetterie gratuite en ligne.<\/p>\n<p>De 17\u00a0h\u00a015 \u00e0 18\u00a0h\u00a015, salle Poirel, 3, rue Victor-Poirel\u00a0: l\u2019\u00e9tourdissant <a href=\"https:\/\/www.estrepublicain.fr\/p\/raphael-quenard\" target=\"_blank\" rel=\"noopener\">Rapha\u00ebl Quenard<\/a> vient \u00e0 Nancy causer avec Clara Dupont-Monod de litt\u00e9rature autour de son premier livre \u00e9tonnant \u00ab\u00a0Clamser \u00e0 Tataouine\u00a0\u00bb (\u00e9d. Flammarion), un thriller aussi bavard que son auteur. \u00c0 19\u00a0h, l\u2019acteur et cin\u00e9aste rejoindra le Cam\u00e9o-Ariel, apr\u00e8s la projection de son film co-r\u00e9alis\u00e9 avec Hugo David, \u00ab\u00a0I love Peru\u00a0\u00bb.<\/p>\n<p>De 18 \u00e0 19\u00a0h, salle Mienville, \u00e0 l\u2019H\u00f4tel de ville\u00a0: discussion autour de la \u00ab\u00a0New Romance\u00a0\u00bb. Entre sentiments, pens\u00e9es intimes et sexualit\u00e9 assum\u00e9e, ce genre tout autant raill\u00e9 qu\u2019adul\u00e9 parle ind\u00e9niablement de notre \u00e9poque. Romanci\u00e8re et dessinatrice, autrice de \u00ab\u00a0Campus Agency\u00a0: Queen of Minds T1\u00a0\u00bb (\u00e9d. Hugo Roman), Lyly Bay conversera avec Adeline Florimond-Clerc et Louis Gabrysiak, auteurs de \u00ab\u00a0New Romance\u00a0: anatomie d\u2019un ph\u00e9nom\u00e8ne \u00e9ditorial\u00a0\u00bb (\u00e9d. Edul).<\/p>\n","protected":false},"excerpt":{"rendered":"De 19\u00a0h \u00e0 20\u00a0h, Op\u00e9ra national de Nancy-Lorraine, place Stanislas\u00a0: lecture musicale de Jean-Marie Gustave Le Cl\u00e9zio. Une&hellip;\n","protected":false},"author":2,"featured_media":390393,"comment_status":"","ping_status":"","sticky":false,"template":"","format":"standard","meta":{"footnotes":""},"categories":[9635],"tags":[1111,11,6211,1687,1704,1777,674,1685,1011,27,775,22382,2410,1702,1703,12,3456,5486,25,3140],"class_list":{"0":"post-390392","1":"post","2":"type-post","3":"status-publish","4":"format-standard","5":"has-post-thumbnail","7":"category-nancy","8":"tag-actu","9":"tag-actualites","10":"tag-conference","11":"tag-culture-loisirs","12":"tag-edition-nancy-et-agglomeration","13":"tag-eu","14":"tag-europe","15":"tag-foire-et-salon","16":"tag-fr","17":"tag-france","18":"tag-grand-est","19":"tag-le-livre-sur-la-place","20":"tag-livres-bd","21":"tag-nancy","22":"tag-nancy-ville-54b","23":"tag-news","24":"tag-region-lorraine","25":"tag-rencontre","26":"tag-republique-francaise","27":"tag-spectacle"},"share_on_mastodon":{"url":"https:\/\/pubeurope.com\/@fr\/115203071198178430","error":""},"_links":{"self":[{"href":"https:\/\/www.europesays.com\/fr\/wp-json\/wp\/v2\/posts\/390392","targetHints":{"allow":["GET"]}}],"collection":[{"href":"https:\/\/www.europesays.com\/fr\/wp-json\/wp\/v2\/posts"}],"about":[{"href":"https:\/\/www.europesays.com\/fr\/wp-json\/wp\/v2\/types\/post"}],"author":[{"embeddable":true,"href":"https:\/\/www.europesays.com\/fr\/wp-json\/wp\/v2\/users\/2"}],"replies":[{"embeddable":true,"href":"https:\/\/www.europesays.com\/fr\/wp-json\/wp\/v2\/comments?post=390392"}],"version-history":[{"count":0,"href":"https:\/\/www.europesays.com\/fr\/wp-json\/wp\/v2\/posts\/390392\/revisions"}],"wp:featuredmedia":[{"embeddable":true,"href":"https:\/\/www.europesays.com\/fr\/wp-json\/wp\/v2\/media\/390393"}],"wp:attachment":[{"href":"https:\/\/www.europesays.com\/fr\/wp-json\/wp\/v2\/media?parent=390392"}],"wp:term":[{"taxonomy":"category","embeddable":true,"href":"https:\/\/www.europesays.com\/fr\/wp-json\/wp\/v2\/categories?post=390392"},{"taxonomy":"post_tag","embeddable":true,"href":"https:\/\/www.europesays.com\/fr\/wp-json\/wp\/v2\/tags?post=390392"}],"curies":[{"name":"wp","href":"https:\/\/api.w.org\/{rel}","templated":true}]}}