{"id":390398,"date":"2025-09-14T14:19:13","date_gmt":"2025-09-14T14:19:13","guid":{"rendered":"https:\/\/www.europesays.com\/fr\/390398\/"},"modified":"2025-09-14T14:19:13","modified_gmt":"2025-09-14T14:19:13","slug":"a61-sortie-bram-n22-fermee-direction-montpellier","status":"publish","type":"post","link":"https:\/\/www.europesays.com\/fr\/390398\/","title":{"rendered":"A61 sortie Bram N\u00b022 ferm\u00e9e direction Montpellier"},"content":{"rendered":"<ol class=\"breadcrumb\" itemscope=\"\" itemtype=\"https:\/\/schema.org\/BreadcrumbList\">\n<li itemprop=\"itemListElement\" itemscope=\"\" itemtype=\"https:\/\/schema.org\/ListItem\">\n                    <a itemprop=\"item\" href=\"https:\/\/radio.vinci-autoroutes.com\/\" target=\"_blank\" rel=\"noopener\"><br \/>\n                        Accueil<br \/>\n                    <\/a><\/p>\n<\/li>\n<li itemprop=\"itemListElement\" itemscope=\"\" itemtype=\"https:\/\/schema.org\/ListItem\">\n                        <a itemprop=\"item\" href=\"https:\/\/radio.vinci-autoroutes.com\/rubrique\/infotrafic\" target=\"_blank\" rel=\"noopener\"><br \/>\n                            Actu trafic<br \/>\n                        <\/a><\/p>\n<\/li>\n<li itemprop=\"itemListElement\" itemscope=\"\" itemtype=\"https:\/\/schema.org\/ListItem\">\n                        <a itemprop=\"item\" href=\"https:\/\/radio.vinci-autoroutes.com\/rubrique\/travaux\" target=\"_blank\" rel=\"noopener\"><br \/>\n                            Travaux<br \/>\n                        <\/a><\/p>\n<\/li>\n<\/ol>\n<p class=\"article-chapeau\" itemprop=\"description\">Au sud-est de Toulouse, les nuits du mardi 16 au jeudi 18 septembre, \u00e0 partir de 20h et au plus tard jusqu&rsquo;\u00e0 06h30 du matin, la sortie Bram N\u00b022 de l&rsquo;autoroute A61 est ferm\u00e9e, en direction de Montpellier, pour r\u00e9nover la chauss\u00e9e.<\/p>\n<p class=\"article-author\">Auteur : Nadine Mistre<\/p>\n<p class=\"article-modification\">Derni\u00e8re modification : 14\/09\/2025 15:39<\/p>\n<p>                <img decoding=\"async\" src=\"https:\/\/www.europesays.com\/fr\/wp-content\/uploads\/2025\/05\/M-nuit-chaussees-enrobe-hommes.jpg\" alt=\"A61 sortie Bram N\u00b022 ferm\u00e9e direction Montpellier\"\/><\/p>\n<p>                                                    0:17\n                                            <\/p>\n<p class=\"legende\">Travailleurs appliquant un nouvel enrob\u00e9 sur la chauss\u00e9e de nuit<\/p>\n<p>                            \u00a9 VINCI Autoroutes                        <\/p>\n<p>\n        Vous pouvez sortir \u00e0 Castelnaudary N\u00b021.    <\/p>\n<p>            Pour approfondir le sujet<\/p>\n<p>        Partager cet article<\/p>\n","protected":false},"excerpt":{"rendered":"Accueil Actu trafic Travaux Au sud-est de Toulouse, les nuits du mardi 16 au jeudi 18 septembre, \u00e0&hellip;\n","protected":false},"author":2,"featured_media":75453,"comment_status":"","ping_status":"","sticky":false,"template":"","format":"standard","meta":{"footnotes":""},"categories":[9599],"tags":[1111,11,52260,13635,1777,674,4069,1011,27,9272,9778,2208,12,35025,2680,25,3686,2968,2312],"class_list":{"0":"post-390398","1":"post","2":"type-post","3":"status-publish","4":"format-standard","5":"has-post-thumbnail","7":"category-montpellier","8":"tag-actu","9":"tag-actualites","10":"tag-bram","11":"tag-direction","12":"tag-eu","13":"tag-europe","14":"tag-fermee","15":"tag-fr","16":"tag-france","17":"tag-jeudi","18":"tag-mardi","19":"tag-montpellier","20":"tag-news","21":"tag-nuits","22":"tag-occitanie","23":"tag-republique-francaise","24":"tag-sortie","25":"tag-sud-est","26":"tag-toulouse"},"share_on_mastodon":{"url":"https:\/\/pubeurope.com\/@fr\/115203090938762241","error":""},"_links":{"self":[{"href":"https:\/\/www.europesays.com\/fr\/wp-json\/wp\/v2\/posts\/390398","targetHints":{"allow":["GET"]}}],"collection":[{"href":"https:\/\/www.europesays.com\/fr\/wp-json\/wp\/v2\/posts"}],"about":[{"href":"https:\/\/www.europesays.com\/fr\/wp-json\/wp\/v2\/types\/post"}],"author":[{"embeddable":true,"href":"https:\/\/www.europesays.com\/fr\/wp-json\/wp\/v2\/users\/2"}],"replies":[{"embeddable":true,"href":"https:\/\/www.europesays.com\/fr\/wp-json\/wp\/v2\/comments?post=390398"}],"version-history":[{"count":0,"href":"https:\/\/www.europesays.com\/fr\/wp-json\/wp\/v2\/posts\/390398\/revisions"}],"wp:featuredmedia":[{"embeddable":true,"href":"https:\/\/www.europesays.com\/fr\/wp-json\/wp\/v2\/media\/75453"}],"wp:attachment":[{"href":"https:\/\/www.europesays.com\/fr\/wp-json\/wp\/v2\/media?parent=390398"}],"wp:term":[{"taxonomy":"category","embeddable":true,"href":"https:\/\/www.europesays.com\/fr\/wp-json\/wp\/v2\/categories?post=390398"},{"taxonomy":"post_tag","embeddable":true,"href":"https:\/\/www.europesays.com\/fr\/wp-json\/wp\/v2\/tags?post=390398"}],"curies":[{"name":"wp","href":"https:\/\/api.w.org\/{rel}","templated":true}]}}