{"id":390403,"date":"2025-09-14T14:27:21","date_gmt":"2025-09-14T14:27:21","guid":{"rendered":"https:\/\/www.europesays.com\/fr\/390403\/"},"modified":"2025-09-14T14:27:21","modified_gmt":"2025-09-14T14:27:21","slug":"entre-rennes-et-lol-des-rotations-opposees","status":"publish","type":"post","link":"https:\/\/www.europesays.com\/fr\/390403\/","title":{"rendered":"Entre Rennes et l\u2019OL, des rotations oppos\u00e9es"},"content":{"rendered":"<p>                            <img width=\"770\" height=\"433\" src=\"https:\/\/www.europesays.com\/fr\/wp-content\/uploads\/2025\/09\/AFP__20250823__72B72F7__v1__HighRes__FblFraLigue1LyonMetz-770x433.jpg\" class=\"attachment-article size-article wp-post-image\" alt=\"La joie des joueurs de l'OL contre Metz\" decoding=\"async\" fetchpriority=\"high\"  \/><\/p>\n<p>La joie des joueurs de l\u2019OL contre Metz (Photo by ARNAUD FINISTRE \/ AFP)<\/p>\n<p>Ce dimanche soir, l\u2019OL se d\u00e9place \u00e0 Rennes pour la cl\u00f4ture de la 4e journ\u00e9e de Ligue 1. S\u2019il peut compter sur les renforts de Martin Satriano et Rachid Ghezzal, Paulo Fonseca se retrouve assez limit\u00e9 dans ses choix de rotation.<\/p>\n<p>Au moment d\u2019attendre la composition de l\u2019<strong>OL<\/strong>, la question que tout le monde se pose reste de savoir si Paulo\u00a0<strong>Fonseca\u00a0<\/strong>continuera<a href=\"https:\/\/www.olympique-et-lyonnais.com\/tolisso-abner-merah-parole-a-la-continuite-pour-lol-a-rennes,379801.html\" target=\"_blank\" rel=\"noopener\">\u00a0de jouer sans avant-centre<\/a>\u00a0ou si le recrutement de Martin\u00a0<strong>Satriano<\/strong>\u00a0poussera \u00e0 un sch\u00e9ma plus classique dans le 4-3-3 des derniers mois ? C\u2019est la plus grosse interrogation et si le Portugais se dit satisfait du recrutement estival, on ne peut fermer les yeux sur des choix assez limit\u00e9s, que ce soit pour commencer le match ou au moment de faire des ajustements. Le p\u00e9pin physique de Moussa\u00a0<strong>Niakhat\u00e9<\/strong>\u00a0durant la tr\u00eave internationale avait d\u2019ailleurs mis en lumi\u00e8re\u00a0<a href=\"https:\/\/www.olympique-et-lyonnais.com\/avant-rennes-ol-la-blessure-de-niakhate-rappelle-les-manques-defensifs,379467.html\" target=\"_blank\" rel=\"noopener\">les options limit\u00e9es<\/a>\u00a0en d\u00e9fense centrale pour remplacer le S\u00e9n\u00e9galais. Alors, voir l\u2019<strong>OL<\/strong>\u00a0comme l\u2019\u00e9quipe qui a utilis\u00e9 le moins de joueurs en d\u00e9but de saison n\u2019a rien de surprenant.<\/p>\n<p>22 joueurs utilis\u00e9s par Beye<\/p>\n<p>Sur les trois premiers matchs de Ligue 1, Paulo\u00a0<strong>Fonseca<\/strong>\u00a0a accord\u00e9 sa confiance \u00e0 17 joueurs, dont certains ont fait leur d\u00e9but dans l\u2019\u00e9lite comme Khalis\u00a0<strong>Merah<\/strong>. Sur tous ces \u00e9l\u00e9ments utilis\u00e9s, certains ont d\u2019ailleurs d\u00e9j\u00e0 mis les voiles, comme Sa\u00ebl\u00a0<strong>Kumbedi<\/strong>\u00a0ou Georges\u00a0<strong>Mikautadze<\/strong>. \u00c0 contrario, l\u2019adversaire lyonnais du soir est plut\u00f4t du genre \u00e0 s\u2019appuyer sur un groupe \u00e9largi. Sur les 270 minutes disput\u00e9es depuis la mi-ao\u00fbt, Habib\u00a0<strong>Beye<\/strong>\u00a0a fait appel \u00e0 22 joueurs, la faute notamment aux trois rouges re\u00e7us sur les deux premiers matchs. Le Stade Rennais est le club qui a consomm\u00e9 le plus d\u2019\u00e9l\u00e9ments aux c\u00f4t\u00e9s du\u00a0<strong>Paris FC<\/strong>. Avec tr\u00e8s certainement la premi\u00e8re de Breel\u00a0<strong>Embolo<\/strong>\u00a0ce dimanche, ce chiffre devrait montrer d\u2019une unit\u00e9.<\/p>\n<p>\t\t\t\t\t<a href=\"https:\/\/www.olympique-et-lyonnais.com\/anthony-lopes-ex-ol-atteint-la-barre-des-400-matchs-en-ligue-1,379807.html\" title=\"Anthony Lopes (ex-OL) atteint la barre des 400 matchs en Ligue 1\" target=\"_blank\" rel=\"noopener\"><img loading=\"lazy\" width=\"580\" height=\"326\" src=\"https:\/\/www.europesays.com\/fr\/wp-content\/uploads\/2025\/09\/AFP__20250126__36W648V__v1__HighRes__FblFraLigue1NantesLyon-580x326.jpg\" class=\"attachment-actularge size-actularge wp-post-image\" alt=\"Anthony Lopes (Nantes) \u00e0 la parade contre l'OL\" decoding=\"async\"  \/>\t\t\t\t\t<\/a><\/p>\n","protected":false},"excerpt":{"rendered":"La joie des joueurs de l\u2019OL contre Metz (Photo by ARNAUD FINISTRE \/ AFP) Ce dimanche soir, l\u2019OL&hellip;\n","protected":false},"author":2,"featured_media":390404,"comment_status":"","ping_status":"","sticky":false,"template":"","format":"standard","meta":{"footnotes":""},"categories":[2821],"tags":[1111,11,829,1777,674,1011,27,66,12,241,978,584,25],"class_list":{"0":"post-390403","1":"post","2":"type-post","3":"status-publish","4":"format-standard","5":"has-post-thumbnail","7":"category-rennes","8":"tag-actu","9":"tag-actualites","10":"tag-bretagne","11":"tag-eu","12":"tag-europe","13":"tag-fr","14":"tag-france","15":"tag-ligue-1","16":"tag-news","17":"tag-ol","18":"tag-olympique-lyonnais","19":"tag-rennes","20":"tag-republique-francaise"},"share_on_mastodon":{"url":"https:\/\/pubeurope.com\/@fr\/115203122501760022","error":""},"_links":{"self":[{"href":"https:\/\/www.europesays.com\/fr\/wp-json\/wp\/v2\/posts\/390403","targetHints":{"allow":["GET"]}}],"collection":[{"href":"https:\/\/www.europesays.com\/fr\/wp-json\/wp\/v2\/posts"}],"about":[{"href":"https:\/\/www.europesays.com\/fr\/wp-json\/wp\/v2\/types\/post"}],"author":[{"embeddable":true,"href":"https:\/\/www.europesays.com\/fr\/wp-json\/wp\/v2\/users\/2"}],"replies":[{"embeddable":true,"href":"https:\/\/www.europesays.com\/fr\/wp-json\/wp\/v2\/comments?post=390403"}],"version-history":[{"count":0,"href":"https:\/\/www.europesays.com\/fr\/wp-json\/wp\/v2\/posts\/390403\/revisions"}],"wp:featuredmedia":[{"embeddable":true,"href":"https:\/\/www.europesays.com\/fr\/wp-json\/wp\/v2\/media\/390404"}],"wp:attachment":[{"href":"https:\/\/www.europesays.com\/fr\/wp-json\/wp\/v2\/media?parent=390403"}],"wp:term":[{"taxonomy":"category","embeddable":true,"href":"https:\/\/www.europesays.com\/fr\/wp-json\/wp\/v2\/categories?post=390403"},{"taxonomy":"post_tag","embeddable":true,"href":"https:\/\/www.europesays.com\/fr\/wp-json\/wp\/v2\/tags?post=390403"}],"curies":[{"name":"wp","href":"https:\/\/api.w.org\/{rel}","templated":true}]}}