{"id":390419,"date":"2025-09-14T14:35:16","date_gmt":"2025-09-14T14:35:16","guid":{"rendered":"https:\/\/www.europesays.com\/fr\/390419\/"},"modified":"2025-09-14T14:35:16","modified_gmt":"2025-09-14T14:35:16","slug":"trains-supprimes-retards-massifs-un-feu-de-cable-paralyse-la-ligne-bordeaux-toulouse","status":"publish","type":"post","link":"https:\/\/www.europesays.com\/fr\/390419\/","title":{"rendered":"trains supprim\u00e9s, retards massifs\u2026 un feu de c\u00e2ble paralyse la ligne Bordeaux-Toulouse"},"content":{"rendered":"<p class=\"article-p mdl\">Les voyageurs empruntant la ligne ferroviaire entre Bordeaux et Toulouse ont d\u00fb faire face \u00e0 de fortes perturbations, ce dimanche 14 septembre. En cause : <strong>un incendie survenu \u00e0 proximit\u00e9 des voies<\/strong>. La SNCF recommande de reporter tout d\u00e9placement pr\u00e9vu sur cet axe, tr\u00e8s impact\u00e9 jusqu&rsquo;en soir\u00e9e.<\/p>\n<p class=\"article-p mdl\">Selon\u00a0<a class=\"link\" href=\"https:\/\/france3-regions.franceinfo.fr\/nouvelle-aquitaine\/gironde\/bordeaux\/on-protege-le-site-et-on-evite-la-propagation-feu-de-cable-sncf-la-circulation-des-trains-coupee-au-sud-de-bordeaux-3216497.html\" target=\"_blank\" rel=\"nofollow noopener\">France 3<\/a>, l\u2019alerte a \u00e9t\u00e9 donn\u00e9e t\u00f4t dans la matin\u00e9e, vers 8h30, lorsque les pompiers sont intervenus pour ma\u00eetriser un feu de c\u00e2bles \u00e9lectriques au sol \u00e0 Villenave-d&rsquo;Ornon, en p\u00e9riph\u00e9rie sud de Bordeaux. \u00c0 leur arriv\u00e9e, <strong>les flammes s\u2019\u00e9tendaient sur une vingtaine de m\u00e8tres<\/strong>. L&rsquo;incendie a pu \u00eatre \u00e9teint en milieu de journ\u00e9e, mais les cons\u00e9quences sur\u00a0<a class=\"link\" href=\"https:\/\/www.rtl.fr\/actu\/debats-societe\/greves-des-10-et-18-septembre-sncf-ratp-air-france-les-previsions-dans-les-transports-7900537291\" target=\"_blank\" rel=\"nofollow noopener\">la circulation ferroviaire<\/a>\u00a0ont \u00e9t\u00e9 imm\u00e9diates.<\/p>\n<p class=\"article-p mdl\">Dans un communiqu\u00e9, la SNCF indique que plusieurs trains ont d\u00fb \u00eatre annul\u00e9s entre les deux capitales r\u00e9gionales, tandis que d&rsquo;autres ont \u00e9t\u00e9 d\u00e9tourn\u00e9s via un itin\u00e9raire alternatif par Dax et Tarbes, <strong>engendrant d&rsquo;importants retards<\/strong>. \u00c0 ce stade, la compagnie ne pr\u00e9cise pas le nombre exact de trains touch\u00e9s.<\/p>\n<p class=\"article-p mdl\">Les circonstances pr\u00e9cises de l\u2019incendie ne sont pas encore connues. Toutefois, la nature du sinistre \u2013 un feu de c\u00e2bles d\u2019alimentation \u00e9lectrique \u2013 <strong>laisse supposer un incident technique, voire malveillant<\/strong>, sans qu\u2019aucune hypoth\u00e8se ne soit encore confirm\u00e9e. En attendant\u00a0<a class=\"link\" href=\"https:\/\/www.rtl.fr\/actu\/debats-societe\/un-chat-sous-le-tgv-la-sncf-retardera-desormais-le-depart-de-20-minutes-maximum-7900506111\" target=\"_blank\" rel=\"nofollow noopener\">le r\u00e9tablissement complet du trafic<\/a>, pr\u00e9vu en fin de journ\u00e9e, la SNCF propose aux usagers des <strong>possibilit\u00e9s de remboursement <\/strong>et invite fortement \u00e0 diff\u00e9rer les voyages sur cette ligne tr\u00e8s fr\u00e9quent\u00e9e du Sud-Ouest.<\/p>\n<p>    La r\u00e9daction vous recommande<\/p>\n<p class=\"s-newsletter__title\">\n                L\u2019actualit\u00e9 par la r\u00e9daction de RTL dans votre bo\u00eete mail.\n            <\/p>\n<p class=\"s-newsletter__subtitle\">\n                Gr\u00e2ce \u00e0 votre compte RTL abonnez-vous \u00e0 la newsletter RTL info pour suivre toute l&rsquo;actualit\u00e9 au quotidien\n            <\/p>\n<p>\n                                    Lire la suite\n                                <\/p>\n","protected":false},"excerpt":{"rendered":"Les voyageurs empruntant la ligne ferroviaire entre Bordeaux et Toulouse ont d\u00fb faire face \u00e0 de fortes perturbations,&hellip;\n","protected":false},"author":2,"featured_media":390420,"comment_status":"","ping_status":"","sticky":false,"template":"","format":"standard","meta":{"footnotes":""},"categories":[2817],"tags":[119,1111,11,1997,1777,674,107,1011,27,12,2219,25,14729,2215,2312,5811],"class_list":{"0":"post-390419","1":"post","2":"type-post","3":"status-publish","4":"format-standard","5":"has-post-thumbnail","7":"category-bordeaux","8":"tag-accident","9":"tag-actu","10":"tag-actualites","11":"tag-bordeaux","12":"tag-eu","13":"tag-europe","14":"tag-fil-info","15":"tag-fr","16":"tag-france","17":"tag-news","18":"tag-nouvelle-aquitaine","19":"tag-republique-francaise","20":"tag-retards","21":"tag-sncf","22":"tag-toulouse","23":"tag-trains"},"share_on_mastodon":{"url":"https:\/\/pubeurope.com\/@fr\/115203153871136347","error":""},"_links":{"self":[{"href":"https:\/\/www.europesays.com\/fr\/wp-json\/wp\/v2\/posts\/390419","targetHints":{"allow":["GET"]}}],"collection":[{"href":"https:\/\/www.europesays.com\/fr\/wp-json\/wp\/v2\/posts"}],"about":[{"href":"https:\/\/www.europesays.com\/fr\/wp-json\/wp\/v2\/types\/post"}],"author":[{"embeddable":true,"href":"https:\/\/www.europesays.com\/fr\/wp-json\/wp\/v2\/users\/2"}],"replies":[{"embeddable":true,"href":"https:\/\/www.europesays.com\/fr\/wp-json\/wp\/v2\/comments?post=390419"}],"version-history":[{"count":0,"href":"https:\/\/www.europesays.com\/fr\/wp-json\/wp\/v2\/posts\/390419\/revisions"}],"wp:featuredmedia":[{"embeddable":true,"href":"https:\/\/www.europesays.com\/fr\/wp-json\/wp\/v2\/media\/390420"}],"wp:attachment":[{"href":"https:\/\/www.europesays.com\/fr\/wp-json\/wp\/v2\/media?parent=390419"}],"wp:term":[{"taxonomy":"category","embeddable":true,"href":"https:\/\/www.europesays.com\/fr\/wp-json\/wp\/v2\/categories?post=390419"},{"taxonomy":"post_tag","embeddable":true,"href":"https:\/\/www.europesays.com\/fr\/wp-json\/wp\/v2\/tags?post=390419"}],"curies":[{"name":"wp","href":"https:\/\/api.w.org\/{rel}","templated":true}]}}