{"id":390442,"date":"2025-09-14T14:47:13","date_gmt":"2025-09-14T14:47:13","guid":{"rendered":"https:\/\/www.europesays.com\/fr\/390442\/"},"modified":"2025-09-14T14:47:13","modified_gmt":"2025-09-14T14:47:13","slug":"la-voie-de-convoiturage-a-paris-est-un-fiasco-les-conducteurs-lempruntent-seuls-et-se-fichent-des-radars","status":"publish","type":"post","link":"https:\/\/www.europesays.com\/fr\/390442\/","title":{"rendered":"La voie de convoiturage \u00e0 Paris est un fiasco, les conducteurs l&#8217;empruntent seuls et se fichent des radars"},"content":{"rendered":"<p class=\"ed__a-p ed__bdy__l\">Les Jeux olympiques de Paris 2024 ont \u00e9t\u00e9 l&rsquo;occasion de miser sur une mobilit\u00e9 repens\u00e9e. La voie de covoiturage a donc \u00e9t\u00e9 pens\u00e9e pour que les d\u00e9placements des Franciliens ne se fassent pas au milieu d&rsquo;un nuage de pollution. La pr\u00e9fecture explique que ce syst\u00e8me a permis de r\u00e9duire les bouchons de 11 %, soit moins de pollution mais aussi moins d&rsquo;accidents. Sauf que ces chiffres officiels masquent une r\u00e9alit\u00e9 peu reluisante.<\/p>\n<p>            Publicit\u00e9, votre contenu continue ci-dessous<\/p>\n<p>        Publicit\u00e9<\/p>\n<p>Fiasco total pour la voie de covoiturage \u00e0 Pari<\/p>\n<p class=\"ed__a-p ed__bdy__l\">La majorit\u00e9 des automobilistes ignore tout simplement cette voie de covoiturage et roule seul au volant. Pourtant, Paris a d\u00e9ploy\u00e9 des radars infrarouges pour rep\u00e9rer un vrai passager et non un mannequin ou un objet pos\u00e9 sur le si\u00e8ge passager. Sauf que cette technologie de pointe n&rsquo;intimide pas les contrevenants malgr\u00e9 366 contraventions qui tombent tous les jours et plus de 25 000 verbalisations exp\u00e9di\u00e9es depuis mai.<\/p>\n<p class=\"ed__a-p ed__bdy__l\">Le Parisien nous r\u00e9v\u00e8le l&rsquo;ampleur du ph\u00e9nom\u00e8ne puisque plus de 50 % des v\u00e9hicules qui circulent sur la voie de covoiturage transportent une seule personne. C&rsquo;est m\u00eame un v\u00e9hicule sur deux \u00e0 la Porte de Vincennes, \u00e0 la Porte d&rsquo;Aubervilliers ou \u00e0 la Porte d&rsquo;Asni\u00e8res. Les deux-roues motoris\u00e9s empruntent aussi massivement cette voie de gauche malgr\u00e9 une interdiction totale.<\/p>\n<p class=\"ed__a-p ed__bdy__l\">L&rsquo;affluence n&rsquo;arrange pas les choses. Quand les embouteillages se forment, pr\u00e8s de 60 % des utilisateurs de la voie de covoiturage roulent seuls. Ils tentent de s&rsquo;\u00e9chapper du bouchon par tous les moyens possibles dont celui-ci.<\/p>\n<p>Les automobilistes se r\u00e9voltent contre la mairie<\/p>\n<p class=\"ed__a-p ed__bdy__l\">L&rsquo;association 40 Millions d&rsquo;Automobilistes d\u00e9nonce cette politique. Pierre Chasseray, son d\u00e9l\u00e9gu\u00e9 g\u00e9n\u00e9ral, estime qu&rsquo;il s&rsquo;agit d&rsquo;un dispositif de \u00ab\u00a0punition \u00e0 grande \u00e9chelle\u00a0\u00bb qui \u00ab\u00a0sanctionne les citoyens ordinaires pour une infraction qui ne met en danger absolument personne.\u00a0\u00bb<\/p>\n<p class=\"ed__a-p ed__bdy__l\">Philippe Nozi\u00e8re, pr\u00e9sident de l&rsquo;association, critique les promesses non tenues : \u00ab\u00a0On nous avait promis que cette mesure allait changer les comportements et fluidifier le trafic. Quatre mois plus tard, les automobilistes continuent d&#8217;emprunter cette voie parce qu&rsquo;ils n&rsquo;ont pas d&rsquo;alternative.\u00a0\u00bb<\/p>\n<p class=\"ed__a-p ed__bdy__l\">D\u00e9sormais, une p\u00e9tition est en ligne appel\u00e9e \u00ab\u00a0Automobilistes \u00e0 Paris, la peine capitale\u00a0\u00bb et demande l&rsquo;abandon de la voie de covoiturage. L&rsquo;exasp\u00e9ration est donc grandissante chez les automobilistes qui estiment qu&rsquo;il s&rsquo;agit d&rsquo;un dispositif inefficace et injuste.<\/p>\n<p class=\"ed__a-p ed__bdy__l\">Pourtant, la mairie parisienne fait de la r\u00e9sistance. David Belliard, adjoint charg\u00e9 des d\u00e9placements, persiste : \u00ab\u00a0Les chiffres que nous avons recueillis montrent que tous les voyants sont au vert pour p\u00e9renniser cette voie de covoiturage\u00a0\u00bb. Pourtant, la r\u00e9alit\u00e9 du terrain est diff\u00e9rente selon Le Parisien.<\/p>\n<p>            Publicit\u00e9, votre contenu continue ci-dessous<\/p>\n<p>        Publicit\u00e9<\/p>\n","protected":false},"excerpt":{"rendered":"Les Jeux olympiques de Paris 2024 ont \u00e9t\u00e9 l&rsquo;occasion de miser sur une mobilit\u00e9 repens\u00e9e. La voie de&hellip;\n","protected":false},"author":2,"featured_media":390443,"comment_status":"","ping_status":"","sticky":false,"template":"","format":"standard","meta":{"footnotes":""},"categories":[1888],"tags":[1111,1928,11,1927,1777,674,1011,27,12,1926,626,1925,25],"class_list":{"0":"post-390442","1":"post","2":"type-post","3":"status-publish","4":"format-standard","5":"has-post-thumbnail","7":"category-paris","8":"tag-actu","9":"tag-actu-paris","10":"tag-actualites","11":"tag-actualites-paris","12":"tag-eu","13":"tag-europe","14":"tag-fr","15":"tag-france","16":"tag-news","17":"tag-news-paris","18":"tag-paris","19":"tag-paris-news","20":"tag-republique-francaise"},"share_on_mastodon":{"url":"https:\/\/pubeurope.com\/@fr\/115203201133964455","error":""},"_links":{"self":[{"href":"https:\/\/www.europesays.com\/fr\/wp-json\/wp\/v2\/posts\/390442","targetHints":{"allow":["GET"]}}],"collection":[{"href":"https:\/\/www.europesays.com\/fr\/wp-json\/wp\/v2\/posts"}],"about":[{"href":"https:\/\/www.europesays.com\/fr\/wp-json\/wp\/v2\/types\/post"}],"author":[{"embeddable":true,"href":"https:\/\/www.europesays.com\/fr\/wp-json\/wp\/v2\/users\/2"}],"replies":[{"embeddable":true,"href":"https:\/\/www.europesays.com\/fr\/wp-json\/wp\/v2\/comments?post=390442"}],"version-history":[{"count":0,"href":"https:\/\/www.europesays.com\/fr\/wp-json\/wp\/v2\/posts\/390442\/revisions"}],"wp:featuredmedia":[{"embeddable":true,"href":"https:\/\/www.europesays.com\/fr\/wp-json\/wp\/v2\/media\/390443"}],"wp:attachment":[{"href":"https:\/\/www.europesays.com\/fr\/wp-json\/wp\/v2\/media?parent=390442"}],"wp:term":[{"taxonomy":"category","embeddable":true,"href":"https:\/\/www.europesays.com\/fr\/wp-json\/wp\/v2\/categories?post=390442"},{"taxonomy":"post_tag","embeddable":true,"href":"https:\/\/www.europesays.com\/fr\/wp-json\/wp\/v2\/tags?post=390442"}],"curies":[{"name":"wp","href":"https:\/\/api.w.org\/{rel}","templated":true}]}}