{"id":390444,"date":"2025-09-14T14:48:15","date_gmt":"2025-09-14T14:48:15","guid":{"rendered":"https:\/\/www.europesays.com\/fr\/390444\/"},"modified":"2025-09-14T14:48:15","modified_gmt":"2025-09-14T14:48:15","slug":"les-ecologistes-et-lfi-souhaitent-le-depart-de-sebastien-lecornu-et-ne-negocieront-pas-avec-lui","status":"publish","type":"post","link":"https:\/\/www.europesays.com\/fr\/390444\/","title":{"rendered":"Les \u00c9cologistes et LFI souhaitent le d\u00e9part de S\u00e9bastien Lecornu et ne n\u00e9gocieront pas avec lui"},"content":{"rendered":"<p>Pour les \u00c9cologistes, c\u2019est non\u00a0: \u00ab\u00a0Nous ne souhaitons pas, nous \u00c9cologistes, que Monsieur Lecornu reste premier ministre. Nous trouvons qu\u2019il n\u2019a rien \u00e0 faire l\u00e0\u00a0\u00bb, a affirm\u00e9 Marine Tondelier, dimanche 14\u00a0septembre <a target=\"_self\" href=\"https:\/\/www.publicsenat.fr\/emission\/le-grand-jury-rtl-le-figaro\/linvitee-du-grand-jury-marine-tondelier-e3\" rel=\"nofollow noopener\">dans l\u2019\u00e9mission <\/a><a target=\"_self\" href=\"https:\/\/www.publicsenat.fr\/emission\/le-grand-jury-rtl-le-figaro\/linvitee-du-grand-jury-marine-tondelier-e3\" rel=\"nofollow noopener\">Le Grand Jury RTL\/Public S\u00e9nat\/Le Figaro\/M6<\/a>, rappelant que, selon elle, Emmanuel Macron aurait d\u00fb appeler une personnalit\u00e9 de gauche pour diriger le gouvernement, la gauche \u00e9tant arriv\u00e9e en t\u00eate des \u00e9lections l\u00e9gislatives anticip\u00e9es de 2024.<\/p>\n<p>Pour cette raison, la cheffe des \u00c9cologistes a indiqu\u00e9 qu\u2019elle n\u2019avait pas l\u2019intention d&rsquo;\u00ab\u00a0engager des n\u00e9gociations\u00a0\u00bb avec le premier ministre, m\u00eame si elle ira le rencontrer \u00e0 Matignon. \u00ab\u00a0S\u2019il reste premier ministre, on fera un travail parlementaire normal\u00a0\u00bb, a-t-elle toutefois pr\u00e9cis\u00e9.<\/p>\n<p>Marine Tondelier a \u00e9galement affirm\u00e9 qu\u2019aucun \u00e9cologiste ne si\u00e9gerait au gouvernement de S\u00e9bastien Lecornu. \u00ab\u00a0Aucun suspense\u00a0\u00bb, a-t-elle affirm\u00e9, r\u00e9pondant aux sp\u00e9culations sur l\u2019entr\u00e9e \u00e9ventuelle de personnalit\u00e9s telles que le s\u00e9nateur Yannick Jadot dans l\u2019\u00e9quipe du premier ministre.<\/p>\n<p>LFI juge Lecornu \u00ab\u00a0ill\u00e9gitime\u00a0\u00bb<\/p>\n<p>Pour sa part, le coordinateur de LFI, Manuel Bompard, <a target=\"_self\" href=\"https:\/\/www.bfmtv.com\/politique\/la-france-insoumise\/manuel-bompard-estime-que-sebastien-lecornu-est-illegitime-comme-premier-ministre-et-demande-un-vote-de-confiance_AV-202509140218.html\" rel=\"nofollow noopener\">a qualifi\u00e9 sur <\/a><a target=\"_self\" href=\"https:\/\/www.bfmtv.com\/politique\/la-france-insoumise\/manuel-bompard-estime-que-sebastien-lecornu-est-illegitime-comme-premier-ministre-et-demande-un-vote-de-confiance_AV-202509140218.html\" rel=\"nofollow noopener\">BFMTV<\/a> le nouveau premier ministre d&rsquo;\u00ab\u00a0ill\u00e9gitime\u00a0\u00bb, consid\u00e9rant que sa nomination \u00e9tait \u00ab\u00a0un d\u00e9ni de d\u00e9mocratie\u00a0\u00bb. Interrog\u00e9 sur les d\u00e9clarations de S\u00e9bastien Lecornu, qui d\u00e9crit la France insoumise comme le parti du \u00ab\u00a0d\u00e9sordre\u00a0\u00bb et ne l\u2019a pas invit\u00e9e aux discussions qu\u2019il entend mener \u00e0 Matignon, Manuel Bompard a assur\u00e9 qu\u2019il n\u2019avait de toute fa\u00e7on pas \u00ab\u00a0l\u2019intention d\u2019aller n\u00e9gocier avec lui\u00a0\u00bb.<\/p>\n<p>Il a r\u00e9it\u00e9r\u00e9 sa demande que le chef du gouvernement se soumette \u00e0 un vote de confiance. \u00ab\u00a0Si Monsieur Lecornu ne veut pas faire de vote de confiance, eh bien, avec mes coll\u00e8gues parlementaires, nous d\u00e9poserons une motion de censure\u00a0\u00bb, a-t-il expliqu\u00e9.<\/p>\n","protected":false},"excerpt":{"rendered":"Pour les \u00c9cologistes, c\u2019est non\u00a0: \u00ab\u00a0Nous ne souhaitons pas, nous \u00c9cologistes, que Monsieur Lecornu reste premier ministre. Nous&hellip;\n","protected":false},"author":2,"featured_media":390445,"comment_status":"","ping_status":"","sticky":false,"template":"","format":"standard","meta":{"footnotes":""},"categories":[1888],"tags":[328,11,1777,674,1011,27,329,12,626,316,25],"class_list":{"0":"post-390444","1":"post","2":"type-post","3":"status-publish","4":"format-standard","5":"has-post-thumbnail","7":"category-paris","8":"tag-a-la-une","9":"tag-actualites","10":"tag-eu","11":"tag-europe","12":"tag-fr","13":"tag-france","14":"tag-france-monde","15":"tag-news","16":"tag-paris","17":"tag-politique","18":"tag-republique-francaise"},"share_on_mastodon":{"url":"https:\/\/pubeurope.com\/@fr\/115203205154648410","error":""},"_links":{"self":[{"href":"https:\/\/www.europesays.com\/fr\/wp-json\/wp\/v2\/posts\/390444","targetHints":{"allow":["GET"]}}],"collection":[{"href":"https:\/\/www.europesays.com\/fr\/wp-json\/wp\/v2\/posts"}],"about":[{"href":"https:\/\/www.europesays.com\/fr\/wp-json\/wp\/v2\/types\/post"}],"author":[{"embeddable":true,"href":"https:\/\/www.europesays.com\/fr\/wp-json\/wp\/v2\/users\/2"}],"replies":[{"embeddable":true,"href":"https:\/\/www.europesays.com\/fr\/wp-json\/wp\/v2\/comments?post=390444"}],"version-history":[{"count":0,"href":"https:\/\/www.europesays.com\/fr\/wp-json\/wp\/v2\/posts\/390444\/revisions"}],"wp:featuredmedia":[{"embeddable":true,"href":"https:\/\/www.europesays.com\/fr\/wp-json\/wp\/v2\/media\/390445"}],"wp:attachment":[{"href":"https:\/\/www.europesays.com\/fr\/wp-json\/wp\/v2\/media?parent=390444"}],"wp:term":[{"taxonomy":"category","embeddable":true,"href":"https:\/\/www.europesays.com\/fr\/wp-json\/wp\/v2\/categories?post=390444"},{"taxonomy":"post_tag","embeddable":true,"href":"https:\/\/www.europesays.com\/fr\/wp-json\/wp\/v2\/tags?post=390444"}],"curies":[{"name":"wp","href":"https:\/\/api.w.org\/{rel}","templated":true}]}}